{"id":28442,"date":"2021-09-01T10:11:02","date_gmt":"2021-09-01T08:11:02","guid":{"rendered":"https:\/\/www.beauville.com\/?p=28442"},"modified":"2025-05-22T09:18:07","modified_gmt":"2025-05-22T07:18:07","slug":"unsere-neue-herbst-winter-2021-kollektion","status":"publish","type":"post","link":"https:\/\/www.beauville.com\/de\/blog\/unsere-neue-herbst-winter-2021-kollektion\/","title":{"rendered":"Unsere neue Herbst\/Winter 2021 Kollektion"},"content":{"rendered":"<h2 style=\"text-align: center;\"><b>UNSERE NEUE HERBST\/WINTER 2021 KOLLEKTION<\/b><img decoding=\"async\" src=\"https:\/\/www.beauville.com\/wp-inside\/uploads\/2021\/09\/7-1.jpg\" class=\"aligncenter\" \/><\/h2>\n<h4 style=\"text-align: center;\"><b>Die Urspr\u00fcnge der Sammlung :<\/b><\/h4>\n<p style=\"text-align: center;\"><span style=\"font-weight: 400;\">Unsere Kollektionen haben schon immer die Kombination von Know-how und Handwerkskunst gefeiert. Inspiriert von den Horizonten von hier und anderswo, sind unsere Kollektionen mit einem freien Geist und einer lebendigen Handschrift gestaltet, wobei die Farbe unerm\u00fcdlich dem Ausdruck und der Emotion dient. Beauvill\u00e9 entwickelt und fertigt seine Produkte ausschlie\u00dflich an seinem els\u00e4ssischen Standort in der Manufacture d&#8217;Impression sur \u00c9toffes. Mit Blick auf die Au\u00dfenwelt wird jede Kreation durch die Spuren der Vergangenheit bereichert, um die Stoffe von morgen grenzenlos neu zu erfinden.<\/span><\/p>\n<p style=\"text-align: center;\"><img decoding=\"async\" src=\"https:\/\/www.beauville.com\/wp-inside\/uploads\/2021\/08\/les-saisons-sont-ce-quune-symphonie-devrait-etre-un-subtil-et-harmonieux-melange-daccords-et-de-notes.-5.jpg\" class=\"aligncenter\" \/><\/p>\n<h4 style=\"text-align: center;\"><b>Chambord, die Wiedergeburt einer wesentlichen Sch\u00f6pfung:<\/b><\/h4>\n<p style=\"text-align: center;\"><span style=\"font-weight: 400;\">Die Tischdecke Chambord, die nach dem Vorbild einer der franz\u00f6sischen Kultur so wichtigen Lebensart komponiert wurde, ist in einer rubinroten Farbe neu erfunden, deren Intensit\u00e4t die Tiefe und Komplexit\u00e4t ihrer grafischen Komposition offenbart. Dieses kr\u00e4ftige Rot l\u00e4sst das Tischtuch Chambord in einem ganz neuen Licht erscheinen. Chambord ist ein Ideal, in dem sich Innovation und Architektur treffen, und symbolisiert die Verbindung von klassischem Design und moderner Farbgebung.<\/span><\/p>\n<p><img decoding=\"async\" src=\"https:\/\/www.beauville.com\/wp-inside\/uploads\/2021\/08\/les-saisons-sont-ce-quune-symphonie-devrait-etre-un-subtil-et-harmonieux-melange-daccords-et-de-notes.-3.png\" class=\"aligncenter\" \/><\/p>\n<h4 style=\"text-align: center;\"><b>Symphonie, ein Design auf der H\u00f6he der Zeit:<\/b><\/h4>\n<p style=\"text-align: center;\"><span style=\"font-weight: 400;\">Die Tischdecke Symphonie wurde mit Tusche entworfen, um den alten Techniken und der Geschichte des Siebdrucks treu zu bleiben. Sie nimmt einen besonderen Platz in unserer neuen Kollektion ein. Die in dezenten Gold- und Silberfarben erh\u00e4ltliche Tischdecke ist eine funkelnde Komposition, deren Charme in den ornamentalen Details liegt. Symphonie ist ein wahres Schmuckst\u00fcck f\u00fcr den Tisch und zeigt Lichtblitze und Uhren, die auf den ber\u00fchmten Silvestercountdown verweisen. Ein unverzichtbares St\u00fcck f\u00fcr die Feierlichkeiten zum Jahresende, das alle Ihre G\u00e4ste begeistern wird!<\/span><\/p>\n<h4 style=\"text-align: center;\"><b>Mill\u00e9sime, das franz\u00f6sische Kulturerbe entdecken<\/b><\/h4>\n<p style=\"text-align: center;\"><span style=\"font-weight: 400;\">Das Mill\u00e9sime-Geschirrtuch ehrt unser franz\u00f6sisches Kulturerbe, indem es die Welt eines Weinkellers enth\u00fcllt. Im Herzen der els\u00e4ssischen Weinberge gelegen, hat sich Beauvill\u00e9 von der Vielfalt der franz\u00f6sischen Rebsorten inspirieren lassen, um ein originelles Design zu entwerfen, das auf elegante Weise Weinst\u00f6cke und sch\u00f6ne Flaschen kombiniert.<\/span><\/p>\n<p><img decoding=\"async\" src=\"https:\/\/www.beauville.com\/wp-inside\/uploads\/2021\/08\/les-saisons-sont-ce-quune-symphonie-devrait-etre-un-subtil-et-harmonieux-melange-daccords-et-de-notes.-6.png\" class=\"aligncenter\" \/><\/p>\n<h4 style=\"text-align: center;\"><strong>Entdecken Sie unsere gesamte Herbst-\/Winterkollektion 2021 im E-Shop und entdecken Sie unsere saisonalen Essentials (wieder).<\/strong><\/h4>\n","protected":false},"excerpt":{"rendered":"<p>UNSERE NEUE HERBST\/WINTER 2021 KOLLEKTION Die Urspr\u00fcnge der Sammlung : Unsere Kollektionen haben schon immer die Kombination von Know-how und Handwerkskunst gefeiert. Inspiriert von den Horizonten von hier und anderswo, [&hellip;]<\/p>\n","protected":false},"author":2,"featured_media":28463,"comment_status":"closed","ping_status":"closed","sticky":false,"template":"","format":"standard","meta":{"_acf_changed":false,"footnotes":""},"categories":[27,50],"tags":[],"class_list":["post-28442","post","type-post","status-publish","format-standard","has-post-thumbnail","hentry","category-blog","category-nachrichten","wp-sticky"],"acf":[],"yoast_head":"<!-- This site is optimized with the Yoast SEO plugin v27.5 - https:\/\/yoast.com\/product\/yoast-seo-wordpress\/ -->\n<title>Unsere neue Herbst\/Winter 2021 Kollektion<\/title>\n<meta name=\"description\" content=\"Entdecken Sie die neue Herbst\/Winter 2021 Kollektion von Beauvill\u00e9: au\u00dfergew\u00f6hnliche Handwerkskunst, elegantes Design und zeitlose Inspiration f\u00fcr Ihren Tisch.\" \/>\n<meta name=\"robots\" content=\"index, follow, max-snippet:-1, max-image-preview:large, max-video-preview:-1\" \/>\n<link rel=\"canonical\" href=\"https:\/\/www.beauville.com\/de\/blog\/unsere-neue-herbst-winter-2021-kollektion\/\" \/>\n<meta property=\"og:locale\" content=\"de_DE\" \/>\n<meta property=\"og:type\" content=\"article\" \/>\n<meta property=\"og:title\" content=\"Unsere neue Herbst\/Winter 2021 Kollektion\" \/>\n<meta property=\"og:description\" content=\"Entdecken Sie die neue Herbst\/Winter 2021 Kollektion von Beauvill\u00e9: au\u00dfergew\u00f6hnliche Handwerkskunst, elegantes Design und zeitlose Inspiration f\u00fcr Ihren Tisch.\" \/>\n<meta property=\"og:url\" content=\"https:\/\/www.beauville.com\/de\/blog\/unsere-neue-herbst-winter-2021-kollektion\/\" \/>\n<meta property=\"og:site_name\" content=\"Beauvill\u00e9\" \/>\n<meta property=\"article:publisher\" content=\"https:\/\/www.facebook.com\/beauville.createur\" \/>\n<meta property=\"article:published_time\" content=\"2021-09-01T08:11:02+00:00\" \/>\n<meta property=\"article:modified_time\" content=\"2025-05-22T07:18:07+00:00\" \/>\n<meta property=\"og:image\" content=\"https:\/\/www.beauville.com\/wp-inside\/uploads\/2021\/09\/les-saisons-sont-ce-quune-symphonie-devrait-etre-un-subtil-et-harmonieux-melange-daccords-et-de-notes.-9.jpg\" \/>\n\t<meta property=\"og:image:width\" content=\"1080\" \/>\n\t<meta property=\"og:image:height\" content=\"1080\" \/>\n\t<meta property=\"og:image:type\" content=\"image\/jpeg\" \/>\n<meta name=\"author\" content=\"beauville-wp\" \/>\n<meta name=\"twitter:card\" content=\"summary_large_image\" \/>\n<meta name=\"twitter:label1\" content=\"Verfasst von\" \/>\n\t<meta name=\"twitter:data1\" content=\"beauville-wp\" \/>\n\t<meta name=\"twitter:label2\" content=\"Gesch\u00e4tzte Lesezeit\" \/>\n\t<meta name=\"twitter:data2\" content=\"3\u00a0Minuten\" \/>\n<script type=\"application\/ld+json\" class=\"yoast-schema-graph\">{\"@context\":\"https:\\\/\\\/schema.org\",\"@graph\":[{\"@type\":\"Article\",\"@id\":\"https:\\\/\\\/www.beauville.com\\\/de\\\/blog\\\/unsere-neue-herbst-winter-2021-kollektion\\\/#article\",\"isPartOf\":{\"@id\":\"https:\\\/\\\/www.beauville.com\\\/de\\\/blog\\\/unsere-neue-herbst-winter-2021-kollektion\\\/\"},\"author\":{\"name\":\"beauville-wp\",\"@id\":\"https:\\\/\\\/www.beauville.com\\\/de\\\/#\\\/schema\\\/person\\\/ad0fa64b93a81bc4df4f8d1fb221a594\"},\"headline\":\"Unsere neue Herbst\\\/Winter 2021 Kollektion\",\"datePublished\":\"2021-09-01T08:11:02+00:00\",\"dateModified\":\"2025-05-22T07:18:07+00:00\",\"mainEntityOfPage\":{\"@id\":\"https:\\\/\\\/www.beauville.com\\\/de\\\/blog\\\/unsere-neue-herbst-winter-2021-kollektion\\\/\"},\"wordCount\":352,\"publisher\":{\"@id\":\"https:\\\/\\\/www.beauville.com\\\/de\\\/#organization\"},\"image\":{\"@id\":\"https:\\\/\\\/www.beauville.com\\\/de\\\/blog\\\/unsere-neue-herbst-winter-2021-kollektion\\\/#primaryimage\"},\"thumbnailUrl\":\"https:\\\/\\\/www.beauville.com\\\/wp-inside\\\/uploads\\\/2021\\\/09\\\/les-saisons-sont-ce-quune-symphonie-devrait-etre-un-subtil-et-harmonieux-melange-daccords-et-de-notes.-9.jpg\",\"articleSection\":[\"Blog\",\"Nachrichten\"],\"inLanguage\":\"de\"},{\"@type\":\"WebPage\",\"@id\":\"https:\\\/\\\/www.beauville.com\\\/de\\\/blog\\\/unsere-neue-herbst-winter-2021-kollektion\\\/\",\"url\":\"https:\\\/\\\/www.beauville.com\\\/de\\\/blog\\\/unsere-neue-herbst-winter-2021-kollektion\\\/\",\"name\":\"Unsere neue Herbst\\\/Winter 2021 Kollektion\",\"isPartOf\":{\"@id\":\"https:\\\/\\\/www.beauville.com\\\/de\\\/#website\"},\"primaryImageOfPage\":{\"@id\":\"https:\\\/\\\/www.beauville.com\\\/de\\\/blog\\\/unsere-neue-herbst-winter-2021-kollektion\\\/#primaryimage\"},\"image\":{\"@id\":\"https:\\\/\\\/www.beauville.com\\\/de\\\/blog\\\/unsere-neue-herbst-winter-2021-kollektion\\\/#primaryimage\"},\"thumbnailUrl\":\"https:\\\/\\\/www.beauville.com\\\/wp-inside\\\/uploads\\\/2021\\\/09\\\/les-saisons-sont-ce-quune-symphonie-devrait-etre-un-subtil-et-harmonieux-melange-daccords-et-de-notes.-9.jpg\",\"datePublished\":\"2021-09-01T08:11:02+00:00\",\"dateModified\":\"2025-05-22T07:18:07+00:00\",\"description\":\"Entdecken Sie die neue Herbst\\\/Winter 2021 Kollektion von Beauvill\u00e9: au\u00dfergew\u00f6hnliche Handwerkskunst, elegantes Design und zeitlose Inspiration f\u00fcr Ihren Tisch.\",\"breadcrumb\":{\"@id\":\"https:\\\/\\\/www.beauville.com\\\/de\\\/blog\\\/unsere-neue-herbst-winter-2021-kollektion\\\/#breadcrumb\"},\"inLanguage\":\"de\",\"potentialAction\":[{\"@type\":\"ReadAction\",\"target\":[\"https:\\\/\\\/www.beauville.com\\\/de\\\/blog\\\/unsere-neue-herbst-winter-2021-kollektion\\\/\"]}]},{\"@type\":\"ImageObject\",\"inLanguage\":\"de\",\"@id\":\"https:\\\/\\\/www.beauville.com\\\/de\\\/blog\\\/unsere-neue-herbst-winter-2021-kollektion\\\/#primaryimage\",\"url\":\"https:\\\/\\\/www.beauville.com\\\/wp-inside\\\/uploads\\\/2021\\\/09\\\/les-saisons-sont-ce-quune-symphonie-devrait-etre-un-subtil-et-harmonieux-melange-daccords-et-de-notes.-9.jpg\",\"contentUrl\":\"https:\\\/\\\/www.beauville.com\\\/wp-inside\\\/uploads\\\/2021\\\/09\\\/les-saisons-sont-ce-quune-symphonie-devrait-etre-un-subtil-et-harmonieux-melange-daccords-et-de-notes.-9.jpg\",\"width\":1080,\"height\":1080},{\"@type\":\"BreadcrumbList\",\"@id\":\"https:\\\/\\\/www.beauville.com\\\/de\\\/blog\\\/unsere-neue-herbst-winter-2021-kollektion\\\/#breadcrumb\",\"itemListElement\":[{\"@type\":\"ListItem\",\"position\":1,\"name\":\"Home\",\"item\":\"https:\\\/\\\/www.beauville.com\\\/de\\\/\"},{\"@type\":\"ListItem\",\"position\":2,\"name\":\"Blog\",\"item\":\"https:\\\/\\\/www.beauville.com\\\/de\\\/blog\\\/\"},{\"@type\":\"ListItem\",\"position\":3,\"name\":\"Unsere neue Herbst\\\/Winter 2021 Kollektion\"}]},{\"@type\":\"WebSite\",\"@id\":\"https:\\\/\\\/www.beauville.com\\\/de\\\/#website\",\"url\":\"https:\\\/\\\/www.beauville.com\\\/de\\\/\",\"name\":\"Beauvill\u00e9\",\"description\":\"Creator by tradition\",\"publisher\":{\"@id\":\"https:\\\/\\\/www.beauville.com\\\/de\\\/#organization\"},\"potentialAction\":[{\"@type\":\"SearchAction\",\"target\":{\"@type\":\"EntryPoint\",\"urlTemplate\":\"https:\\\/\\\/www.beauville.com\\\/de\\\/?s={search_term_string}\"},\"query-input\":{\"@type\":\"PropertyValueSpecification\",\"valueRequired\":true,\"valueName\":\"search_term_string\"}}],\"inLanguage\":\"de\"},{\"@type\":\"Organization\",\"@id\":\"https:\\\/\\\/www.beauville.com\\\/de\\\/#organization\",\"name\":\"Beauvill\u00e9\",\"url\":\"https:\\\/\\\/www.beauville.com\\\/de\\\/\",\"logo\":{\"@type\":\"ImageObject\",\"inLanguage\":\"de\",\"@id\":\"https:\\\/\\\/www.beauville.com\\\/de\\\/#\\\/schema\\\/logo\\\/image\\\/\",\"url\":\"https:\\\/\\\/www.beauville.com\\\/wp-inside\\\/uploads\\\/2018\\\/10\\\/beauville-logo.png\",\"contentUrl\":\"https:\\\/\\\/www.beauville.com\\\/wp-inside\\\/uploads\\\/2018\\\/10\\\/beauville-logo.png\",\"width\":230,\"height\":90,\"caption\":\"Beauvill\u00e9\"},\"image\":{\"@id\":\"https:\\\/\\\/www.beauville.com\\\/de\\\/#\\\/schema\\\/logo\\\/image\\\/\"},\"sameAs\":[\"https:\\\/\\\/www.facebook.com\\\/beauville.createur\",\"https:\\\/\\\/www.instagram.com\\\/beauville.createur\\\/\",\"https:\\\/\\\/www.pinterest.fr\\\/beauvillecreateur\\\/_created\\\/\",\"https:\\\/\\\/www.youtube.com\\\/channel\\\/UCN1DiK6SUHdildYkanOBeeA\"]},{\"@type\":\"Person\",\"@id\":\"https:\\\/\\\/www.beauville.com\\\/de\\\/#\\\/schema\\\/person\\\/ad0fa64b93a81bc4df4f8d1fb221a594\",\"name\":\"beauville-wp\",\"image\":{\"@type\":\"ImageObject\",\"inLanguage\":\"de\",\"@id\":\"https:\\\/\\\/secure.gravatar.com\\\/avatar\\\/ccfc9cd9974f3b2f4684fd5d1c0698785ab3815db27e5b9be74337ccd429086e?s=96&d=mm&r=g\",\"url\":\"https:\\\/\\\/secure.gravatar.com\\\/avatar\\\/ccfc9cd9974f3b2f4684fd5d1c0698785ab3815db27e5b9be74337ccd429086e?s=96&d=mm&r=g\",\"contentUrl\":\"https:\\\/\\\/secure.gravatar.com\\\/avatar\\\/ccfc9cd9974f3b2f4684fd5d1c0698785ab3815db27e5b9be74337ccd429086e?s=96&d=mm&r=g\",\"caption\":\"beauville-wp\"}}]}<\/script>\n<!-- \/ Yoast SEO plugin. -->","yoast_head_json":{"title":"Unsere neue Herbst\/Winter 2021 Kollektion","description":"Entdecken Sie die neue Herbst\/Winter 2021 Kollektion von Beauvill\u00e9: au\u00dfergew\u00f6hnliche Handwerkskunst, elegantes Design und zeitlose Inspiration f\u00fcr Ihren Tisch.","robots":{"index":"index","follow":"follow","max-snippet":"max-snippet:-1","max-image-preview":"max-image-preview:large","max-video-preview":"max-video-preview:-1"},"canonical":"https:\/\/www.beauville.com\/de\/blog\/unsere-neue-herbst-winter-2021-kollektion\/","og_locale":"de_DE","og_type":"article","og_title":"Unsere neue Herbst\/Winter 2021 Kollektion","og_description":"Entdecken Sie die neue Herbst\/Winter 2021 Kollektion von Beauvill\u00e9: au\u00dfergew\u00f6hnliche Handwerkskunst, elegantes Design und zeitlose Inspiration f\u00fcr Ihren Tisch.","og_url":"https:\/\/www.beauville.com\/de\/blog\/unsere-neue-herbst-winter-2021-kollektion\/","og_site_name":"Beauvill\u00e9","article_publisher":"https:\/\/www.facebook.com\/beauville.createur","article_published_time":"2021-09-01T08:11:02+00:00","article_modified_time":"2025-05-22T07:18:07+00:00","og_image":[{"width":1080,"height":1080,"url":"https:\/\/www.beauville.com\/wp-inside\/uploads\/2021\/09\/les-saisons-sont-ce-quune-symphonie-devrait-etre-un-subtil-et-harmonieux-melange-daccords-et-de-notes.-9.jpg","type":"image\/jpeg"}],"author":"beauville-wp","twitter_card":"summary_large_image","twitter_misc":{"Verfasst von":"beauville-wp","Gesch\u00e4tzte Lesezeit":"3\u00a0Minuten"},"schema":{"@context":"https:\/\/schema.org","@graph":[{"@type":"Article","@id":"https:\/\/www.beauville.com\/de\/blog\/unsere-neue-herbst-winter-2021-kollektion\/#article","isPartOf":{"@id":"https:\/\/www.beauville.com\/de\/blog\/unsere-neue-herbst-winter-2021-kollektion\/"},"author":{"name":"beauville-wp","@id":"https:\/\/www.beauville.com\/de\/#\/schema\/person\/ad0fa64b93a81bc4df4f8d1fb221a594"},"headline":"Unsere neue Herbst\/Winter 2021 Kollektion","datePublished":"2021-09-01T08:11:02+00:00","dateModified":"2025-05-22T07:18:07+00:00","mainEntityOfPage":{"@id":"https:\/\/www.beauville.com\/de\/blog\/unsere-neue-herbst-winter-2021-kollektion\/"},"wordCount":352,"publisher":{"@id":"https:\/\/www.beauville.com\/de\/#organization"},"image":{"@id":"https:\/\/www.beauville.com\/de\/blog\/unsere-neue-herbst-winter-2021-kollektion\/#primaryimage"},"thumbnailUrl":"https:\/\/www.beauville.com\/wp-inside\/uploads\/2021\/09\/les-saisons-sont-ce-quune-symphonie-devrait-etre-un-subtil-et-harmonieux-melange-daccords-et-de-notes.-9.jpg","articleSection":["Blog","Nachrichten"],"inLanguage":"de"},{"@type":"WebPage","@id":"https:\/\/www.beauville.com\/de\/blog\/unsere-neue-herbst-winter-2021-kollektion\/","url":"https:\/\/www.beauville.com\/de\/blog\/unsere-neue-herbst-winter-2021-kollektion\/","name":"Unsere neue Herbst\/Winter 2021 Kollektion","isPartOf":{"@id":"https:\/\/www.beauville.com\/de\/#website"},"primaryImageOfPage":{"@id":"https:\/\/www.beauville.com\/de\/blog\/unsere-neue-herbst-winter-2021-kollektion\/#primaryimage"},"image":{"@id":"https:\/\/www.beauville.com\/de\/blog\/unsere-neue-herbst-winter-2021-kollektion\/#primaryimage"},"thumbnailUrl":"https:\/\/www.beauville.com\/wp-inside\/uploads\/2021\/09\/les-saisons-sont-ce-quune-symphonie-devrait-etre-un-subtil-et-harmonieux-melange-daccords-et-de-notes.-9.jpg","datePublished":"2021-09-01T08:11:02+00:00","dateModified":"2025-05-22T07:18:07+00:00","description":"Entdecken Sie die neue Herbst\/Winter 2021 Kollektion von Beauvill\u00e9: au\u00dfergew\u00f6hnliche Handwerkskunst, elegantes Design und zeitlose Inspiration f\u00fcr Ihren Tisch.","breadcrumb":{"@id":"https:\/\/www.beauville.com\/de\/blog\/unsere-neue-herbst-winter-2021-kollektion\/#breadcrumb"},"inLanguage":"de","potentialAction":[{"@type":"ReadAction","target":["https:\/\/www.beauville.com\/de\/blog\/unsere-neue-herbst-winter-2021-kollektion\/"]}]},{"@type":"ImageObject","inLanguage":"de","@id":"https:\/\/www.beauville.com\/de\/blog\/unsere-neue-herbst-winter-2021-kollektion\/#primaryimage","url":"https:\/\/www.beauville.com\/wp-inside\/uploads\/2021\/09\/les-saisons-sont-ce-quune-symphonie-devrait-etre-un-subtil-et-harmonieux-melange-daccords-et-de-notes.-9.jpg","contentUrl":"https:\/\/www.beauville.com\/wp-inside\/uploads\/2021\/09\/les-saisons-sont-ce-quune-symphonie-devrait-etre-un-subtil-et-harmonieux-melange-daccords-et-de-notes.-9.jpg","width":1080,"height":1080},{"@type":"BreadcrumbList","@id":"https:\/\/www.beauville.com\/de\/blog\/unsere-neue-herbst-winter-2021-kollektion\/#breadcrumb","itemListElement":[{"@type":"ListItem","position":1,"name":"Home","item":"https:\/\/www.beauville.com\/de\/"},{"@type":"ListItem","position":2,"name":"Blog","item":"https:\/\/www.beauville.com\/de\/blog\/"},{"@type":"ListItem","position":3,"name":"Unsere neue Herbst\/Winter 2021 Kollektion"}]},{"@type":"WebSite","@id":"https:\/\/www.beauville.com\/de\/#website","url":"https:\/\/www.beauville.com\/de\/","name":"Beauvill\u00e9","description":"Creator by tradition","publisher":{"@id":"https:\/\/www.beauville.com\/de\/#organization"},"potentialAction":[{"@type":"SearchAction","target":{"@type":"EntryPoint","urlTemplate":"https:\/\/www.beauville.com\/de\/?s={search_term_string}"},"query-input":{"@type":"PropertyValueSpecification","valueRequired":true,"valueName":"search_term_string"}}],"inLanguage":"de"},{"@type":"Organization","@id":"https:\/\/www.beauville.com\/de\/#organization","name":"Beauvill\u00e9","url":"https:\/\/www.beauville.com\/de\/","logo":{"@type":"ImageObject","inLanguage":"de","@id":"https:\/\/www.beauville.com\/de\/#\/schema\/logo\/image\/","url":"https:\/\/www.beauville.com\/wp-inside\/uploads\/2018\/10\/beauville-logo.png","contentUrl":"https:\/\/www.beauville.com\/wp-inside\/uploads\/2018\/10\/beauville-logo.png","width":230,"height":90,"caption":"Beauvill\u00e9"},"image":{"@id":"https:\/\/www.beauville.com\/de\/#\/schema\/logo\/image\/"},"sameAs":["https:\/\/www.facebook.com\/beauville.createur","https:\/\/www.instagram.com\/beauville.createur\/","https:\/\/www.pinterest.fr\/beauvillecreateur\/_created\/","https:\/\/www.youtube.com\/channel\/UCN1DiK6SUHdildYkanOBeeA"]},{"@type":"Person","@id":"https:\/\/www.beauville.com\/de\/#\/schema\/person\/ad0fa64b93a81bc4df4f8d1fb221a594","name":"beauville-wp","image":{"@type":"ImageObject","inLanguage":"de","@id":"https:\/\/secure.gravatar.com\/avatar\/ccfc9cd9974f3b2f4684fd5d1c0698785ab3815db27e5b9be74337ccd429086e?s=96&d=mm&r=g","url":"https:\/\/secure.gravatar.com\/avatar\/ccfc9cd9974f3b2f4684fd5d1c0698785ab3815db27e5b9be74337ccd429086e?s=96&d=mm&r=g","contentUrl":"https:\/\/secure.gravatar.com\/avatar\/ccfc9cd9974f3b2f4684fd5d1c0698785ab3815db27e5b9be74337ccd429086e?s=96&d=mm&r=g","caption":"beauville-wp"}}]}},"_links":{"self":[{"href":"https:\/\/www.beauville.com\/de\/wp-json\/wp\/v2\/posts\/28442","targetHints":{"allow":["GET"]}}],"collection":[{"href":"https:\/\/www.beauville.com\/de\/wp-json\/wp\/v2\/posts"}],"about":[{"href":"https:\/\/www.beauville.com\/de\/wp-json\/wp\/v2\/types\/post"}],"author":[{"embeddable":true,"href":"https:\/\/www.beauville.com\/de\/wp-json\/wp\/v2\/users\/2"}],"replies":[{"embeddable":true,"href":"https:\/\/www.beauville.com\/de\/wp-json\/wp\/v2\/comments?post=28442"}],"version-history":[{"count":6,"href":"https:\/\/www.beauville.com\/de\/wp-json\/wp\/v2\/posts\/28442\/revisions"}],"predecessor-version":[{"id":33548,"href":"https:\/\/www.beauville.com\/de\/wp-json\/wp\/v2\/posts\/28442\/revisions\/33548"}],"wp:featuredmedia":[{"embeddable":true,"href":"https:\/\/www.beauville.com\/de\/wp-json\/wp\/v2\/media\/28463"}],"wp:attachment":[{"href":"https:\/\/www.beauville.com\/de\/wp-json\/wp\/v2\/media?parent=28442"}],"wp:term":[{"taxonomy":"category","embeddable":true,"href":"https:\/\/www.beauville.com\/de\/wp-json\/wp\/v2\/categories?post=28442"},{"taxonomy":"post_tag","embeddable":true,"href":"https:\/\/www.beauville.com\/de\/wp-json\/wp\/v2\/tags?post=28442"}],"curies":[{"name":"wp","href":"https:\/\/api.w.org\/{rel}","templated":true}]}}