{"id":31237,"date":"2024-04-25T13:53:09","date_gmt":"2024-04-25T11:53:09","guid":{"rendered":"https:\/\/www.beauville.com\/blog\/selection-fete-des-meres\/"},"modified":"2024-05-06T15:55:45","modified_gmt":"2024-05-06T13:55:45","slug":"selection-fete-des-meres","status":"publish","type":"post","link":"https:\/\/www.beauville.com\/de\/blog\/selection-fete-des-meres\/","title":{"rendered":"Auswahl Muttertag"},"content":{"rendered":"<p style=\"font-size: 16px; line-height: 22.4px;\"><img decoding=\"async\" src=\"https:\/\/www.beauville.com\/wp-inside\/uploads\/2024\/04\/5.jpg\" class=\"alignnone size-full\" \/><\/p>\n<p>Entdecken Sie die spezielle Auswahl zum Muttertag, ein raffiniertes und elegantes Sortiment, das Tradition und Moderne miteinander verbindet, um Ihrer Mutter ein au\u00dfergew\u00f6hnliches Geschenk zu machen.<\/p>\n<h4>Tischdecken in sanften, schillernden Farben<\/h4>\n<p>Decken Sie einen wundersch\u00f6nen Tisch mit unseren Tischdecken, die mit Blumenmustern oder orientalischen Ankl\u00e4ngen verziert sind und jedem Ihrer Essen eine elegante und raffinierte Note verleihen. Unsere Tischdecken schaffen eine warme und gesellige Atmosph\u00e4re, die Ihre Mutter mit Sicherheit begeistern wird.<\/p>\n<h4><a href=\"https:\/\/www.beauville.com\/shop\/de\/80-einkaufstasche\">Die Einkaufstaschen eine Neuheit von Beauvill\u00e9<\/a><\/h4>\n<p><a href=\"https:\/\/www.beauville.com\/shop\/de\/80-einkaufstasche\"><img decoding=\"async\" src=\"https:\/\/www.beauville.com\/wp-inside\/uploads\/2024\/04\/5-1.jpg\" class=\"alignnone size-full\" \/><\/a><\/p>\n<p>Die <a href=\"https:\/\/www.beauville.com\/shop\/de\/80-einkaufstasche\">Einkaufstaschen<\/a> mit den emblematischen Motiven der Marke, praktisch und stilvoll, sind die perfekten Begleiter Ihrer Mutter. Mit ihrem eleganten Design und ihrem gro\u00dfen Fassungsverm\u00f6gen vereinen sie \u00c4sthetik und Funktionalit\u00e4t f\u00fcr ein Geschenk, das Aufsehen erregen wird.<\/p>\n<h4><a href=\"https:\/\/www.beauville.com\/shop\/de\/74-personalisierbare-geschenke\">Personalisierbare Servietten f\u00fcr ein einzigartiges Geschenk<\/a><\/h4>\n<p><a href=\"https:\/\/www.beauville.com\/shop\/de\/74-personalisierbare-geschenke\"><img decoding=\"async\" src=\"https:\/\/www.beauville.com\/wp-inside\/uploads\/2024\/04\/2-1.jpg\" class=\"alignnone size-full\" \/><\/a><\/p>\n<p>M\u00f6chten Sie ein wirklich einzigartiges Geschenk machen? Entscheiden Sie sich f\u00fcr unsere <a href=\"https:\/\/www.beauville.com\/shop\/de\/74-personalisierbare-geschenke\">personalisierbaren Servietten<\/a> und passen Sie sie nach Lust und Laune an. W\u00e4hlen Sie das Motiv, die Farbe und den Text Ihrer Wahl, um ein pers\u00f6nliches Geschenk zu kreieren.<\/p>\n<h4><a href=\"https:\/\/www.beauville.com\/shop\/de\/7-geschirrtuecher\">Geschirrt\u00fccher in tausend und einer Farbe<\/a><\/h4>\n<p><a href=\"https:\/\/www.beauville.com\/shop\/de\/7-geschirrtuecher\"><img decoding=\"async\" src=\"https:\/\/www.beauville.com\/wp-inside\/uploads\/2024\/04\/1-2.jpg\" class=\"alignnone size-full\" \/><\/a><\/p>\n<p>Unsere praktischen und in jeder K\u00fcche unverzichtbaren <a href=\"https:\/\/www.beauville.com\/shop\/de\/7-geschirrtuecher\">Geschirrt\u00fccher<\/a> in tausendundeiner Farbe werden Ihre Mutter durch ihre au\u00dfergew\u00f6hnliche Qualit\u00e4t und ihr Design begeistern. Sie vereinen Weichheit, Widerstandsf\u00e4higkeit und Saugf\u00e4higkeit f\u00fcr ein makelloses Ergebnis bei jedem Gebrauch.<\/p>\n<h4><a href=\"https:\/\/www.beauville.com\/shop\/de\/33-dekokissen\">Kissen, um sich darin einzukuscheln.<\/a><\/h4>\n<p><a href=\"https:\/\/www.beauville.com\/shop\/fr\/33-coussins\"><img decoding=\"async\" src=\"https:\/\/www.beauville.com\/wp-inside\/uploads\/2024\/04\/3-1.jpg\" class=\"alignnone size-full\" \/><\/a><\/p>\n<p>F\u00fcr ein unvergleichliches Gef\u00fchl von Komfort und Weichheit sind unsere <a href=\"https:\/\/www.beauville.com\/shop\/de\/33-dekokissen\">Kissen<\/a> in einer Vielzahl von Farbt\u00f6nen und Mustern erh\u00e4ltlich. Sie verleihen jeder Einrichtung einen Hauch von W\u00e4rme und Gem\u00fctlichkeit.<\/p>\n","protected":false},"excerpt":{"rendered":"<p>Entdecken Sie die spezielle Auswahl zum Muttertag, ein raffiniertes und elegantes Sortiment, das Tradition und Moderne miteinander verbindet, um Ihrer Mutter ein au\u00dfergew\u00f6hnliches Geschenk zu machen. Tischdecken in sanften, schillernden [&hellip;]<\/p>\n","protected":false},"author":2,"featured_media":31197,"comment_status":"closed","ping_status":"closed","sticky":false,"template":"","format":"standard","meta":{"_acf_changed":false,"footnotes":""},"categories":[27,39,50],"tags":[],"class_list":["post-31237","post","type-post","status-publish","format-standard","has-post-thumbnail","hentry","category-blog","category-muttertag-de","category-nachrichten","wp-sticky"],"acf":[],"yoast_head":"<!-- This site is optimized with the Yoast SEO plugin v27.5 - https:\/\/yoast.com\/product\/yoast-seo-wordpress\/ -->\n<title>Auswahl Muttertag<\/title>\n<meta name=\"description\" content=\"Cette ann\u00e9e offrez \u00e0 votre maman un cadeau qui c\u00e9l\u00e8bre l&#039;art de vivre \u00e0 la fran\u00e7aise avec la s\u00e9lection f\u00eate des m\u00e8res de Beauvill\u00e9.\" \/>\n<meta name=\"robots\" content=\"index, follow, max-snippet:-1, max-image-preview:large, max-video-preview:-1\" \/>\n<link rel=\"canonical\" href=\"https:\/\/www.beauville.com\/de\/blog\/selection-fete-des-meres\/\" \/>\n<meta property=\"og:locale\" content=\"de_DE\" \/>\n<meta property=\"og:type\" content=\"article\" \/>\n<meta property=\"og:title\" content=\"Auswahl Muttertag\" \/>\n<meta property=\"og:description\" content=\"Cette ann\u00e9e offrez \u00e0 votre maman un cadeau qui c\u00e9l\u00e8bre l&#039;art de vivre \u00e0 la fran\u00e7aise avec la s\u00e9lection f\u00eate des m\u00e8res de Beauvill\u00e9.\" \/>\n<meta property=\"og:url\" content=\"https:\/\/www.beauville.com\/de\/blog\/selection-fete-des-meres\/\" \/>\n<meta property=\"og:site_name\" content=\"Beauvill\u00e9\" \/>\n<meta property=\"article:publisher\" content=\"https:\/\/www.facebook.com\/beauville.createur\" \/>\n<meta property=\"article:published_time\" content=\"2024-04-25T11:53:09+00:00\" \/>\n<meta property=\"article:modified_time\" content=\"2024-05-06T13:55:45+00:00\" \/>\n<meta property=\"og:image\" content=\"https:\/\/www.beauville.com\/wp-inside\/uploads\/2024\/04\/img_e3127-scaled.jpg\" \/>\n\t<meta property=\"og:image:width\" content=\"1920\" \/>\n\t<meta property=\"og:image:height\" content=\"2560\" \/>\n\t<meta property=\"og:image:type\" content=\"image\/jpeg\" \/>\n<meta name=\"author\" content=\"beauville-wp\" \/>\n<meta name=\"twitter:card\" content=\"summary_large_image\" \/>\n<meta name=\"twitter:label1\" content=\"Verfasst von\" \/>\n\t<meta name=\"twitter:data1\" content=\"beauville-wp\" \/>\n\t<meta name=\"twitter:label2\" content=\"Gesch\u00e4tzte Lesezeit\" \/>\n\t<meta name=\"twitter:data2\" content=\"1\u00a0Minute\" \/>\n<script type=\"application\/ld+json\" class=\"yoast-schema-graph\">{\"@context\":\"https:\\\/\\\/schema.org\",\"@graph\":[{\"@type\":\"Article\",\"@id\":\"https:\\\/\\\/www.beauville.com\\\/de\\\/blog\\\/selection-fete-des-meres\\\/#article\",\"isPartOf\":{\"@id\":\"https:\\\/\\\/www.beauville.com\\\/de\\\/blog\\\/selection-fete-des-meres\\\/\"},\"author\":{\"name\":\"beauville-wp\",\"@id\":\"https:\\\/\\\/www.beauville.com\\\/de\\\/#\\\/schema\\\/person\\\/ad0fa64b93a81bc4df4f8d1fb221a594\"},\"headline\":\"Auswahl Muttertag\",\"datePublished\":\"2024-04-25T11:53:09+00:00\",\"dateModified\":\"2024-05-06T13:55:45+00:00\",\"mainEntityOfPage\":{\"@id\":\"https:\\\/\\\/www.beauville.com\\\/de\\\/blog\\\/selection-fete-des-meres\\\/\"},\"wordCount\":267,\"publisher\":{\"@id\":\"https:\\\/\\\/www.beauville.com\\\/de\\\/#organization\"},\"image\":{\"@id\":\"https:\\\/\\\/www.beauville.com\\\/de\\\/blog\\\/selection-fete-des-meres\\\/#primaryimage\"},\"thumbnailUrl\":\"https:\\\/\\\/www.beauville.com\\\/wp-inside\\\/uploads\\\/2024\\\/04\\\/img_e3127-scaled.jpg\",\"articleSection\":[\"Blog\",\"Muttertag\",\"Nachrichten\"],\"inLanguage\":\"de\"},{\"@type\":\"WebPage\",\"@id\":\"https:\\\/\\\/www.beauville.com\\\/de\\\/blog\\\/selection-fete-des-meres\\\/\",\"url\":\"https:\\\/\\\/www.beauville.com\\\/de\\\/blog\\\/selection-fete-des-meres\\\/\",\"name\":\"Auswahl Muttertag\",\"isPartOf\":{\"@id\":\"https:\\\/\\\/www.beauville.com\\\/de\\\/#website\"},\"primaryImageOfPage\":{\"@id\":\"https:\\\/\\\/www.beauville.com\\\/de\\\/blog\\\/selection-fete-des-meres\\\/#primaryimage\"},\"image\":{\"@id\":\"https:\\\/\\\/www.beauville.com\\\/de\\\/blog\\\/selection-fete-des-meres\\\/#primaryimage\"},\"thumbnailUrl\":\"https:\\\/\\\/www.beauville.com\\\/wp-inside\\\/uploads\\\/2024\\\/04\\\/img_e3127-scaled.jpg\",\"datePublished\":\"2024-04-25T11:53:09+00:00\",\"dateModified\":\"2024-05-06T13:55:45+00:00\",\"description\":\"Cette ann\u00e9e offrez \u00e0 votre maman un cadeau qui c\u00e9l\u00e8bre l'art de vivre \u00e0 la fran\u00e7aise avec la s\u00e9lection f\u00eate des m\u00e8res de Beauvill\u00e9.\",\"breadcrumb\":{\"@id\":\"https:\\\/\\\/www.beauville.com\\\/de\\\/blog\\\/selection-fete-des-meres\\\/#breadcrumb\"},\"inLanguage\":\"de\",\"potentialAction\":[{\"@type\":\"ReadAction\",\"target\":[\"https:\\\/\\\/www.beauville.com\\\/de\\\/blog\\\/selection-fete-des-meres\\\/\"]}]},{\"@type\":\"ImageObject\",\"inLanguage\":\"de\",\"@id\":\"https:\\\/\\\/www.beauville.com\\\/de\\\/blog\\\/selection-fete-des-meres\\\/#primaryimage\",\"url\":\"https:\\\/\\\/www.beauville.com\\\/wp-inside\\\/uploads\\\/2024\\\/04\\\/img_e3127-scaled.jpg\",\"contentUrl\":\"https:\\\/\\\/www.beauville.com\\\/wp-inside\\\/uploads\\\/2024\\\/04\\\/img_e3127-scaled.jpg\",\"width\":1920,\"height\":2560,\"caption\":\"Pliage \u00e9l\u00e9gant de serviette en forme de c\u0153ur, r\u00e9alis\u00e9 avec le motif Darjeeling p\u00eache, apportant une touche romantique et raffin\u00e9e \u00e0 votre table.\"},{\"@type\":\"BreadcrumbList\",\"@id\":\"https:\\\/\\\/www.beauville.com\\\/de\\\/blog\\\/selection-fete-des-meres\\\/#breadcrumb\",\"itemListElement\":[{\"@type\":\"ListItem\",\"position\":1,\"name\":\"Home\",\"item\":\"https:\\\/\\\/www.beauville.com\\\/de\\\/\"},{\"@type\":\"ListItem\",\"position\":2,\"name\":\"Blog\",\"item\":\"https:\\\/\\\/www.beauville.com\\\/de\\\/blog\\\/\"},{\"@type\":\"ListItem\",\"position\":3,\"name\":\"Auswahl Muttertag\"}]},{\"@type\":\"WebSite\",\"@id\":\"https:\\\/\\\/www.beauville.com\\\/de\\\/#website\",\"url\":\"https:\\\/\\\/www.beauville.com\\\/de\\\/\",\"name\":\"Beauvill\u00e9\",\"description\":\"Creator by tradition\",\"publisher\":{\"@id\":\"https:\\\/\\\/www.beauville.com\\\/de\\\/#organization\"},\"potentialAction\":[{\"@type\":\"SearchAction\",\"target\":{\"@type\":\"EntryPoint\",\"urlTemplate\":\"https:\\\/\\\/www.beauville.com\\\/de\\\/?s={search_term_string}\"},\"query-input\":{\"@type\":\"PropertyValueSpecification\",\"valueRequired\":true,\"valueName\":\"search_term_string\"}}],\"inLanguage\":\"de\"},{\"@type\":\"Organization\",\"@id\":\"https:\\\/\\\/www.beauville.com\\\/de\\\/#organization\",\"name\":\"Beauvill\u00e9\",\"url\":\"https:\\\/\\\/www.beauville.com\\\/de\\\/\",\"logo\":{\"@type\":\"ImageObject\",\"inLanguage\":\"de\",\"@id\":\"https:\\\/\\\/www.beauville.com\\\/de\\\/#\\\/schema\\\/logo\\\/image\\\/\",\"url\":\"https:\\\/\\\/www.beauville.com\\\/wp-inside\\\/uploads\\\/2018\\\/10\\\/beauville-logo.png\",\"contentUrl\":\"https:\\\/\\\/www.beauville.com\\\/wp-inside\\\/uploads\\\/2018\\\/10\\\/beauville-logo.png\",\"width\":230,\"height\":90,\"caption\":\"Beauvill\u00e9\"},\"image\":{\"@id\":\"https:\\\/\\\/www.beauville.com\\\/de\\\/#\\\/schema\\\/logo\\\/image\\\/\"},\"sameAs\":[\"https:\\\/\\\/www.facebook.com\\\/beauville.createur\",\"https:\\\/\\\/www.instagram.com\\\/beauville.createur\\\/\",\"https:\\\/\\\/www.pinterest.fr\\\/beauvillecreateur\\\/_created\\\/\",\"https:\\\/\\\/www.youtube.com\\\/channel\\\/UCN1DiK6SUHdildYkanOBeeA\"]},{\"@type\":\"Person\",\"@id\":\"https:\\\/\\\/www.beauville.com\\\/de\\\/#\\\/schema\\\/person\\\/ad0fa64b93a81bc4df4f8d1fb221a594\",\"name\":\"beauville-wp\",\"image\":{\"@type\":\"ImageObject\",\"inLanguage\":\"de\",\"@id\":\"https:\\\/\\\/secure.gravatar.com\\\/avatar\\\/ccfc9cd9974f3b2f4684fd5d1c0698785ab3815db27e5b9be74337ccd429086e?s=96&d=mm&r=g\",\"url\":\"https:\\\/\\\/secure.gravatar.com\\\/avatar\\\/ccfc9cd9974f3b2f4684fd5d1c0698785ab3815db27e5b9be74337ccd429086e?s=96&d=mm&r=g\",\"contentUrl\":\"https:\\\/\\\/secure.gravatar.com\\\/avatar\\\/ccfc9cd9974f3b2f4684fd5d1c0698785ab3815db27e5b9be74337ccd429086e?s=96&d=mm&r=g\",\"caption\":\"beauville-wp\"}}]}<\/script>\n<!-- \/ Yoast SEO plugin. -->","yoast_head_json":{"title":"Auswahl Muttertag","description":"Cette ann\u00e9e offrez \u00e0 votre maman un cadeau qui c\u00e9l\u00e8bre l'art de vivre \u00e0 la fran\u00e7aise avec la s\u00e9lection f\u00eate des m\u00e8res de Beauvill\u00e9.","robots":{"index":"index","follow":"follow","max-snippet":"max-snippet:-1","max-image-preview":"max-image-preview:large","max-video-preview":"max-video-preview:-1"},"canonical":"https:\/\/www.beauville.com\/de\/blog\/selection-fete-des-meres\/","og_locale":"de_DE","og_type":"article","og_title":"Auswahl Muttertag","og_description":"Cette ann\u00e9e offrez \u00e0 votre maman un cadeau qui c\u00e9l\u00e8bre l'art de vivre \u00e0 la fran\u00e7aise avec la s\u00e9lection f\u00eate des m\u00e8res de Beauvill\u00e9.","og_url":"https:\/\/www.beauville.com\/de\/blog\/selection-fete-des-meres\/","og_site_name":"Beauvill\u00e9","article_publisher":"https:\/\/www.facebook.com\/beauville.createur","article_published_time":"2024-04-25T11:53:09+00:00","article_modified_time":"2024-05-06T13:55:45+00:00","og_image":[{"width":1920,"height":2560,"url":"https:\/\/www.beauville.com\/wp-inside\/uploads\/2024\/04\/img_e3127-scaled.jpg","type":"image\/jpeg"}],"author":"beauville-wp","twitter_card":"summary_large_image","twitter_misc":{"Verfasst von":"beauville-wp","Gesch\u00e4tzte Lesezeit":"1\u00a0Minute"},"schema":{"@context":"https:\/\/schema.org","@graph":[{"@type":"Article","@id":"https:\/\/www.beauville.com\/de\/blog\/selection-fete-des-meres\/#article","isPartOf":{"@id":"https:\/\/www.beauville.com\/de\/blog\/selection-fete-des-meres\/"},"author":{"name":"beauville-wp","@id":"https:\/\/www.beauville.com\/de\/#\/schema\/person\/ad0fa64b93a81bc4df4f8d1fb221a594"},"headline":"Auswahl Muttertag","datePublished":"2024-04-25T11:53:09+00:00","dateModified":"2024-05-06T13:55:45+00:00","mainEntityOfPage":{"@id":"https:\/\/www.beauville.com\/de\/blog\/selection-fete-des-meres\/"},"wordCount":267,"publisher":{"@id":"https:\/\/www.beauville.com\/de\/#organization"},"image":{"@id":"https:\/\/www.beauville.com\/de\/blog\/selection-fete-des-meres\/#primaryimage"},"thumbnailUrl":"https:\/\/www.beauville.com\/wp-inside\/uploads\/2024\/04\/img_e3127-scaled.jpg","articleSection":["Blog","Muttertag","Nachrichten"],"inLanguage":"de"},{"@type":"WebPage","@id":"https:\/\/www.beauville.com\/de\/blog\/selection-fete-des-meres\/","url":"https:\/\/www.beauville.com\/de\/blog\/selection-fete-des-meres\/","name":"Auswahl Muttertag","isPartOf":{"@id":"https:\/\/www.beauville.com\/de\/#website"},"primaryImageOfPage":{"@id":"https:\/\/www.beauville.com\/de\/blog\/selection-fete-des-meres\/#primaryimage"},"image":{"@id":"https:\/\/www.beauville.com\/de\/blog\/selection-fete-des-meres\/#primaryimage"},"thumbnailUrl":"https:\/\/www.beauville.com\/wp-inside\/uploads\/2024\/04\/img_e3127-scaled.jpg","datePublished":"2024-04-25T11:53:09+00:00","dateModified":"2024-05-06T13:55:45+00:00","description":"Cette ann\u00e9e offrez \u00e0 votre maman un cadeau qui c\u00e9l\u00e8bre l'art de vivre \u00e0 la fran\u00e7aise avec la s\u00e9lection f\u00eate des m\u00e8res de Beauvill\u00e9.","breadcrumb":{"@id":"https:\/\/www.beauville.com\/de\/blog\/selection-fete-des-meres\/#breadcrumb"},"inLanguage":"de","potentialAction":[{"@type":"ReadAction","target":["https:\/\/www.beauville.com\/de\/blog\/selection-fete-des-meres\/"]}]},{"@type":"ImageObject","inLanguage":"de","@id":"https:\/\/www.beauville.com\/de\/blog\/selection-fete-des-meres\/#primaryimage","url":"https:\/\/www.beauville.com\/wp-inside\/uploads\/2024\/04\/img_e3127-scaled.jpg","contentUrl":"https:\/\/www.beauville.com\/wp-inside\/uploads\/2024\/04\/img_e3127-scaled.jpg","width":1920,"height":2560,"caption":"Pliage \u00e9l\u00e9gant de serviette en forme de c\u0153ur, r\u00e9alis\u00e9 avec le motif Darjeeling p\u00eache, apportant une touche romantique et raffin\u00e9e \u00e0 votre table."},{"@type":"BreadcrumbList","@id":"https:\/\/www.beauville.com\/de\/blog\/selection-fete-des-meres\/#breadcrumb","itemListElement":[{"@type":"ListItem","position":1,"name":"Home","item":"https:\/\/www.beauville.com\/de\/"},{"@type":"ListItem","position":2,"name":"Blog","item":"https:\/\/www.beauville.com\/de\/blog\/"},{"@type":"ListItem","position":3,"name":"Auswahl Muttertag"}]},{"@type":"WebSite","@id":"https:\/\/www.beauville.com\/de\/#website","url":"https:\/\/www.beauville.com\/de\/","name":"Beauvill\u00e9","description":"Creator by tradition","publisher":{"@id":"https:\/\/www.beauville.com\/de\/#organization"},"potentialAction":[{"@type":"SearchAction","target":{"@type":"EntryPoint","urlTemplate":"https:\/\/www.beauville.com\/de\/?s={search_term_string}"},"query-input":{"@type":"PropertyValueSpecification","valueRequired":true,"valueName":"search_term_string"}}],"inLanguage":"de"},{"@type":"Organization","@id":"https:\/\/www.beauville.com\/de\/#organization","name":"Beauvill\u00e9","url":"https:\/\/www.beauville.com\/de\/","logo":{"@type":"ImageObject","inLanguage":"de","@id":"https:\/\/www.beauville.com\/de\/#\/schema\/logo\/image\/","url":"https:\/\/www.beauville.com\/wp-inside\/uploads\/2018\/10\/beauville-logo.png","contentUrl":"https:\/\/www.beauville.com\/wp-inside\/uploads\/2018\/10\/beauville-logo.png","width":230,"height":90,"caption":"Beauvill\u00e9"},"image":{"@id":"https:\/\/www.beauville.com\/de\/#\/schema\/logo\/image\/"},"sameAs":["https:\/\/www.facebook.com\/beauville.createur","https:\/\/www.instagram.com\/beauville.createur\/","https:\/\/www.pinterest.fr\/beauvillecreateur\/_created\/","https:\/\/www.youtube.com\/channel\/UCN1DiK6SUHdildYkanOBeeA"]},{"@type":"Person","@id":"https:\/\/www.beauville.com\/de\/#\/schema\/person\/ad0fa64b93a81bc4df4f8d1fb221a594","name":"beauville-wp","image":{"@type":"ImageObject","inLanguage":"de","@id":"https:\/\/secure.gravatar.com\/avatar\/ccfc9cd9974f3b2f4684fd5d1c0698785ab3815db27e5b9be74337ccd429086e?s=96&d=mm&r=g","url":"https:\/\/secure.gravatar.com\/avatar\/ccfc9cd9974f3b2f4684fd5d1c0698785ab3815db27e5b9be74337ccd429086e?s=96&d=mm&r=g","contentUrl":"https:\/\/secure.gravatar.com\/avatar\/ccfc9cd9974f3b2f4684fd5d1c0698785ab3815db27e5b9be74337ccd429086e?s=96&d=mm&r=g","caption":"beauville-wp"}}]}},"_links":{"self":[{"href":"https:\/\/www.beauville.com\/de\/wp-json\/wp\/v2\/posts\/31237","targetHints":{"allow":["GET"]}}],"collection":[{"href":"https:\/\/www.beauville.com\/de\/wp-json\/wp\/v2\/posts"}],"about":[{"href":"https:\/\/www.beauville.com\/de\/wp-json\/wp\/v2\/types\/post"}],"author":[{"embeddable":true,"href":"https:\/\/www.beauville.com\/de\/wp-json\/wp\/v2\/users\/2"}],"replies":[{"embeddable":true,"href":"https:\/\/www.beauville.com\/de\/wp-json\/wp\/v2\/comments?post=31237"}],"version-history":[{"count":4,"href":"https:\/\/www.beauville.com\/de\/wp-json\/wp\/v2\/posts\/31237\/revisions"}],"predecessor-version":[{"id":31295,"href":"https:\/\/www.beauville.com\/de\/wp-json\/wp\/v2\/posts\/31237\/revisions\/31295"}],"wp:featuredmedia":[{"embeddable":true,"href":"https:\/\/www.beauville.com\/de\/wp-json\/wp\/v2\/media\/31197"}],"wp:attachment":[{"href":"https:\/\/www.beauville.com\/de\/wp-json\/wp\/v2\/media?parent=31237"}],"wp:term":[{"taxonomy":"category","embeddable":true,"href":"https:\/\/www.beauville.com\/de\/wp-json\/wp\/v2\/categories?post=31237"},{"taxonomy":"post_tag","embeddable":true,"href":"https:\/\/www.beauville.com\/de\/wp-json\/wp\/v2\/tags?post=31237"}],"curies":[{"name":"wp","href":"https:\/\/api.w.org\/{rel}","templated":true}]}}