{"id":31752,"date":"2024-08-20T10:06:33","date_gmt":"2024-08-20T08:06:33","guid":{"rendered":"https:\/\/www.beauville.com\/?p=31752"},"modified":"2024-08-20T10:06:33","modified_gmt":"2024-08-20T08:06:33","slug":"sommer-mit-beauville","status":"publish","type":"post","link":"https:\/\/www.beauville.com\/de\/blog\/sommer-mit-beauville\/","title":{"rendered":"Sommer mit Beauvill\u00e9"},"content":{"rendered":"<p>Der Sommer ist in vollem Gange, und die einen fliegen zu neuen Horizonten, w\u00e4hrend die anderen es sich zu Hause gem\u00fctlich machen. Im Herzen des Elsass kreiert Beauvill\u00e9 derweil weiterhin raffinierte St\u00fccke f\u00fcr die Sommersaison.<\/p>\n<div id=\"attachment_31734\" class=\"wp-caption aligncenter\" style=\"width:100%;max-width:350px\"><a href=\"https:\/\/www.beauville.com\/shop\/fr\/nappes\/1055-nappe-porquerolles.html?search_query=porquerolles&amp;results=6#\/48-taille-carree_170_x_170_cm\/124-couleur-sable\" target=\"_blank\" rel=\"noopener\"><img decoding=\"async\" src=\"https:\/\/www.beauville.com\/wp-inside\/uploads\/2024\/08\/porquerolles-col.-sable-10-scaled-e1724137750404-350x293.jpg\" class=\"size-medium\" \/><\/a><p class=\"wp-caption-text\">Tischtuch Porquerolles sable<\/p><\/div>\n<p>&nbsp;<\/p>\n<p>Um den Sommer optimal zu nutzen, l\u00e4dt Beauvill\u00e9 Sie ein, Ihren Au\u00dfenbereich mit seinen vom Meer inspirierten Designs in eine Oase der Frische zu verwandeln. Die Weiten des Ozeans mit ihren subtilen Farben sind viel mehr als nur eine Sommerkulisse; sie werden zu einem Zufluchtsort, wenn man Ruhe und nat\u00fcrliche Pracht sucht.<\/p>\n<p>Holen Sie sich die Atmosph\u00e4re des Meeres mit der Serie Summer\u201c von Beauvill\u00e9 direkt in Ihr Zuhause. Tischdecken mit raffinierten maritimen Motiven bringen einen Hauch von Raffinesse auf Ihren Tisch und machen jede Mahlzeit zu etwas Besonderem und Geselligem.<\/p>\n<p>&nbsp;<\/p>\n<div id=\"attachment_31737\" class=\"wp-caption aligncenter\" style=\"width:100%;max-width:350px\"><a href=\"https:\/\/www.beauville.com\/shop\/fr\/home\/26-nappe-corail-beauville.html?search_query=corail&amp;results=11\" target=\"_blank\" rel=\"noopener\"><img decoding=\"async\" src=\"https:\/\/www.beauville.com\/wp-inside\/uploads\/2024\/08\/photo-giannelli6311-carre-350x350.jpg\" class=\"size-medium\" \/><\/a><p class=\"wp-caption-text\">Tischtuch Corail bleu<\/p><\/div>\n<p>&nbsp;<\/p>\n<p>In der K\u00fcche sorgen die Geschirrt\u00fccher von Beauvill\u00e9, die mit bunten Segelbooten und Fischen verziert sind, f\u00fcr einen Hauch von Charme, sind aber auch praktisch und elegant.<\/p>\n<div id=\"attachment_31740\" class=\"wp-caption aligncenter\" style=\"width:100%;max-width:345px\"><a href=\"https:\/\/www.beauville.com\/shop\/fr\/7-linge-d-office\" target=\"_blank\" rel=\"noopener\"><img decoding=\"async\" src=\"https:\/\/www.beauville.com\/wp-inside\/uploads\/2024\/08\/torchon-riviera-tahiti-a-la-plage-350x350.jpg\" \/><\/a><p class=\"wp-caption-text\">Geschirrtuch Riviera, Tahiti und A la plage<\/p><\/div>\n<p>&nbsp;<\/p>\n<p>F\u00fcr Ihren Entspannungsbereich verwandeln Kissen mit weichen Texturen und vom Meer inspirierten Mustern Ihren Garten oder Ihre Terrasse in ein Refugium aus Komfort und Stil.<\/p>\n<div id=\"attachment_31743\" class=\"wp-caption aligncenter\" style=\"width:100%;max-width:350px\"><a href=\"https:\/\/www.beauville.com\/shop\/fr\/coussins\/1065-housse-de-coussin-porquerolles.html#\/124-couleur-sable\" target=\"_blank\" rel=\"noopener\"><img decoding=\"async\" src=\"https:\/\/www.beauville.com\/wp-inside\/uploads\/2024\/08\/coussin-porquerolles-350x350.jpeg\" class=\"size-medium\" \/><\/a><p class=\"wp-caption-text\">Kissen Porquerolles sable<\/p><\/div>\n<p>&nbsp;<\/p>\n<p>Lassen Sie diesen Sommer Beauvill\u00e9 Ihre Momente mit Eleganz und Gelassenheit versch\u00f6nern.<\/p>\n<p>&nbsp;<\/p>\n","protected":false},"excerpt":{"rendered":"<p>Der Sommer ist in vollem Gange, und die einen fliegen zu neuen Horizonten, w\u00e4hrend die anderen es sich zu Hause gem\u00fctlich machen. Im Herzen des Elsass kreiert Beauvill\u00e9 derweil weiterhin [&hellip;]<\/p>\n","protected":false},"author":2,"featured_media":31748,"comment_status":"closed","ping_status":"closed","sticky":false,"template":"","format":"standard","meta":{"_acf_changed":false,"footnotes":""},"categories":[27,50],"tags":[],"class_list":["post-31752","post","type-post","status-publish","format-standard","has-post-thumbnail","hentry","category-blog","category-nachrichten","wp-sticky"],"acf":[],"yoast_head":"<!-- This site is optimized with the Yoast SEO plugin v27.5 - https:\/\/yoast.com\/product\/yoast-seo-wordpress\/ -->\n<title>Sommer mit Beauvill\u00e9<\/title>\n<meta name=\"description\" content=\"Versch\u00f6nern Sie Ihren Sommer mit der Beauvill\u00e9-Marine-Serie: Raffinierte Tischdecken, elegante Geschirrt\u00fccher und bequeme Kissen bringen Frische und Eleganz in Ihren Innen- und Au\u00dfenbereich. Verwandeln Sie Ihren Raum in ein stilvolles Sommerrefugium.\" \/>\n<meta name=\"robots\" content=\"index, follow, max-snippet:-1, max-image-preview:large, max-video-preview:-1\" \/>\n<link rel=\"canonical\" href=\"https:\/\/www.beauville.com\/de\/blog\/sommer-mit-beauville\/\" \/>\n<meta property=\"og:locale\" content=\"de_DE\" \/>\n<meta property=\"og:type\" content=\"article\" \/>\n<meta property=\"og:title\" content=\"Sommer mit Beauvill\u00e9\" \/>\n<meta property=\"og:description\" content=\"Versch\u00f6nern Sie Ihren Sommer mit der Beauvill\u00e9-Marine-Serie: Raffinierte Tischdecken, elegante Geschirrt\u00fccher und bequeme Kissen bringen Frische und Eleganz in Ihren Innen- und Au\u00dfenbereich. Verwandeln Sie Ihren Raum in ein stilvolles Sommerrefugium.\" \/>\n<meta property=\"og:url\" content=\"https:\/\/www.beauville.com\/de\/blog\/sommer-mit-beauville\/\" \/>\n<meta property=\"og:site_name\" content=\"Beauvill\u00e9\" \/>\n<meta property=\"article:publisher\" content=\"https:\/\/www.facebook.com\/beauville.createur\" \/>\n<meta property=\"article:published_time\" content=\"2024-08-20T08:06:33+00:00\" \/>\n<meta property=\"og:image\" content=\"https:\/\/www.beauville.com\/wp-inside\/uploads\/2024\/08\/corail-rouge-1.jpg\" \/>\n\t<meta property=\"og:image:width\" content=\"1000\" \/>\n\t<meta property=\"og:image:height\" content=\"1000\" \/>\n\t<meta property=\"og:image:type\" content=\"image\/jpeg\" \/>\n<meta name=\"author\" content=\"beauville-wp\" \/>\n<meta name=\"twitter:card\" content=\"summary_large_image\" \/>\n<meta name=\"twitter:label1\" content=\"Verfasst von\" \/>\n\t<meta name=\"twitter:data1\" content=\"beauville-wp\" \/>\n\t<meta name=\"twitter:label2\" content=\"Gesch\u00e4tzte Lesezeit\" \/>\n\t<meta name=\"twitter:data2\" content=\"1\u00a0Minute\" \/>\n<script type=\"application\/ld+json\" class=\"yoast-schema-graph\">{\"@context\":\"https:\\\/\\\/schema.org\",\"@graph\":[{\"@type\":\"Article\",\"@id\":\"https:\\\/\\\/www.beauville.com\\\/de\\\/blog\\\/sommer-mit-beauville\\\/#article\",\"isPartOf\":{\"@id\":\"https:\\\/\\\/www.beauville.com\\\/de\\\/blog\\\/sommer-mit-beauville\\\/\"},\"author\":{\"name\":\"beauville-wp\",\"@id\":\"https:\\\/\\\/www.beauville.com\\\/de\\\/#\\\/schema\\\/person\\\/ad0fa64b93a81bc4df4f8d1fb221a594\"},\"headline\":\"Sommer mit Beauvill\u00e9\",\"datePublished\":\"2024-08-20T08:06:33+00:00\",\"mainEntityOfPage\":{\"@id\":\"https:\\\/\\\/www.beauville.com\\\/de\\\/blog\\\/sommer-mit-beauville\\\/\"},\"wordCount\":256,\"publisher\":{\"@id\":\"https:\\\/\\\/www.beauville.com\\\/de\\\/#organization\"},\"image\":{\"@id\":\"https:\\\/\\\/www.beauville.com\\\/de\\\/blog\\\/sommer-mit-beauville\\\/#primaryimage\"},\"thumbnailUrl\":\"https:\\\/\\\/www.beauville.com\\\/wp-inside\\\/uploads\\\/2024\\\/08\\\/corail-rouge-1.jpg\",\"articleSection\":[\"Blog\",\"Nachrichten\"],\"inLanguage\":\"de\"},{\"@type\":\"WebPage\",\"@id\":\"https:\\\/\\\/www.beauville.com\\\/de\\\/blog\\\/sommer-mit-beauville\\\/\",\"url\":\"https:\\\/\\\/www.beauville.com\\\/de\\\/blog\\\/sommer-mit-beauville\\\/\",\"name\":\"Sommer mit Beauvill\u00e9\",\"isPartOf\":{\"@id\":\"https:\\\/\\\/www.beauville.com\\\/de\\\/#website\"},\"primaryImageOfPage\":{\"@id\":\"https:\\\/\\\/www.beauville.com\\\/de\\\/blog\\\/sommer-mit-beauville\\\/#primaryimage\"},\"image\":{\"@id\":\"https:\\\/\\\/www.beauville.com\\\/de\\\/blog\\\/sommer-mit-beauville\\\/#primaryimage\"},\"thumbnailUrl\":\"https:\\\/\\\/www.beauville.com\\\/wp-inside\\\/uploads\\\/2024\\\/08\\\/corail-rouge-1.jpg\",\"datePublished\":\"2024-08-20T08:06:33+00:00\",\"description\":\"Versch\u00f6nern Sie Ihren Sommer mit der Beauvill\u00e9-Marine-Serie: Raffinierte Tischdecken, elegante Geschirrt\u00fccher und bequeme Kissen bringen Frische und Eleganz in Ihren Innen- und Au\u00dfenbereich. Verwandeln Sie Ihren Raum in ein stilvolles Sommerrefugium.\",\"breadcrumb\":{\"@id\":\"https:\\\/\\\/www.beauville.com\\\/de\\\/blog\\\/sommer-mit-beauville\\\/#breadcrumb\"},\"inLanguage\":\"de\",\"potentialAction\":[{\"@type\":\"ReadAction\",\"target\":[\"https:\\\/\\\/www.beauville.com\\\/de\\\/blog\\\/sommer-mit-beauville\\\/\"]}]},{\"@type\":\"ImageObject\",\"inLanguage\":\"de\",\"@id\":\"https:\\\/\\\/www.beauville.com\\\/de\\\/blog\\\/sommer-mit-beauville\\\/#primaryimage\",\"url\":\"https:\\\/\\\/www.beauville.com\\\/wp-inside\\\/uploads\\\/2024\\\/08\\\/corail-rouge-1.jpg\",\"contentUrl\":\"https:\\\/\\\/www.beauville.com\\\/wp-inside\\\/uploads\\\/2024\\\/08\\\/corail-rouge-1.jpg\",\"width\":1000,\"height\":1000,\"caption\":\"Hochwertige Tischdecke Beauvill\u00e9 mit Corail-Muster in einem roten Farbton, elegant und raffiniert, ideal f\u00fcr eine sommerliche oder festliche Tafel.\"},{\"@type\":\"BreadcrumbList\",\"@id\":\"https:\\\/\\\/www.beauville.com\\\/de\\\/blog\\\/sommer-mit-beauville\\\/#breadcrumb\",\"itemListElement\":[{\"@type\":\"ListItem\",\"position\":1,\"name\":\"Home\",\"item\":\"https:\\\/\\\/www.beauville.com\\\/de\\\/\"},{\"@type\":\"ListItem\",\"position\":2,\"name\":\"Blog\",\"item\":\"https:\\\/\\\/www.beauville.com\\\/de\\\/blog\\\/\"},{\"@type\":\"ListItem\",\"position\":3,\"name\":\"Sommer mit Beauvill\u00e9\"}]},{\"@type\":\"WebSite\",\"@id\":\"https:\\\/\\\/www.beauville.com\\\/de\\\/#website\",\"url\":\"https:\\\/\\\/www.beauville.com\\\/de\\\/\",\"name\":\"Beauvill\u00e9\",\"description\":\"Creator by tradition\",\"publisher\":{\"@id\":\"https:\\\/\\\/www.beauville.com\\\/de\\\/#organization\"},\"potentialAction\":[{\"@type\":\"SearchAction\",\"target\":{\"@type\":\"EntryPoint\",\"urlTemplate\":\"https:\\\/\\\/www.beauville.com\\\/de\\\/?s={search_term_string}\"},\"query-input\":{\"@type\":\"PropertyValueSpecification\",\"valueRequired\":true,\"valueName\":\"search_term_string\"}}],\"inLanguage\":\"de\"},{\"@type\":\"Organization\",\"@id\":\"https:\\\/\\\/www.beauville.com\\\/de\\\/#organization\",\"name\":\"Beauvill\u00e9\",\"url\":\"https:\\\/\\\/www.beauville.com\\\/de\\\/\",\"logo\":{\"@type\":\"ImageObject\",\"inLanguage\":\"de\",\"@id\":\"https:\\\/\\\/www.beauville.com\\\/de\\\/#\\\/schema\\\/logo\\\/image\\\/\",\"url\":\"https:\\\/\\\/www.beauville.com\\\/wp-inside\\\/uploads\\\/2018\\\/10\\\/beauville-logo.png\",\"contentUrl\":\"https:\\\/\\\/www.beauville.com\\\/wp-inside\\\/uploads\\\/2018\\\/10\\\/beauville-logo.png\",\"width\":230,\"height\":90,\"caption\":\"Beauvill\u00e9\"},\"image\":{\"@id\":\"https:\\\/\\\/www.beauville.com\\\/de\\\/#\\\/schema\\\/logo\\\/image\\\/\"},\"sameAs\":[\"https:\\\/\\\/www.facebook.com\\\/beauville.createur\",\"https:\\\/\\\/www.instagram.com\\\/beauville.createur\\\/\",\"https:\\\/\\\/www.pinterest.fr\\\/beauvillecreateur\\\/_created\\\/\",\"https:\\\/\\\/www.youtube.com\\\/channel\\\/UCN1DiK6SUHdildYkanOBeeA\"]},{\"@type\":\"Person\",\"@id\":\"https:\\\/\\\/www.beauville.com\\\/de\\\/#\\\/schema\\\/person\\\/ad0fa64b93a81bc4df4f8d1fb221a594\",\"name\":\"beauville-wp\",\"image\":{\"@type\":\"ImageObject\",\"inLanguage\":\"de\",\"@id\":\"https:\\\/\\\/secure.gravatar.com\\\/avatar\\\/ccfc9cd9974f3b2f4684fd5d1c0698785ab3815db27e5b9be74337ccd429086e?s=96&d=mm&r=g\",\"url\":\"https:\\\/\\\/secure.gravatar.com\\\/avatar\\\/ccfc9cd9974f3b2f4684fd5d1c0698785ab3815db27e5b9be74337ccd429086e?s=96&d=mm&r=g\",\"contentUrl\":\"https:\\\/\\\/secure.gravatar.com\\\/avatar\\\/ccfc9cd9974f3b2f4684fd5d1c0698785ab3815db27e5b9be74337ccd429086e?s=96&d=mm&r=g\",\"caption\":\"beauville-wp\"}}]}<\/script>\n<!-- \/ Yoast SEO plugin. -->","yoast_head_json":{"title":"Sommer mit Beauvill\u00e9","description":"Versch\u00f6nern Sie Ihren Sommer mit der Beauvill\u00e9-Marine-Serie: Raffinierte Tischdecken, elegante Geschirrt\u00fccher und bequeme Kissen bringen Frische und Eleganz in Ihren Innen- und Au\u00dfenbereich. Verwandeln Sie Ihren Raum in ein stilvolles Sommerrefugium.","robots":{"index":"index","follow":"follow","max-snippet":"max-snippet:-1","max-image-preview":"max-image-preview:large","max-video-preview":"max-video-preview:-1"},"canonical":"https:\/\/www.beauville.com\/de\/blog\/sommer-mit-beauville\/","og_locale":"de_DE","og_type":"article","og_title":"Sommer mit Beauvill\u00e9","og_description":"Versch\u00f6nern Sie Ihren Sommer mit der Beauvill\u00e9-Marine-Serie: Raffinierte Tischdecken, elegante Geschirrt\u00fccher und bequeme Kissen bringen Frische und Eleganz in Ihren Innen- und Au\u00dfenbereich. Verwandeln Sie Ihren Raum in ein stilvolles Sommerrefugium.","og_url":"https:\/\/www.beauville.com\/de\/blog\/sommer-mit-beauville\/","og_site_name":"Beauvill\u00e9","article_publisher":"https:\/\/www.facebook.com\/beauville.createur","article_published_time":"2024-08-20T08:06:33+00:00","og_image":[{"width":1000,"height":1000,"url":"https:\/\/www.beauville.com\/wp-inside\/uploads\/2024\/08\/corail-rouge-1.jpg","type":"image\/jpeg"}],"author":"beauville-wp","twitter_card":"summary_large_image","twitter_misc":{"Verfasst von":"beauville-wp","Gesch\u00e4tzte Lesezeit":"1\u00a0Minute"},"schema":{"@context":"https:\/\/schema.org","@graph":[{"@type":"Article","@id":"https:\/\/www.beauville.com\/de\/blog\/sommer-mit-beauville\/#article","isPartOf":{"@id":"https:\/\/www.beauville.com\/de\/blog\/sommer-mit-beauville\/"},"author":{"name":"beauville-wp","@id":"https:\/\/www.beauville.com\/de\/#\/schema\/person\/ad0fa64b93a81bc4df4f8d1fb221a594"},"headline":"Sommer mit Beauvill\u00e9","datePublished":"2024-08-20T08:06:33+00:00","mainEntityOfPage":{"@id":"https:\/\/www.beauville.com\/de\/blog\/sommer-mit-beauville\/"},"wordCount":256,"publisher":{"@id":"https:\/\/www.beauville.com\/de\/#organization"},"image":{"@id":"https:\/\/www.beauville.com\/de\/blog\/sommer-mit-beauville\/#primaryimage"},"thumbnailUrl":"https:\/\/www.beauville.com\/wp-inside\/uploads\/2024\/08\/corail-rouge-1.jpg","articleSection":["Blog","Nachrichten"],"inLanguage":"de"},{"@type":"WebPage","@id":"https:\/\/www.beauville.com\/de\/blog\/sommer-mit-beauville\/","url":"https:\/\/www.beauville.com\/de\/blog\/sommer-mit-beauville\/","name":"Sommer mit Beauvill\u00e9","isPartOf":{"@id":"https:\/\/www.beauville.com\/de\/#website"},"primaryImageOfPage":{"@id":"https:\/\/www.beauville.com\/de\/blog\/sommer-mit-beauville\/#primaryimage"},"image":{"@id":"https:\/\/www.beauville.com\/de\/blog\/sommer-mit-beauville\/#primaryimage"},"thumbnailUrl":"https:\/\/www.beauville.com\/wp-inside\/uploads\/2024\/08\/corail-rouge-1.jpg","datePublished":"2024-08-20T08:06:33+00:00","description":"Versch\u00f6nern Sie Ihren Sommer mit der Beauvill\u00e9-Marine-Serie: Raffinierte Tischdecken, elegante Geschirrt\u00fccher und bequeme Kissen bringen Frische und Eleganz in Ihren Innen- und Au\u00dfenbereich. Verwandeln Sie Ihren Raum in ein stilvolles Sommerrefugium.","breadcrumb":{"@id":"https:\/\/www.beauville.com\/de\/blog\/sommer-mit-beauville\/#breadcrumb"},"inLanguage":"de","potentialAction":[{"@type":"ReadAction","target":["https:\/\/www.beauville.com\/de\/blog\/sommer-mit-beauville\/"]}]},{"@type":"ImageObject","inLanguage":"de","@id":"https:\/\/www.beauville.com\/de\/blog\/sommer-mit-beauville\/#primaryimage","url":"https:\/\/www.beauville.com\/wp-inside\/uploads\/2024\/08\/corail-rouge-1.jpg","contentUrl":"https:\/\/www.beauville.com\/wp-inside\/uploads\/2024\/08\/corail-rouge-1.jpg","width":1000,"height":1000,"caption":"Hochwertige Tischdecke Beauvill\u00e9 mit Corail-Muster in einem roten Farbton, elegant und raffiniert, ideal f\u00fcr eine sommerliche oder festliche Tafel."},{"@type":"BreadcrumbList","@id":"https:\/\/www.beauville.com\/de\/blog\/sommer-mit-beauville\/#breadcrumb","itemListElement":[{"@type":"ListItem","position":1,"name":"Home","item":"https:\/\/www.beauville.com\/de\/"},{"@type":"ListItem","position":2,"name":"Blog","item":"https:\/\/www.beauville.com\/de\/blog\/"},{"@type":"ListItem","position":3,"name":"Sommer mit Beauvill\u00e9"}]},{"@type":"WebSite","@id":"https:\/\/www.beauville.com\/de\/#website","url":"https:\/\/www.beauville.com\/de\/","name":"Beauvill\u00e9","description":"Creator by tradition","publisher":{"@id":"https:\/\/www.beauville.com\/de\/#organization"},"potentialAction":[{"@type":"SearchAction","target":{"@type":"EntryPoint","urlTemplate":"https:\/\/www.beauville.com\/de\/?s={search_term_string}"},"query-input":{"@type":"PropertyValueSpecification","valueRequired":true,"valueName":"search_term_string"}}],"inLanguage":"de"},{"@type":"Organization","@id":"https:\/\/www.beauville.com\/de\/#organization","name":"Beauvill\u00e9","url":"https:\/\/www.beauville.com\/de\/","logo":{"@type":"ImageObject","inLanguage":"de","@id":"https:\/\/www.beauville.com\/de\/#\/schema\/logo\/image\/","url":"https:\/\/www.beauville.com\/wp-inside\/uploads\/2018\/10\/beauville-logo.png","contentUrl":"https:\/\/www.beauville.com\/wp-inside\/uploads\/2018\/10\/beauville-logo.png","width":230,"height":90,"caption":"Beauvill\u00e9"},"image":{"@id":"https:\/\/www.beauville.com\/de\/#\/schema\/logo\/image\/"},"sameAs":["https:\/\/www.facebook.com\/beauville.createur","https:\/\/www.instagram.com\/beauville.createur\/","https:\/\/www.pinterest.fr\/beauvillecreateur\/_created\/","https:\/\/www.youtube.com\/channel\/UCN1DiK6SUHdildYkanOBeeA"]},{"@type":"Person","@id":"https:\/\/www.beauville.com\/de\/#\/schema\/person\/ad0fa64b93a81bc4df4f8d1fb221a594","name":"beauville-wp","image":{"@type":"ImageObject","inLanguage":"de","@id":"https:\/\/secure.gravatar.com\/avatar\/ccfc9cd9974f3b2f4684fd5d1c0698785ab3815db27e5b9be74337ccd429086e?s=96&d=mm&r=g","url":"https:\/\/secure.gravatar.com\/avatar\/ccfc9cd9974f3b2f4684fd5d1c0698785ab3815db27e5b9be74337ccd429086e?s=96&d=mm&r=g","contentUrl":"https:\/\/secure.gravatar.com\/avatar\/ccfc9cd9974f3b2f4684fd5d1c0698785ab3815db27e5b9be74337ccd429086e?s=96&d=mm&r=g","caption":"beauville-wp"}}]}},"_links":{"self":[{"href":"https:\/\/www.beauville.com\/de\/wp-json\/wp\/v2\/posts\/31752","targetHints":{"allow":["GET"]}}],"collection":[{"href":"https:\/\/www.beauville.com\/de\/wp-json\/wp\/v2\/posts"}],"about":[{"href":"https:\/\/www.beauville.com\/de\/wp-json\/wp\/v2\/types\/post"}],"author":[{"embeddable":true,"href":"https:\/\/www.beauville.com\/de\/wp-json\/wp\/v2\/users\/2"}],"replies":[{"embeddable":true,"href":"https:\/\/www.beauville.com\/de\/wp-json\/wp\/v2\/comments?post=31752"}],"version-history":[{"count":1,"href":"https:\/\/www.beauville.com\/de\/wp-json\/wp\/v2\/posts\/31752\/revisions"}],"predecessor-version":[{"id":31753,"href":"https:\/\/www.beauville.com\/de\/wp-json\/wp\/v2\/posts\/31752\/revisions\/31753"}],"wp:featuredmedia":[{"embeddable":true,"href":"https:\/\/www.beauville.com\/de\/wp-json\/wp\/v2\/media\/31748"}],"wp:attachment":[{"href":"https:\/\/www.beauville.com\/de\/wp-json\/wp\/v2\/media?parent=31752"}],"wp:term":[{"taxonomy":"category","embeddable":true,"href":"https:\/\/www.beauville.com\/de\/wp-json\/wp\/v2\/categories?post=31752"},{"taxonomy":"post_tag","embeddable":true,"href":"https:\/\/www.beauville.com\/de\/wp-json\/wp\/v2\/tags?post=31752"}],"curies":[{"name":"wp","href":"https:\/\/api.w.org\/{rel}","templated":true}]}}