{"id":32240,"date":"2025-02-13T12:18:50","date_gmt":"2025-02-13T11:18:50","guid":{"rendered":"https:\/\/www.beauville.com\/?p=32240"},"modified":"2025-02-13T12:18:50","modified_gmt":"2025-02-13T11:18:50","slug":"beauville-enthuellt-seine-kollektion-fruehjahr-sommer-2025-eine-explosion-von-farben-und-raffinesse","status":"publish","type":"post","link":"https:\/\/www.beauville.com\/de\/blog\/beauville-enthuellt-seine-kollektion-fruehjahr-sommer-2025-eine-explosion-von-farben-und-raffinesse\/","title":{"rendered":"Beauvill\u00e9 enth\u00fcllt seine Kollektion Fr\u00fchjahr\/Sommer 2025: Eine Explosion von Farben und Raffinesse"},"content":{"rendered":"<p>Mit der Ankunft der sch\u00f6nen Tage feiert Beauvill\u00e9 die Erneuerung mit einer Kollektion Fr\u00fchjahr\/Sommer 2025, die im Zeichen von Eleganz und Frische steht. Zwischen inspirierenden neuen Motiven und gewagten Neukolorationen verspricht diese Saison, Ihre Innenr\u00e4ume und Tische mit einer unvergleichlichen Raffinesse zu verzaubern.<\/p>\n<h2>Von Poesie und Exotik gepr\u00e4gte Neuheiten<\/h2>\n<p><img decoding=\"async\" src=\"https:\/\/www.beauville.com\/wp-inside\/uploads\/2025\/02\/2.jpg\" class=\"alignnone size-full\" \/><\/p>\n<p>Dieses Jahr enth\u00fcllt Beauvill\u00e9 zwei neue, exklusive Motive:<\/p>\n<p>&#x1f33a; <a href=\"https:\/\/www.beauville.com\/shop\/de\/neue-produkte\/2122-parfum-d-orient-tischdecke.html#\/130-farben-azur_blau\/48-grobe-quadrat_170x170cm\">Parfum d&#8217;Orient<\/a>: Eine sinnliche Reise durch die G\u00e4rten des Orients, wo sich zarte Arabesken und berauschende D\u00fcfte vermischen. Dieses Motiv l\u00e4dt zu einer Flucht aus dem Alltag ein und verwandelt jede Mahlzeit in einen raffinierten Ausflug.<\/p>\n<p>&#x1f338; <a href=\"https:\/\/www.beauville.com\/shop\/de\/neue-produkte\/2124-fleurs-de-pavot-tischdecke.html#\/20-farben-rot\/48-grobe-quadrat_170x170cm\">Mohnblumen<\/a>: Inspiriert von bl\u00fchenden Mohnfeldern, bringt dieses zarte und romantische Design einen Hauch von Natur und Zartheit in Ihre Dekoration.<\/p>\n<p><img decoding=\"async\" src=\"https:\/\/www.beauville.com\/wp-inside\/uploads\/2025\/02\/3.jpg\" class=\"alignnone size-full\" \/><\/p>\n<h2>Eine \u00fcberarbeitete Farbpalette f\u00fcr einen strahlenden Sommer<\/h2>\n<p>Beauvill\u00e9 \u00fcberarbeitet<\/p>\n<p>auch seine ikonischen Motive mit modernen und vibrierenden Farbt\u00f6nen:<\/p>\n<p>&#x1f3a8; Darjeeling, jetzt in drei neuen Nuancen erh\u00e4ltlich: Ozean, Magenta und Gelb, f\u00fcr ein schickes und zugleich dynamisches Ambiente.<\/p>\n<p><img decoding=\"async\" src=\"https:\/\/www.beauville.com\/wp-inside\/uploads\/2025\/02\/1-1.jpg\" class=\"alignnone size-full\" \/><\/p>\n<p>&#x1f33f; Eukalyptus, veredelt durch ein zartes Celadon, das an die Frische eines Fr\u00fchlingsgartens erinnert.<\/p>\n<p><img decoding=\"async\" src=\"https:\/\/www.beauville.com\/wp-inside\/uploads\/2025\/02\/4.jpg\" class=\"alignnone size-full\" \/><\/p>\n<p>&#x1f49a; Topkapi, \u00fcberarbeitet in Mint und Grenadine, spritzige Farben, die den Tisch mit Eleganz erwecken.<\/p>\n<p><img decoding=\"async\" src=\"https:\/\/www.beauville.com\/wp-inside\/uploads\/2025\/02\/5.jpg\" class=\"alignnone size-full\" \/><\/p>\n<h2>\nNeuartige Geschirrt\u00fccher f\u00fcr eine raffinierte K\u00fcche<\/h2>\n<p>Da jedes Detail z\u00e4hlt, bereichert Beauvill\u00e9 seine Kollektion auch mit neuen Geschirrt\u00fcchern in exklusiven Designs. Die praktischen und \u00e4sthetischen Geschirrt\u00fccher verleihen Ihrer K\u00fcche einen Hauch von Eleganz und sind gleichzeitig eine Hommage an das textile Know-how des Hauses.<\/p>\n<p><img decoding=\"async\" src=\"https:\/\/www.beauville.com\/wp-inside\/uploads\/2025\/02\/banniere-kiliba.jpg\" class=\"alignnone size-full\" \/><\/p>\n<h2>Eine Kollektion zwischen Tradition und Modernit\u00e4t<\/h2>\n<p>Getreu seinem Erbe der Exzellenz verbindet Beauvill\u00e9 in dieser Kollektion Tradition und Innovation. Jedes St\u00fcck ist das Ergebnis einer sorgf\u00e4ltigen Arbeit, bei der die Beherrschung der Farben und die Pr\u00e4zision der Details die Stoffe sublimieren.<\/p>\n<p>Lassen Sie sich in dieser Saison von der zeitlosen Eleganz von Beauvill\u00e9 verf\u00fchren und verwandeln Sie Ihr Zuhause mit St\u00fccken, die franz\u00f6sische Lebensart ausstrahlen.<\/p>\n<p><strong>&#x2728; Entdecken Sie jetzt die Kollektion Fr\u00fchjahr\/Sommer 2025 und bringen Sie einen Hauch von Raffinesse in Ihren Alltag! &#x2728;<\/strong><\/p>\n<p>&nbsp;<\/p>\n","protected":false},"excerpt":{"rendered":"<p>Mit der Ankunft der sch\u00f6nen Tage feiert Beauvill\u00e9 die Erneuerung mit einer Kollektion Fr\u00fchjahr\/Sommer 2025, die im Zeichen von Eleganz und Frische steht. Zwischen inspirierenden neuen Motiven und gewagten Neukolorationen [&hellip;]<\/p>\n","protected":false},"author":2,"featured_media":32237,"comment_status":"closed","ping_status":"closed","sticky":false,"template":"","format":"standard","meta":{"_acf_changed":false,"footnotes":""},"categories":[27,50,45],"tags":[],"class_list":["post-32240","post","type-post","status-publish","format-standard","has-post-thumbnail","hentry","category-blog","category-nachrichten","category-trends-dekoration-und-wohnkunst","wp-sticky"],"acf":[],"yoast_head":"<!-- This site is optimized with the Yoast SEO plugin v27.5 - https:\/\/yoast.com\/product\/yoast-seo-wordpress\/ -->\n<title>Beauvill\u00e9 enth\u00fcllt seine Kollektion Fr\u00fchjahr\/Sommer 2025: Eine Explosion von Farben und Raffinesse<\/title>\n<meta name=\"robots\" content=\"index, follow, max-snippet:-1, max-image-preview:large, max-video-preview:-1\" \/>\n<link rel=\"canonical\" href=\"https:\/\/www.beauville.com\/de\/blog\/beauville-enthuellt-seine-kollektion-fruehjahr-sommer-2025-eine-explosion-von-farben-und-raffinesse\/\" \/>\n<meta property=\"og:locale\" content=\"de_DE\" \/>\n<meta property=\"og:type\" content=\"article\" \/>\n<meta property=\"og:title\" content=\"Beauvill\u00e9 enth\u00fcllt seine Kollektion Fr\u00fchjahr\/Sommer 2025: Eine Explosion von Farben und Raffinesse\" \/>\n<meta property=\"og:description\" content=\"Mit der Ankunft der sch\u00f6nen Tage feiert Beauvill\u00e9 die Erneuerung mit einer Kollektion Fr\u00fchjahr\/Sommer 2025, die im Zeichen von Eleganz und Frische steht. Zwischen inspirierenden neuen Motiven und gewagten Neukolorationen [&hellip;]\" \/>\n<meta property=\"og:url\" content=\"https:\/\/www.beauville.com\/de\/blog\/beauville-enthuellt-seine-kollektion-fruehjahr-sommer-2025-eine-explosion-von-farben-und-raffinesse\/\" \/>\n<meta property=\"og:site_name\" content=\"Beauvill\u00e9\" \/>\n<meta property=\"article:publisher\" content=\"https:\/\/www.facebook.com\/beauville.createur\" \/>\n<meta property=\"article:published_time\" content=\"2025-02-13T11:18:50+00:00\" \/>\n<meta property=\"og:image\" content=\"https:\/\/www.beauville.com\/wp-inside\/uploads\/2025\/02\/fev-04.jpg\" \/>\n\t<meta property=\"og:image:width\" content=\"2000\" \/>\n\t<meta property=\"og:image:height\" content=\"2500\" \/>\n\t<meta property=\"og:image:type\" content=\"image\/jpeg\" \/>\n<meta name=\"author\" content=\"beauville-wp\" \/>\n<meta name=\"twitter:card\" content=\"summary_large_image\" \/>\n<meta name=\"twitter:label1\" content=\"Verfasst von\" \/>\n\t<meta name=\"twitter:data1\" content=\"beauville-wp\" \/>\n\t<meta name=\"twitter:label2\" content=\"Gesch\u00e4tzte Lesezeit\" \/>\n\t<meta name=\"twitter:data2\" content=\"2\u00a0Minuten\" \/>\n<script type=\"application\/ld+json\" class=\"yoast-schema-graph\">{\"@context\":\"https:\\\/\\\/schema.org\",\"@graph\":[{\"@type\":\"Article\",\"@id\":\"https:\\\/\\\/www.beauville.com\\\/de\\\/blog\\\/beauville-enthuellt-seine-kollektion-fruehjahr-sommer-2025-eine-explosion-von-farben-und-raffinesse\\\/#article\",\"isPartOf\":{\"@id\":\"https:\\\/\\\/www.beauville.com\\\/de\\\/blog\\\/beauville-enthuellt-seine-kollektion-fruehjahr-sommer-2025-eine-explosion-von-farben-und-raffinesse\\\/\"},\"author\":{\"name\":\"beauville-wp\",\"@id\":\"https:\\\/\\\/www.beauville.com\\\/de\\\/#\\\/schema\\\/person\\\/ad0fa64b93a81bc4df4f8d1fb221a594\"},\"headline\":\"Beauvill\u00e9 enth\u00fcllt seine Kollektion Fr\u00fchjahr\\\/Sommer 2025: Eine Explosion von Farben und Raffinesse\",\"datePublished\":\"2025-02-13T11:18:50+00:00\",\"mainEntityOfPage\":{\"@id\":\"https:\\\/\\\/www.beauville.com\\\/de\\\/blog\\\/beauville-enthuellt-seine-kollektion-fruehjahr-sommer-2025-eine-explosion-von-farben-und-raffinesse\\\/\"},\"wordCount\":363,\"publisher\":{\"@id\":\"https:\\\/\\\/www.beauville.com\\\/de\\\/#organization\"},\"image\":{\"@id\":\"https:\\\/\\\/www.beauville.com\\\/de\\\/blog\\\/beauville-enthuellt-seine-kollektion-fruehjahr-sommer-2025-eine-explosion-von-farben-und-raffinesse\\\/#primaryimage\"},\"thumbnailUrl\":\"https:\\\/\\\/www.beauville.com\\\/wp-inside\\\/uploads\\\/2025\\\/02\\\/fev-04.jpg\",\"articleSection\":[\"Blog\",\"Nachrichten\",\"Trends, Dekoration und Wohnkunst\"],\"inLanguage\":\"de\"},{\"@type\":\"WebPage\",\"@id\":\"https:\\\/\\\/www.beauville.com\\\/de\\\/blog\\\/beauville-enthuellt-seine-kollektion-fruehjahr-sommer-2025-eine-explosion-von-farben-und-raffinesse\\\/\",\"url\":\"https:\\\/\\\/www.beauville.com\\\/de\\\/blog\\\/beauville-enthuellt-seine-kollektion-fruehjahr-sommer-2025-eine-explosion-von-farben-und-raffinesse\\\/\",\"name\":\"Beauvill\u00e9 enth\u00fcllt seine Kollektion Fr\u00fchjahr\\\/Sommer 2025: Eine Explosion von Farben und Raffinesse\",\"isPartOf\":{\"@id\":\"https:\\\/\\\/www.beauville.com\\\/de\\\/#website\"},\"primaryImageOfPage\":{\"@id\":\"https:\\\/\\\/www.beauville.com\\\/de\\\/blog\\\/beauville-enthuellt-seine-kollektion-fruehjahr-sommer-2025-eine-explosion-von-farben-und-raffinesse\\\/#primaryimage\"},\"image\":{\"@id\":\"https:\\\/\\\/www.beauville.com\\\/de\\\/blog\\\/beauville-enthuellt-seine-kollektion-fruehjahr-sommer-2025-eine-explosion-von-farben-und-raffinesse\\\/#primaryimage\"},\"thumbnailUrl\":\"https:\\\/\\\/www.beauville.com\\\/wp-inside\\\/uploads\\\/2025\\\/02\\\/fev-04.jpg\",\"datePublished\":\"2025-02-13T11:18:50+00:00\",\"breadcrumb\":{\"@id\":\"https:\\\/\\\/www.beauville.com\\\/de\\\/blog\\\/beauville-enthuellt-seine-kollektion-fruehjahr-sommer-2025-eine-explosion-von-farben-und-raffinesse\\\/#breadcrumb\"},\"inLanguage\":\"de\",\"potentialAction\":[{\"@type\":\"ReadAction\",\"target\":[\"https:\\\/\\\/www.beauville.com\\\/de\\\/blog\\\/beauville-enthuellt-seine-kollektion-fruehjahr-sommer-2025-eine-explosion-von-farben-und-raffinesse\\\/\"]}]},{\"@type\":\"ImageObject\",\"inLanguage\":\"de\",\"@id\":\"https:\\\/\\\/www.beauville.com\\\/de\\\/blog\\\/beauville-enthuellt-seine-kollektion-fruehjahr-sommer-2025-eine-explosion-von-farben-und-raffinesse\\\/#primaryimage\",\"url\":\"https:\\\/\\\/www.beauville.com\\\/wp-inside\\\/uploads\\\/2025\\\/02\\\/fev-04.jpg\",\"contentUrl\":\"https:\\\/\\\/www.beauville.com\\\/wp-inside\\\/uploads\\\/2025\\\/02\\\/fev-04.jpg\",\"width\":2000,\"height\":2500,\"caption\":\"Nappe Fleurs de Pavot : une \u00e9l\u00e9gante touche florale pour sublimer votre table. Un motif d\u00e9licat de pavots en pleine floraison, aux couleurs vives et raffin\u00e9es, pour une d\u00e9coration printani\u00e8re pleine de fra\u00eecheur et de po\u00e9sie.\"},{\"@type\":\"BreadcrumbList\",\"@id\":\"https:\\\/\\\/www.beauville.com\\\/de\\\/blog\\\/beauville-enthuellt-seine-kollektion-fruehjahr-sommer-2025-eine-explosion-von-farben-und-raffinesse\\\/#breadcrumb\",\"itemListElement\":[{\"@type\":\"ListItem\",\"position\":1,\"name\":\"Home\",\"item\":\"https:\\\/\\\/www.beauville.com\\\/de\\\/\"},{\"@type\":\"ListItem\",\"position\":2,\"name\":\"Blog\",\"item\":\"https:\\\/\\\/www.beauville.com\\\/de\\\/blog\\\/\"},{\"@type\":\"ListItem\",\"position\":3,\"name\":\"Beauvill\u00e9 enth\u00fcllt seine Kollektion Fr\u00fchjahr\\\/Sommer 2025&#160;: Eine Explosion von Farben und Raffinesse\"}]},{\"@type\":\"WebSite\",\"@id\":\"https:\\\/\\\/www.beauville.com\\\/de\\\/#website\",\"url\":\"https:\\\/\\\/www.beauville.com\\\/de\\\/\",\"name\":\"Beauvill\u00e9\",\"description\":\"Creator by tradition\",\"publisher\":{\"@id\":\"https:\\\/\\\/www.beauville.com\\\/de\\\/#organization\"},\"potentialAction\":[{\"@type\":\"SearchAction\",\"target\":{\"@type\":\"EntryPoint\",\"urlTemplate\":\"https:\\\/\\\/www.beauville.com\\\/de\\\/?s={search_term_string}\"},\"query-input\":{\"@type\":\"PropertyValueSpecification\",\"valueRequired\":true,\"valueName\":\"search_term_string\"}}],\"inLanguage\":\"de\"},{\"@type\":\"Organization\",\"@id\":\"https:\\\/\\\/www.beauville.com\\\/de\\\/#organization\",\"name\":\"Beauvill\u00e9\",\"url\":\"https:\\\/\\\/www.beauville.com\\\/de\\\/\",\"logo\":{\"@type\":\"ImageObject\",\"inLanguage\":\"de\",\"@id\":\"https:\\\/\\\/www.beauville.com\\\/de\\\/#\\\/schema\\\/logo\\\/image\\\/\",\"url\":\"https:\\\/\\\/www.beauville.com\\\/wp-inside\\\/uploads\\\/2018\\\/10\\\/beauville-logo.png\",\"contentUrl\":\"https:\\\/\\\/www.beauville.com\\\/wp-inside\\\/uploads\\\/2018\\\/10\\\/beauville-logo.png\",\"width\":230,\"height\":90,\"caption\":\"Beauvill\u00e9\"},\"image\":{\"@id\":\"https:\\\/\\\/www.beauville.com\\\/de\\\/#\\\/schema\\\/logo\\\/image\\\/\"},\"sameAs\":[\"https:\\\/\\\/www.facebook.com\\\/beauville.createur\",\"https:\\\/\\\/www.instagram.com\\\/beauville.createur\\\/\",\"https:\\\/\\\/www.pinterest.fr\\\/beauvillecreateur\\\/_created\\\/\",\"https:\\\/\\\/www.youtube.com\\\/channel\\\/UCN1DiK6SUHdildYkanOBeeA\"]},{\"@type\":\"Person\",\"@id\":\"https:\\\/\\\/www.beauville.com\\\/de\\\/#\\\/schema\\\/person\\\/ad0fa64b93a81bc4df4f8d1fb221a594\",\"name\":\"beauville-wp\",\"image\":{\"@type\":\"ImageObject\",\"inLanguage\":\"de\",\"@id\":\"https:\\\/\\\/secure.gravatar.com\\\/avatar\\\/ccfc9cd9974f3b2f4684fd5d1c0698785ab3815db27e5b9be74337ccd429086e?s=96&d=mm&r=g\",\"url\":\"https:\\\/\\\/secure.gravatar.com\\\/avatar\\\/ccfc9cd9974f3b2f4684fd5d1c0698785ab3815db27e5b9be74337ccd429086e?s=96&d=mm&r=g\",\"contentUrl\":\"https:\\\/\\\/secure.gravatar.com\\\/avatar\\\/ccfc9cd9974f3b2f4684fd5d1c0698785ab3815db27e5b9be74337ccd429086e?s=96&d=mm&r=g\",\"caption\":\"beauville-wp\"}}]}<\/script>\n<!-- \/ Yoast SEO plugin. -->","yoast_head_json":{"title":"Beauvill\u00e9 enth\u00fcllt seine Kollektion Fr\u00fchjahr\/Sommer 2025: Eine Explosion von Farben und Raffinesse","robots":{"index":"index","follow":"follow","max-snippet":"max-snippet:-1","max-image-preview":"max-image-preview:large","max-video-preview":"max-video-preview:-1"},"canonical":"https:\/\/www.beauville.com\/de\/blog\/beauville-enthuellt-seine-kollektion-fruehjahr-sommer-2025-eine-explosion-von-farben-und-raffinesse\/","og_locale":"de_DE","og_type":"article","og_title":"Beauvill\u00e9 enth\u00fcllt seine Kollektion Fr\u00fchjahr\/Sommer 2025: Eine Explosion von Farben und Raffinesse","og_description":"Mit der Ankunft der sch\u00f6nen Tage feiert Beauvill\u00e9 die Erneuerung mit einer Kollektion Fr\u00fchjahr\/Sommer 2025, die im Zeichen von Eleganz und Frische steht. Zwischen inspirierenden neuen Motiven und gewagten Neukolorationen [&hellip;]","og_url":"https:\/\/www.beauville.com\/de\/blog\/beauville-enthuellt-seine-kollektion-fruehjahr-sommer-2025-eine-explosion-von-farben-und-raffinesse\/","og_site_name":"Beauvill\u00e9","article_publisher":"https:\/\/www.facebook.com\/beauville.createur","article_published_time":"2025-02-13T11:18:50+00:00","og_image":[{"width":2000,"height":2500,"url":"https:\/\/www.beauville.com\/wp-inside\/uploads\/2025\/02\/fev-04.jpg","type":"image\/jpeg"}],"author":"beauville-wp","twitter_card":"summary_large_image","twitter_misc":{"Verfasst von":"beauville-wp","Gesch\u00e4tzte Lesezeit":"2\u00a0Minuten"},"schema":{"@context":"https:\/\/schema.org","@graph":[{"@type":"Article","@id":"https:\/\/www.beauville.com\/de\/blog\/beauville-enthuellt-seine-kollektion-fruehjahr-sommer-2025-eine-explosion-von-farben-und-raffinesse\/#article","isPartOf":{"@id":"https:\/\/www.beauville.com\/de\/blog\/beauville-enthuellt-seine-kollektion-fruehjahr-sommer-2025-eine-explosion-von-farben-und-raffinesse\/"},"author":{"name":"beauville-wp","@id":"https:\/\/www.beauville.com\/de\/#\/schema\/person\/ad0fa64b93a81bc4df4f8d1fb221a594"},"headline":"Beauvill\u00e9 enth\u00fcllt seine Kollektion Fr\u00fchjahr\/Sommer 2025: Eine Explosion von Farben und Raffinesse","datePublished":"2025-02-13T11:18:50+00:00","mainEntityOfPage":{"@id":"https:\/\/www.beauville.com\/de\/blog\/beauville-enthuellt-seine-kollektion-fruehjahr-sommer-2025-eine-explosion-von-farben-und-raffinesse\/"},"wordCount":363,"publisher":{"@id":"https:\/\/www.beauville.com\/de\/#organization"},"image":{"@id":"https:\/\/www.beauville.com\/de\/blog\/beauville-enthuellt-seine-kollektion-fruehjahr-sommer-2025-eine-explosion-von-farben-und-raffinesse\/#primaryimage"},"thumbnailUrl":"https:\/\/www.beauville.com\/wp-inside\/uploads\/2025\/02\/fev-04.jpg","articleSection":["Blog","Nachrichten","Trends, Dekoration und Wohnkunst"],"inLanguage":"de"},{"@type":"WebPage","@id":"https:\/\/www.beauville.com\/de\/blog\/beauville-enthuellt-seine-kollektion-fruehjahr-sommer-2025-eine-explosion-von-farben-und-raffinesse\/","url":"https:\/\/www.beauville.com\/de\/blog\/beauville-enthuellt-seine-kollektion-fruehjahr-sommer-2025-eine-explosion-von-farben-und-raffinesse\/","name":"Beauvill\u00e9 enth\u00fcllt seine Kollektion Fr\u00fchjahr\/Sommer 2025: Eine Explosion von Farben und Raffinesse","isPartOf":{"@id":"https:\/\/www.beauville.com\/de\/#website"},"primaryImageOfPage":{"@id":"https:\/\/www.beauville.com\/de\/blog\/beauville-enthuellt-seine-kollektion-fruehjahr-sommer-2025-eine-explosion-von-farben-und-raffinesse\/#primaryimage"},"image":{"@id":"https:\/\/www.beauville.com\/de\/blog\/beauville-enthuellt-seine-kollektion-fruehjahr-sommer-2025-eine-explosion-von-farben-und-raffinesse\/#primaryimage"},"thumbnailUrl":"https:\/\/www.beauville.com\/wp-inside\/uploads\/2025\/02\/fev-04.jpg","datePublished":"2025-02-13T11:18:50+00:00","breadcrumb":{"@id":"https:\/\/www.beauville.com\/de\/blog\/beauville-enthuellt-seine-kollektion-fruehjahr-sommer-2025-eine-explosion-von-farben-und-raffinesse\/#breadcrumb"},"inLanguage":"de","potentialAction":[{"@type":"ReadAction","target":["https:\/\/www.beauville.com\/de\/blog\/beauville-enthuellt-seine-kollektion-fruehjahr-sommer-2025-eine-explosion-von-farben-und-raffinesse\/"]}]},{"@type":"ImageObject","inLanguage":"de","@id":"https:\/\/www.beauville.com\/de\/blog\/beauville-enthuellt-seine-kollektion-fruehjahr-sommer-2025-eine-explosion-von-farben-und-raffinesse\/#primaryimage","url":"https:\/\/www.beauville.com\/wp-inside\/uploads\/2025\/02\/fev-04.jpg","contentUrl":"https:\/\/www.beauville.com\/wp-inside\/uploads\/2025\/02\/fev-04.jpg","width":2000,"height":2500,"caption":"Nappe Fleurs de Pavot : une \u00e9l\u00e9gante touche florale pour sublimer votre table. Un motif d\u00e9licat de pavots en pleine floraison, aux couleurs vives et raffin\u00e9es, pour une d\u00e9coration printani\u00e8re pleine de fra\u00eecheur et de po\u00e9sie."},{"@type":"BreadcrumbList","@id":"https:\/\/www.beauville.com\/de\/blog\/beauville-enthuellt-seine-kollektion-fruehjahr-sommer-2025-eine-explosion-von-farben-und-raffinesse\/#breadcrumb","itemListElement":[{"@type":"ListItem","position":1,"name":"Home","item":"https:\/\/www.beauville.com\/de\/"},{"@type":"ListItem","position":2,"name":"Blog","item":"https:\/\/www.beauville.com\/de\/blog\/"},{"@type":"ListItem","position":3,"name":"Beauvill\u00e9 enth\u00fcllt seine Kollektion Fr\u00fchjahr\/Sommer 2025&#160;: Eine Explosion von Farben und Raffinesse"}]},{"@type":"WebSite","@id":"https:\/\/www.beauville.com\/de\/#website","url":"https:\/\/www.beauville.com\/de\/","name":"Beauvill\u00e9","description":"Creator by tradition","publisher":{"@id":"https:\/\/www.beauville.com\/de\/#organization"},"potentialAction":[{"@type":"SearchAction","target":{"@type":"EntryPoint","urlTemplate":"https:\/\/www.beauville.com\/de\/?s={search_term_string}"},"query-input":{"@type":"PropertyValueSpecification","valueRequired":true,"valueName":"search_term_string"}}],"inLanguage":"de"},{"@type":"Organization","@id":"https:\/\/www.beauville.com\/de\/#organization","name":"Beauvill\u00e9","url":"https:\/\/www.beauville.com\/de\/","logo":{"@type":"ImageObject","inLanguage":"de","@id":"https:\/\/www.beauville.com\/de\/#\/schema\/logo\/image\/","url":"https:\/\/www.beauville.com\/wp-inside\/uploads\/2018\/10\/beauville-logo.png","contentUrl":"https:\/\/www.beauville.com\/wp-inside\/uploads\/2018\/10\/beauville-logo.png","width":230,"height":90,"caption":"Beauvill\u00e9"},"image":{"@id":"https:\/\/www.beauville.com\/de\/#\/schema\/logo\/image\/"},"sameAs":["https:\/\/www.facebook.com\/beauville.createur","https:\/\/www.instagram.com\/beauville.createur\/","https:\/\/www.pinterest.fr\/beauvillecreateur\/_created\/","https:\/\/www.youtube.com\/channel\/UCN1DiK6SUHdildYkanOBeeA"]},{"@type":"Person","@id":"https:\/\/www.beauville.com\/de\/#\/schema\/person\/ad0fa64b93a81bc4df4f8d1fb221a594","name":"beauville-wp","image":{"@type":"ImageObject","inLanguage":"de","@id":"https:\/\/secure.gravatar.com\/avatar\/ccfc9cd9974f3b2f4684fd5d1c0698785ab3815db27e5b9be74337ccd429086e?s=96&d=mm&r=g","url":"https:\/\/secure.gravatar.com\/avatar\/ccfc9cd9974f3b2f4684fd5d1c0698785ab3815db27e5b9be74337ccd429086e?s=96&d=mm&r=g","contentUrl":"https:\/\/secure.gravatar.com\/avatar\/ccfc9cd9974f3b2f4684fd5d1c0698785ab3815db27e5b9be74337ccd429086e?s=96&d=mm&r=g","caption":"beauville-wp"}}]}},"_links":{"self":[{"href":"https:\/\/www.beauville.com\/de\/wp-json\/wp\/v2\/posts\/32240","targetHints":{"allow":["GET"]}}],"collection":[{"href":"https:\/\/www.beauville.com\/de\/wp-json\/wp\/v2\/posts"}],"about":[{"href":"https:\/\/www.beauville.com\/de\/wp-json\/wp\/v2\/types\/post"}],"author":[{"embeddable":true,"href":"https:\/\/www.beauville.com\/de\/wp-json\/wp\/v2\/users\/2"}],"replies":[{"embeddable":true,"href":"https:\/\/www.beauville.com\/de\/wp-json\/wp\/v2\/comments?post=32240"}],"version-history":[{"count":1,"href":"https:\/\/www.beauville.com\/de\/wp-json\/wp\/v2\/posts\/32240\/revisions"}],"predecessor-version":[{"id":32241,"href":"https:\/\/www.beauville.com\/de\/wp-json\/wp\/v2\/posts\/32240\/revisions\/32241"}],"wp:featuredmedia":[{"embeddable":true,"href":"https:\/\/www.beauville.com\/de\/wp-json\/wp\/v2\/media\/32237"}],"wp:attachment":[{"href":"https:\/\/www.beauville.com\/de\/wp-json\/wp\/v2\/media?parent=32240"}],"wp:term":[{"taxonomy":"category","embeddable":true,"href":"https:\/\/www.beauville.com\/de\/wp-json\/wp\/v2\/categories?post=32240"},{"taxonomy":"post_tag","embeddable":true,"href":"https:\/\/www.beauville.com\/de\/wp-json\/wp\/v2\/tags?post=32240"}],"curies":[{"name":"wp","href":"https:\/\/api.w.org\/{rel}","templated":true}]}}