{"id":32917,"date":"2023-11-22T10:36:00","date_gmt":"2023-11-22T09:36:00","guid":{"rendered":"https:\/\/www.beauville.com\/blog\/inspiration-pour-votre-table-de-fete\/"},"modified":"2025-05-13T14:06:51","modified_gmt":"2025-05-13T12:06:51","slug":"inspiration-fuer-ihren-festtagstisch","status":"publish","type":"post","link":"https:\/\/www.beauville.com\/de\/blog\/inspiration-fuer-ihren-festtagstisch\/","title":{"rendered":"Inspiration f\u00fcr Ihren Festtagstisch"},"content":{"rendered":"<p data-start=\"110\" data-end=\"449\">Das Jahr 2023 bringt eine neue \u00c4ra der Raffinesse und Nat\u00fcrlichkeit auf unsere Festtagstische. Auf der Suche nach Authentizit\u00e4t treten nat\u00fcrliche Materialien und Umweltbewusstsein in den Vordergrund. Tauchen Sie ein in die bezaubernde Welt von Beauvill\u00e9 und entdecken Sie inspirierende Ideen, um unvergessliche Festtagstische zu gestalten.<\/p>\n<h3 data-start=\"451\" data-end=\"509\"><strong data-start=\"451\" data-end=\"509\">Nat\u00fcrliche Eleganz mit Beauvill\u00e9 aus Bio-Baumwollsatin<\/strong><\/h3>\n<p data-start=\"511\" data-end=\"897\">2023 steht im Zeichen der Natur, und was k\u00f6nnte besser sein, als umweltfreundliche Materialien zu w\u00e4hlen? Die Herbst\/Winter-Kollektion von Beauvill\u00e9, die vollst\u00e4ndig aus Bio-Baumwollsatin gefertigt ist, verk\u00f6rpert diese neue Vision perfekt. Die reichen T\u00f6ne und zarten Texturen dieser St\u00fccke verleihen Ihrem Tisch einen luxuri\u00f6sen Touch, w\u00e4hrend sie gleichzeitig die Natur respektieren.<\/p>\n<h3 data-start=\"899\" data-end=\"957\"><strong data-start=\"899\" data-end=\"957\">Verfeinerte Tradition: Rot und Gr\u00fcn, ein zeitloses Duo<\/strong><\/h3>\n<p><img decoding=\"async\" src=\"https:\/\/www.beauville.com\/wp-inside\/uploads\/2023\/11\/2023-collection-automne-hiver-reve-dhiver-col.-carmin-12.jpg\" class=\"alignnone size-full\" \/><\/p>\n<p data-start=\"959\" data-end=\"1332\">Die Tradition hat ihren Charme, und das Duo aus Rot und Gr\u00fcn feiert in diesem Jahr ein bemerkenswertes Comeback. Die Tischdecken von Beauvill\u00e9 harmonieren perfekt mit dieser klassischen Farbpalette. W\u00e4hlen Sie passende Accessoires wie Servietten und Tischl\u00e4ufer f\u00fcr visuelle Harmonie. Ein Strau\u00df Stechpalme bringt einen Hauch von glamour\u00f6sem, frischem Gr\u00fcn auf Ihren Tisch.<\/p>\n<h3 data-start=\"1334\" data-end=\"1403\"><strong data-start=\"1334\" data-end=\"1403\">Zeitgen\u00f6ssischer Tisch: Eine Fusion von Stil und moderner Eleganz<\/strong><\/h3>\n<p><img decoding=\"async\" src=\"https:\/\/www.beauville.com\/wp-inside\/uploads\/2023\/11\/2023-collection-automne-hiver-nuit-etoilee-col.-emeraude-15.jpg\" class=\"alignnone size-full\" \/><\/p>\n<p data-start=\"1405\" data-end=\"1796\">F\u00fcr diejenigen, die einen moderneren Ansatz bevorzugen, bietet Beauvill\u00e9 ebenfalls Optionen, die die Grenzen traditioneller Eleganz erweitern. W\u00e4hlen Sie eine Tischdecke mit modernen Mustern, kombiniert mit schlichten Accessoires. Wei\u00dfe oder durchsichtige Geschirrteile lassen die Magie der Beauvill\u00e9-Tischdecken wirken, w\u00e4hrend funkelnde Kerzen eine warme und gesellige Atmosph\u00e4re schaffen.<\/p>\n<h3 data-start=\"1798\" data-end=\"1846\"><strong data-start=\"1798\" data-end=\"1846\">Tischl\u00e4ufer: Der rote Faden Ihrer Geschichte<\/strong><\/h3>\n<p><img decoding=\"async\" src=\"https:\/\/www.beauville.com\/wp-inside\/uploads\/2023\/11\/img_e1459.jpg\" class=\"alignnone\" \/><\/p>\n<p data-start=\"1848\" data-end=\"2185\">Stellen Sie sich Ihren Festtagstisch als visuelle Erz\u00e4hlung vor, und der Tischl\u00e4ufer von Beauvill\u00e9 ist der rote Faden, der diese Geschichte erz\u00e4hlt. Platzieren Sie ihn in der Mitte des Tisches, um eine subtile und elegante Trennung zu schaffen. Seine zarte Textur und exquisiten Muster verleihen Ihrem Tisch eine k\u00fcnstlerische Dimension.<\/p>\n<h3 data-start=\"2187\" data-end=\"2260\"><strong data-start=\"2187\" data-end=\"2260\">Nat\u00fcrliche Dekoration: Ein verzauberter Wald in der Mitte des Tisches<\/strong><\/h3>\n<p><img decoding=\"async\" src=\"https:\/\/www.beauville.com\/wp-inside\/uploads\/2023\/11\/img_e1061.jpg\" class=\"alignnone\" \/><\/p>\n<p data-start=\"2262\" data-end=\"2715\">Es ist nicht immer notwendig, in aufw\u00e4ndige Dekorationen zu investieren. Im Jahr 2023 gehen Sie einfach auf Entdeckungsreise im Wald, um nat\u00fcrliche Sch\u00e4tze wie Zweige, Bl\u00e4tter und Tannenzapfen zu sammeln. Nutzen Sie diese, um das Zentrum Ihres Tisches zu schm\u00fccken und eine magische, waldige Atmosph\u00e4re zu schaffen. Kombinieren Sie sie mit verschiedenen Lichtquellen wie Kerzenhaltern, Laternen und Lichterketten f\u00fcr eine sanfte und gem\u00fctliche Stimmung.<\/p>\n<p data-start=\"2717\" data-end=\"3118\"><strong data-start=\"2717\" data-end=\"2727\">Fazit:<\/strong> Ob Sie nun nat\u00fcrliche Eleganz, verfeinerte Tradition oder einen zeitgen\u00f6ssischen Ansatz bevorzugen, Beauvill\u00e9 bietet eine Vielzahl von Stilen, um Ihren Festtagstisch zu versch\u00f6nern. Lassen Sie sich von der Natur inspirieren, respektieren Sie die Tradition oder entscheiden Sie sich f\u00fcr eine moderne \u00c4sthetik \u2013 und lassen Sie Beauvill\u00e9 Ihren Tisch in ein unvergessliches Festmahl verwandeln.<\/p>\n","protected":false},"excerpt":{"rendered":"<p>Das Jahr 2023 bringt eine neue \u00c4ra der Raffinesse und Nat\u00fcrlichkeit auf unsere Festtagstische. Auf der Suche nach Authentizit\u00e4t treten nat\u00fcrliche Materialien und Umweltbewusstsein in den Vordergrund. Tauchen Sie ein [&hellip;]<\/p>\n","protected":false},"author":2,"featured_media":30651,"comment_status":"closed","ping_status":"closed","sticky":false,"template":"","format":"standard","meta":{"_acf_changed":false,"footnotes":""},"categories":[27,50,35],"tags":[],"class_list":["post-32917","post","type-post","status-publish","format-standard","has-post-thumbnail","hentry","category-blog","category-nachrichten","category-weihnachten-neujahr","wp-sticky"],"acf":[],"yoast_head":"<!-- This site is optimized with the Yoast SEO plugin v27.4 - https:\/\/yoast.com\/product\/yoast-seo-wordpress\/ -->\n<title>Inspiration f\u00fcr Ihren Festtagstisch<\/title>\n<meta name=\"description\" content=\"Entdecken Sie inspirierende Ideen f\u00fcr Ihren Festtagstisch mit der Beauvill\u00e9-Kollektion. Nat\u00fcrliche Eleganz, raffinierte Tradition und moderne \u00c4sthetik \u2013 f\u00fcr unvergessliche Feiern im Jahr 2023.\" \/>\n<meta name=\"robots\" content=\"index, follow, max-snippet:-1, max-image-preview:large, max-video-preview:-1\" \/>\n<link rel=\"canonical\" href=\"https:\/\/www.beauville.com\/de\/blog\/inspiration-fuer-ihren-festtagstisch\/\" \/>\n<meta property=\"og:locale\" content=\"de_DE\" \/>\n<meta property=\"og:type\" content=\"article\" \/>\n<meta property=\"og:title\" content=\"Inspiration f\u00fcr Ihren Festtagstisch\" \/>\n<meta property=\"og:description\" content=\"Entdecken Sie inspirierende Ideen f\u00fcr Ihren Festtagstisch mit der Beauvill\u00e9-Kollektion. Nat\u00fcrliche Eleganz, raffinierte Tradition und moderne \u00c4sthetik \u2013 f\u00fcr unvergessliche Feiern im Jahr 2023.\" \/>\n<meta property=\"og:url\" content=\"https:\/\/www.beauville.com\/de\/blog\/inspiration-fuer-ihren-festtagstisch\/\" \/>\n<meta property=\"og:site_name\" content=\"Beauvill\u00e9\" \/>\n<meta property=\"article:publisher\" content=\"https:\/\/www.facebook.com\/beauville.createur\" \/>\n<meta property=\"article:published_time\" content=\"2023-11-22T09:36:00+00:00\" \/>\n<meta property=\"article:modified_time\" content=\"2025-05-13T12:06:51+00:00\" \/>\n<meta property=\"og:image\" content=\"https:\/\/www.beauville.com\/wp-inside\/uploads\/2023\/11\/precieuses-nappe-col.3-celeste-2.jpg\" \/>\n\t<meta property=\"og:image:width\" content=\"1000\" \/>\n\t<meta property=\"og:image:height\" content=\"700\" \/>\n\t<meta property=\"og:image:type\" content=\"image\/jpeg\" \/>\n<meta name=\"author\" content=\"beauville-wp\" \/>\n<meta name=\"twitter:card\" content=\"summary_large_image\" \/>\n<meta name=\"twitter:label1\" content=\"Verfasst von\" \/>\n\t<meta name=\"twitter:data1\" content=\"beauville-wp\" \/>\n\t<meta name=\"twitter:label2\" content=\"Gesch\u00e4tzte Lesezeit\" \/>\n\t<meta name=\"twitter:data2\" content=\"2\u00a0Minuten\" \/>\n<script type=\"application\/ld+json\" class=\"yoast-schema-graph\">{\"@context\":\"https:\\\/\\\/schema.org\",\"@graph\":[{\"@type\":\"Article\",\"@id\":\"https:\\\/\\\/www.beauville.com\\\/de\\\/blog\\\/inspiration-fuer-ihren-festtagstisch\\\/#article\",\"isPartOf\":{\"@id\":\"https:\\\/\\\/www.beauville.com\\\/de\\\/blog\\\/inspiration-fuer-ihren-festtagstisch\\\/\"},\"author\":{\"name\":\"beauville-wp\",\"@id\":\"https:\\\/\\\/www.beauville.com\\\/de\\\/#\\\/schema\\\/person\\\/ad0fa64b93a81bc4df4f8d1fb221a594\"},\"headline\":\"Inspiration f\u00fcr Ihren Festtagstisch\",\"datePublished\":\"2023-11-22T09:36:00+00:00\",\"dateModified\":\"2025-05-13T12:06:51+00:00\",\"mainEntityOfPage\":{\"@id\":\"https:\\\/\\\/www.beauville.com\\\/de\\\/blog\\\/inspiration-fuer-ihren-festtagstisch\\\/\"},\"wordCount\":451,\"publisher\":{\"@id\":\"https:\\\/\\\/www.beauville.com\\\/de\\\/#organization\"},\"image\":{\"@id\":\"https:\\\/\\\/www.beauville.com\\\/de\\\/blog\\\/inspiration-fuer-ihren-festtagstisch\\\/#primaryimage\"},\"thumbnailUrl\":\"https:\\\/\\\/www.beauville.com\\\/wp-inside\\\/uploads\\\/2023\\\/11\\\/precieuses-nappe-col.3-celeste-2.jpg\",\"articleSection\":[\"Blog\",\"Nachrichten\",\"Weihnachten &amp; Neujahr\"],\"inLanguage\":\"de\"},{\"@type\":\"WebPage\",\"@id\":\"https:\\\/\\\/www.beauville.com\\\/de\\\/blog\\\/inspiration-fuer-ihren-festtagstisch\\\/\",\"url\":\"https:\\\/\\\/www.beauville.com\\\/de\\\/blog\\\/inspiration-fuer-ihren-festtagstisch\\\/\",\"name\":\"Inspiration f\u00fcr Ihren Festtagstisch\",\"isPartOf\":{\"@id\":\"https:\\\/\\\/www.beauville.com\\\/de\\\/#website\"},\"primaryImageOfPage\":{\"@id\":\"https:\\\/\\\/www.beauville.com\\\/de\\\/blog\\\/inspiration-fuer-ihren-festtagstisch\\\/#primaryimage\"},\"image\":{\"@id\":\"https:\\\/\\\/www.beauville.com\\\/de\\\/blog\\\/inspiration-fuer-ihren-festtagstisch\\\/#primaryimage\"},\"thumbnailUrl\":\"https:\\\/\\\/www.beauville.com\\\/wp-inside\\\/uploads\\\/2023\\\/11\\\/precieuses-nappe-col.3-celeste-2.jpg\",\"datePublished\":\"2023-11-22T09:36:00+00:00\",\"dateModified\":\"2025-05-13T12:06:51+00:00\",\"description\":\"Entdecken Sie inspirierende Ideen f\u00fcr Ihren Festtagstisch mit der Beauvill\u00e9-Kollektion. Nat\u00fcrliche Eleganz, raffinierte Tradition und moderne \u00c4sthetik \u2013 f\u00fcr unvergessliche Feiern im Jahr 2023.\",\"breadcrumb\":{\"@id\":\"https:\\\/\\\/www.beauville.com\\\/de\\\/blog\\\/inspiration-fuer-ihren-festtagstisch\\\/#breadcrumb\"},\"inLanguage\":\"de\",\"potentialAction\":[{\"@type\":\"ReadAction\",\"target\":[\"https:\\\/\\\/www.beauville.com\\\/de\\\/blog\\\/inspiration-fuer-ihren-festtagstisch\\\/\"]}]},{\"@type\":\"ImageObject\",\"inLanguage\":\"de\",\"@id\":\"https:\\\/\\\/www.beauville.com\\\/de\\\/blog\\\/inspiration-fuer-ihren-festtagstisch\\\/#primaryimage\",\"url\":\"https:\\\/\\\/www.beauville.com\\\/wp-inside\\\/uploads\\\/2023\\\/11\\\/precieuses-nappe-col.3-celeste-2.jpg\",\"contentUrl\":\"https:\\\/\\\/www.beauville.com\\\/wp-inside\\\/uploads\\\/2023\\\/11\\\/precieuses-nappe-col.3-celeste-2.jpg\",\"width\":1000,\"height\":700,\"caption\":\"Tischdecke Pr\u00e9cieuses C\u00e9leste : Eine zeitlose Eleganz, zart bedruckt in beruhigenden Blaut\u00f6nen, die Ihrem Tisch einen Hauch von Raffinesse verleihen. Die perfekte Kombination aus Feinheit und Leuchtkraft, um Ihre Mahlzeiten zu sublimieren.\"},{\"@type\":\"BreadcrumbList\",\"@id\":\"https:\\\/\\\/www.beauville.com\\\/de\\\/blog\\\/inspiration-fuer-ihren-festtagstisch\\\/#breadcrumb\",\"itemListElement\":[{\"@type\":\"ListItem\",\"position\":1,\"name\":\"Home\",\"item\":\"https:\\\/\\\/www.beauville.com\\\/de\\\/\"},{\"@type\":\"ListItem\",\"position\":2,\"name\":\"Blog\",\"item\":\"https:\\\/\\\/www.beauville.com\\\/de\\\/blog\\\/\"},{\"@type\":\"ListItem\",\"position\":3,\"name\":\"Inspiration f\u00fcr Ihren Festtagstisch\"}]},{\"@type\":\"WebSite\",\"@id\":\"https:\\\/\\\/www.beauville.com\\\/de\\\/#website\",\"url\":\"https:\\\/\\\/www.beauville.com\\\/de\\\/\",\"name\":\"Beauvill\u00e9\",\"description\":\"Creator by tradition\",\"publisher\":{\"@id\":\"https:\\\/\\\/www.beauville.com\\\/de\\\/#organization\"},\"potentialAction\":[{\"@type\":\"SearchAction\",\"target\":{\"@type\":\"EntryPoint\",\"urlTemplate\":\"https:\\\/\\\/www.beauville.com\\\/de\\\/?s={search_term_string}\"},\"query-input\":{\"@type\":\"PropertyValueSpecification\",\"valueRequired\":true,\"valueName\":\"search_term_string\"}}],\"inLanguage\":\"de\"},{\"@type\":\"Organization\",\"@id\":\"https:\\\/\\\/www.beauville.com\\\/de\\\/#organization\",\"name\":\"Beauvill\u00e9\",\"url\":\"https:\\\/\\\/www.beauville.com\\\/de\\\/\",\"logo\":{\"@type\":\"ImageObject\",\"inLanguage\":\"de\",\"@id\":\"https:\\\/\\\/www.beauville.com\\\/de\\\/#\\\/schema\\\/logo\\\/image\\\/\",\"url\":\"https:\\\/\\\/www.beauville.com\\\/wp-inside\\\/uploads\\\/2018\\\/10\\\/beauville-logo.png\",\"contentUrl\":\"https:\\\/\\\/www.beauville.com\\\/wp-inside\\\/uploads\\\/2018\\\/10\\\/beauville-logo.png\",\"width\":230,\"height\":90,\"caption\":\"Beauvill\u00e9\"},\"image\":{\"@id\":\"https:\\\/\\\/www.beauville.com\\\/de\\\/#\\\/schema\\\/logo\\\/image\\\/\"},\"sameAs\":[\"https:\\\/\\\/www.facebook.com\\\/beauville.createur\",\"https:\\\/\\\/www.instagram.com\\\/beauville.createur\\\/\",\"https:\\\/\\\/www.pinterest.fr\\\/beauvillecreateur\\\/_created\\\/\",\"https:\\\/\\\/www.youtube.com\\\/channel\\\/UCN1DiK6SUHdildYkanOBeeA\"]},{\"@type\":\"Person\",\"@id\":\"https:\\\/\\\/www.beauville.com\\\/de\\\/#\\\/schema\\\/person\\\/ad0fa64b93a81bc4df4f8d1fb221a594\",\"name\":\"beauville-wp\",\"image\":{\"@type\":\"ImageObject\",\"inLanguage\":\"de\",\"@id\":\"https:\\\/\\\/secure.gravatar.com\\\/avatar\\\/ccfc9cd9974f3b2f4684fd5d1c0698785ab3815db27e5b9be74337ccd429086e?s=96&d=mm&r=g\",\"url\":\"https:\\\/\\\/secure.gravatar.com\\\/avatar\\\/ccfc9cd9974f3b2f4684fd5d1c0698785ab3815db27e5b9be74337ccd429086e?s=96&d=mm&r=g\",\"contentUrl\":\"https:\\\/\\\/secure.gravatar.com\\\/avatar\\\/ccfc9cd9974f3b2f4684fd5d1c0698785ab3815db27e5b9be74337ccd429086e?s=96&d=mm&r=g\",\"caption\":\"beauville-wp\"}}]}<\/script>\n<!-- \/ Yoast SEO plugin. -->","yoast_head_json":{"title":"Inspiration f\u00fcr Ihren Festtagstisch","description":"Entdecken Sie inspirierende Ideen f\u00fcr Ihren Festtagstisch mit der Beauvill\u00e9-Kollektion. Nat\u00fcrliche Eleganz, raffinierte Tradition und moderne \u00c4sthetik \u2013 f\u00fcr unvergessliche Feiern im Jahr 2023.","robots":{"index":"index","follow":"follow","max-snippet":"max-snippet:-1","max-image-preview":"max-image-preview:large","max-video-preview":"max-video-preview:-1"},"canonical":"https:\/\/www.beauville.com\/de\/blog\/inspiration-fuer-ihren-festtagstisch\/","og_locale":"de_DE","og_type":"article","og_title":"Inspiration f\u00fcr Ihren Festtagstisch","og_description":"Entdecken Sie inspirierende Ideen f\u00fcr Ihren Festtagstisch mit der Beauvill\u00e9-Kollektion. Nat\u00fcrliche Eleganz, raffinierte Tradition und moderne \u00c4sthetik \u2013 f\u00fcr unvergessliche Feiern im Jahr 2023.","og_url":"https:\/\/www.beauville.com\/de\/blog\/inspiration-fuer-ihren-festtagstisch\/","og_site_name":"Beauvill\u00e9","article_publisher":"https:\/\/www.facebook.com\/beauville.createur","article_published_time":"2023-11-22T09:36:00+00:00","article_modified_time":"2025-05-13T12:06:51+00:00","og_image":[{"width":1000,"height":700,"url":"https:\/\/www.beauville.com\/wp-inside\/uploads\/2023\/11\/precieuses-nappe-col.3-celeste-2.jpg","type":"image\/jpeg"}],"author":"beauville-wp","twitter_card":"summary_large_image","twitter_misc":{"Verfasst von":"beauville-wp","Gesch\u00e4tzte Lesezeit":"2\u00a0Minuten"},"schema":{"@context":"https:\/\/schema.org","@graph":[{"@type":"Article","@id":"https:\/\/www.beauville.com\/de\/blog\/inspiration-fuer-ihren-festtagstisch\/#article","isPartOf":{"@id":"https:\/\/www.beauville.com\/de\/blog\/inspiration-fuer-ihren-festtagstisch\/"},"author":{"name":"beauville-wp","@id":"https:\/\/www.beauville.com\/de\/#\/schema\/person\/ad0fa64b93a81bc4df4f8d1fb221a594"},"headline":"Inspiration f\u00fcr Ihren Festtagstisch","datePublished":"2023-11-22T09:36:00+00:00","dateModified":"2025-05-13T12:06:51+00:00","mainEntityOfPage":{"@id":"https:\/\/www.beauville.com\/de\/blog\/inspiration-fuer-ihren-festtagstisch\/"},"wordCount":451,"publisher":{"@id":"https:\/\/www.beauville.com\/de\/#organization"},"image":{"@id":"https:\/\/www.beauville.com\/de\/blog\/inspiration-fuer-ihren-festtagstisch\/#primaryimage"},"thumbnailUrl":"https:\/\/www.beauville.com\/wp-inside\/uploads\/2023\/11\/precieuses-nappe-col.3-celeste-2.jpg","articleSection":["Blog","Nachrichten","Weihnachten &amp; Neujahr"],"inLanguage":"de"},{"@type":"WebPage","@id":"https:\/\/www.beauville.com\/de\/blog\/inspiration-fuer-ihren-festtagstisch\/","url":"https:\/\/www.beauville.com\/de\/blog\/inspiration-fuer-ihren-festtagstisch\/","name":"Inspiration f\u00fcr Ihren Festtagstisch","isPartOf":{"@id":"https:\/\/www.beauville.com\/de\/#website"},"primaryImageOfPage":{"@id":"https:\/\/www.beauville.com\/de\/blog\/inspiration-fuer-ihren-festtagstisch\/#primaryimage"},"image":{"@id":"https:\/\/www.beauville.com\/de\/blog\/inspiration-fuer-ihren-festtagstisch\/#primaryimage"},"thumbnailUrl":"https:\/\/www.beauville.com\/wp-inside\/uploads\/2023\/11\/precieuses-nappe-col.3-celeste-2.jpg","datePublished":"2023-11-22T09:36:00+00:00","dateModified":"2025-05-13T12:06:51+00:00","description":"Entdecken Sie inspirierende Ideen f\u00fcr Ihren Festtagstisch mit der Beauvill\u00e9-Kollektion. Nat\u00fcrliche Eleganz, raffinierte Tradition und moderne \u00c4sthetik \u2013 f\u00fcr unvergessliche Feiern im Jahr 2023.","breadcrumb":{"@id":"https:\/\/www.beauville.com\/de\/blog\/inspiration-fuer-ihren-festtagstisch\/#breadcrumb"},"inLanguage":"de","potentialAction":[{"@type":"ReadAction","target":["https:\/\/www.beauville.com\/de\/blog\/inspiration-fuer-ihren-festtagstisch\/"]}]},{"@type":"ImageObject","inLanguage":"de","@id":"https:\/\/www.beauville.com\/de\/blog\/inspiration-fuer-ihren-festtagstisch\/#primaryimage","url":"https:\/\/www.beauville.com\/wp-inside\/uploads\/2023\/11\/precieuses-nappe-col.3-celeste-2.jpg","contentUrl":"https:\/\/www.beauville.com\/wp-inside\/uploads\/2023\/11\/precieuses-nappe-col.3-celeste-2.jpg","width":1000,"height":700,"caption":"Tischdecke Pr\u00e9cieuses C\u00e9leste : Eine zeitlose Eleganz, zart bedruckt in beruhigenden Blaut\u00f6nen, die Ihrem Tisch einen Hauch von Raffinesse verleihen. Die perfekte Kombination aus Feinheit und Leuchtkraft, um Ihre Mahlzeiten zu sublimieren."},{"@type":"BreadcrumbList","@id":"https:\/\/www.beauville.com\/de\/blog\/inspiration-fuer-ihren-festtagstisch\/#breadcrumb","itemListElement":[{"@type":"ListItem","position":1,"name":"Home","item":"https:\/\/www.beauville.com\/de\/"},{"@type":"ListItem","position":2,"name":"Blog","item":"https:\/\/www.beauville.com\/de\/blog\/"},{"@type":"ListItem","position":3,"name":"Inspiration f\u00fcr Ihren Festtagstisch"}]},{"@type":"WebSite","@id":"https:\/\/www.beauville.com\/de\/#website","url":"https:\/\/www.beauville.com\/de\/","name":"Beauvill\u00e9","description":"Creator by tradition","publisher":{"@id":"https:\/\/www.beauville.com\/de\/#organization"},"potentialAction":[{"@type":"SearchAction","target":{"@type":"EntryPoint","urlTemplate":"https:\/\/www.beauville.com\/de\/?s={search_term_string}"},"query-input":{"@type":"PropertyValueSpecification","valueRequired":true,"valueName":"search_term_string"}}],"inLanguage":"de"},{"@type":"Organization","@id":"https:\/\/www.beauville.com\/de\/#organization","name":"Beauvill\u00e9","url":"https:\/\/www.beauville.com\/de\/","logo":{"@type":"ImageObject","inLanguage":"de","@id":"https:\/\/www.beauville.com\/de\/#\/schema\/logo\/image\/","url":"https:\/\/www.beauville.com\/wp-inside\/uploads\/2018\/10\/beauville-logo.png","contentUrl":"https:\/\/www.beauville.com\/wp-inside\/uploads\/2018\/10\/beauville-logo.png","width":230,"height":90,"caption":"Beauvill\u00e9"},"image":{"@id":"https:\/\/www.beauville.com\/de\/#\/schema\/logo\/image\/"},"sameAs":["https:\/\/www.facebook.com\/beauville.createur","https:\/\/www.instagram.com\/beauville.createur\/","https:\/\/www.pinterest.fr\/beauvillecreateur\/_created\/","https:\/\/www.youtube.com\/channel\/UCN1DiK6SUHdildYkanOBeeA"]},{"@type":"Person","@id":"https:\/\/www.beauville.com\/de\/#\/schema\/person\/ad0fa64b93a81bc4df4f8d1fb221a594","name":"beauville-wp","image":{"@type":"ImageObject","inLanguage":"de","@id":"https:\/\/secure.gravatar.com\/avatar\/ccfc9cd9974f3b2f4684fd5d1c0698785ab3815db27e5b9be74337ccd429086e?s=96&d=mm&r=g","url":"https:\/\/secure.gravatar.com\/avatar\/ccfc9cd9974f3b2f4684fd5d1c0698785ab3815db27e5b9be74337ccd429086e?s=96&d=mm&r=g","contentUrl":"https:\/\/secure.gravatar.com\/avatar\/ccfc9cd9974f3b2f4684fd5d1c0698785ab3815db27e5b9be74337ccd429086e?s=96&d=mm&r=g","caption":"beauville-wp"}}]}},"_links":{"self":[{"href":"https:\/\/www.beauville.com\/de\/wp-json\/wp\/v2\/posts\/32917","targetHints":{"allow":["GET"]}}],"collection":[{"href":"https:\/\/www.beauville.com\/de\/wp-json\/wp\/v2\/posts"}],"about":[{"href":"https:\/\/www.beauville.com\/de\/wp-json\/wp\/v2\/types\/post"}],"author":[{"embeddable":true,"href":"https:\/\/www.beauville.com\/de\/wp-json\/wp\/v2\/users\/2"}],"replies":[{"embeddable":true,"href":"https:\/\/www.beauville.com\/de\/wp-json\/wp\/v2\/comments?post=32917"}],"version-history":[{"count":4,"href":"https:\/\/www.beauville.com\/de\/wp-json\/wp\/v2\/posts\/32917\/revisions"}],"predecessor-version":[{"id":32932,"href":"https:\/\/www.beauville.com\/de\/wp-json\/wp\/v2\/posts\/32917\/revisions\/32932"}],"wp:featuredmedia":[{"embeddable":true,"href":"https:\/\/www.beauville.com\/de\/wp-json\/wp\/v2\/media\/30651"}],"wp:attachment":[{"href":"https:\/\/www.beauville.com\/de\/wp-json\/wp\/v2\/media?parent=32917"}],"wp:term":[{"taxonomy":"category","embeddable":true,"href":"https:\/\/www.beauville.com\/de\/wp-json\/wp\/v2\/categories?post=32917"},{"taxonomy":"post_tag","embeddable":true,"href":"https:\/\/www.beauville.com\/de\/wp-json\/wp\/v2\/tags?post=32917"}],"curies":[{"name":"wp","href":"https:\/\/api.w.org\/{rel}","templated":true}]}}