{"id":33338,"date":"2023-11-02T14:49:36","date_gmt":"2023-11-02T13:49:36","guid":{"rendered":"https:\/\/www.beauville.com\/blog\/calendriers-de-lavent-tradition-et-magie-a-decouvrir\/"},"modified":"2025-05-14T12:27:22","modified_gmt":"2025-05-14T10:27:22","slug":"adventskalender-tradition-und-magie-zum-entdecken","status":"publish","type":"post","link":"https:\/\/www.beauville.com\/de\/blog\/adventskalender-tradition-und-magie-zum-entdecken\/","title":{"rendered":"Adventskalender: Tradition und Magie zum Entdecken"},"content":{"rendered":"<p>&nbsp;<\/p>\n<p><img decoding=\"async\" src=\"https:\/\/www.beauville.com\/wp-inside\/uploads\/2023\/11\/torchon-calendrier-de-lavent-9-carre.jpeg\" class=\"alignnone size-full\" \/><\/p>\n<p data-start=\"153\" data-end=\"520\">Adventskalender sind eine beliebte Tradition, die die Vorfreude auf Weihnachten einl\u00e4utet. Vom 1. Dezember bis zum Heiligabend \u00f6ffnet sich jeden Tag ein kleines Fenster, das eine \u00dcberraschung, ein St\u00fcck Schokolade, eine liebevolle Geste oder ein Bild enth\u00fcllt. Diese Tradition schafft eine festliche Stimmung und weckt die Magie und das Warten auf das Weihnachtsfest.<\/p>\n<h3 data-start=\"522\" data-end=\"559\"><strong data-start=\"522\" data-end=\"559\">Die Tradition der Adventskalender<\/strong><\/h3>\n<p data-start=\"561\" data-end=\"850\">Die Urspr\u00fcnge der Adventskalender reichen ins 19. Jahrhundert zur\u00fcck, als Kinder in Deutschland die Tage bis Weihnachten z\u00e4hlten \u2013 mit t\u00e4glichen Markierungen auf einem Holzbrett. Mit der Zeit entwickelte sich daraus der Adventskalender mit T\u00fcren oder Fenstern, die t\u00e4glich ge\u00f6ffnet werden.<\/p>\n<p data-start=\"852\" data-end=\"1116\">Adventskalender sind heute ein Symbol f\u00fcr die freudige Erwartung auf Weihnachten. Jede Kultur hat diese Tradition auf ihre Weise weiterentwickelt \u2013 von Schokolade \u00fcber kleine Spielzeuge bis hin zu inspirierenden Zitaten oder Darstellungen der Weihnachtsgeschichte.<\/p>\n<h3 data-start=\"1118\" data-end=\"1168\"><strong data-start=\"1118\" data-end=\"1168\">Der Adventskalender-Geschirrtuch von Beauvill\u00e9<\/strong><\/h3>\n<p data-start=\"1170\" data-end=\"1435\">Beauvill\u00e9 hat den Zauber der Weihnachtszeit in seinem einzigartigen <strong data-start=\"1238\" data-end=\"1270\">Adventskalender-Geschirrtuch<\/strong> eingefangen. Dieses au\u00dfergew\u00f6hnliche Produkt ist weit mehr als ein gew\u00f6hnliches K\u00fcchentuch \u2013 es ist ein t\u00e4gliches Erlebnis voller Entdeckungen und festlicher Magie.<\/p>\n<p data-start=\"1437\" data-end=\"1796\">Das Geschirrtuch wurde entworfen, um w\u00e4hrend der Adventszeit Eleganz und Tradition in Ihre K\u00fcche zu bringen. Jeden Tag l\u00e4sst sich ein neues Fenster \u00f6ffnen, hinter dem sich eine detailreiche, weihnachtliche Illustration verbirgt. Die liebevollen Motive \u2013 Kerzen, Sterne und festliche Dekorationen \u2013 erinnern an die stimmungsvolle Atmosph\u00e4re der Weihnachtszeit.<\/p>\n<p data-start=\"1798\" data-end=\"2044\">Dieses Tuch ist eine Hommage an die Tradition der Adventskalender, kombiniert mit franz\u00f6sischer Raffinesse. In Frankreich mit handwerklicher Sorgfalt hergestellt, steht es f\u00fcr Langlebigkeit und bringt Jahr f\u00fcr Jahr Weihnachtsfreude in Ihre K\u00fcche.<\/p>\n<h3 data-start=\"2046\" data-end=\"2072\"><strong data-start=\"2046\" data-end=\"2072\">Jeder Tag ein Geschenk<\/strong><\/h3>\n<p data-start=\"2074\" data-end=\"2410\">Das Adventskalender-Geschirrtuch von Beauvill\u00e9 ist eine t\u00e4gliche Erinnerung an die freudige Erwartung auf Weihnachten. Es l\u00e4dt dazu ein, innezuhalten, den Moment zu genie\u00dfen und die kleinen Freuden des Dezembers bewusst zu erleben. Jedes ge\u00f6ffnete Fenster ist eine kleine \u00dcberraschung, die den Geist der Weihnacht lebendig werden l\u00e4sst.<\/p>\n<p data-start=\"2412\" data-end=\"2623\">Ob als praktisches K\u00fcchentuch oder als dekoratives Element \u2013 dieses Tuch bringt festliche Stimmung und Stil in Ihr Zuhause w\u00e4hrend der Adventszeit. Eine elegante und bedeutungsvolle Art, die Feiertage zu feiern.<\/p>\n<h3 data-start=\"2625\" data-end=\"2667\"><strong data-start=\"2625\" data-end=\"2667\">Der Zauber des Advents auf Ihrem Tisch<\/strong><\/h3>\n<p data-start=\"2669\" data-end=\"3141\">Adventskalender erinnern uns daran, dass auch das Warten voller Freude, \u00dcberraschungen und Magie sein kann. Das Adventskalender-Geschirrtuch von Beauvill\u00e9 l\u00e4sst diese Tradition auf stilvolle Weise weiterleben und verleiht der besonderen Zeit des Jahres einen Hauch franz\u00f6sischer Eleganz. Es ist das ideale Geschenk \u2013 f\u00fcr Ihre Liebsten oder f\u00fcr sich selbst \u2013, um jeden Tag im Dezember zu einem kleinen Fest zu machen und den Zauber von Weihnachten an Ihrem Tisch zu feiern.<\/p>\n<p data-start=\"3143\" data-end=\"3247\">Beauvill\u00e9 l\u00e4dt Sie ein, unvergessliche Erinnerungen zu schaffen \u2013 und die Tradition mit Stil zu erleben.<\/p>\n","protected":false},"excerpt":{"rendered":"<p>&nbsp; Adventskalender sind eine beliebte Tradition, die die Vorfreude auf Weihnachten einl\u00e4utet. Vom 1. Dezember bis zum Heiligabend \u00f6ffnet sich jeden Tag ein kleines Fenster, das eine \u00dcberraschung, ein St\u00fcck [&hellip;]<\/p>\n","protected":false},"author":2,"featured_media":30557,"comment_status":"closed","ping_status":"closed","sticky":false,"template":"","format":"standard","meta":{"_acf_changed":false,"footnotes":""},"categories":[27,50,35],"tags":[],"class_list":["post-33338","post","type-post","status-publish","format-standard","has-post-thumbnail","hentry","category-blog","category-nachrichten","category-weihnachten-neujahr","wp-sticky"],"acf":[],"yoast_head":"<!-- This site is optimized with the Yoast SEO plugin v27.5 - https:\/\/yoast.com\/product\/yoast-seo-wordpress\/ -->\n<title>Adventskalender: Tradition und Magie zum Entdecken<\/title>\n<meta name=\"description\" content=\"Entdecken Sie die Magie der Adventszeit mit dem Adventskalender-Geschirrtuch von Beauvill\u00e9 \u2013 eine elegante Verbindung aus franz\u00f6sischer Tradition, festlicher Stimmung und t\u00e4glicher \u00dcberraschung.\" \/>\n<meta name=\"robots\" content=\"index, follow, max-snippet:-1, max-image-preview:large, max-video-preview:-1\" \/>\n<link rel=\"canonical\" href=\"https:\/\/www.beauville.com\/de\/blog\/adventskalender-tradition-und-magie-zum-entdecken\/\" \/>\n<meta property=\"og:locale\" content=\"de_DE\" \/>\n<meta property=\"og:type\" content=\"article\" \/>\n<meta property=\"og:title\" content=\"Adventskalender: Tradition und Magie zum Entdecken\" \/>\n<meta property=\"og:description\" content=\"Entdecken Sie die Magie der Adventszeit mit dem Adventskalender-Geschirrtuch von Beauvill\u00e9 \u2013 eine elegante Verbindung aus franz\u00f6sischer Tradition, festlicher Stimmung und t\u00e4glicher \u00dcberraschung.\" \/>\n<meta property=\"og:url\" content=\"https:\/\/www.beauville.com\/de\/blog\/adventskalender-tradition-und-magie-zum-entdecken\/\" \/>\n<meta property=\"og:site_name\" content=\"Beauvill\u00e9\" \/>\n<meta property=\"article:publisher\" content=\"https:\/\/www.facebook.com\/beauville.createur\" \/>\n<meta property=\"article:published_time\" content=\"2023-11-02T13:49:36+00:00\" \/>\n<meta property=\"article:modified_time\" content=\"2025-05-14T10:27:22+00:00\" \/>\n<meta property=\"og:image\" content=\"https:\/\/www.beauville.com\/wp-inside\/uploads\/2023\/11\/torchon-calendrier-de-lavent-9-carre.jpeg\" \/>\n\t<meta property=\"og:image:width\" content=\"767\" \/>\n\t<meta property=\"og:image:height\" content=\"767\" \/>\n\t<meta property=\"og:image:type\" content=\"image\/jpeg\" \/>\n<meta name=\"author\" content=\"beauville-wp\" \/>\n<meta name=\"twitter:card\" content=\"summary_large_image\" \/>\n<meta name=\"twitter:label1\" content=\"Verfasst von\" \/>\n\t<meta name=\"twitter:data1\" content=\"beauville-wp\" \/>\n\t<meta name=\"twitter:label2\" content=\"Gesch\u00e4tzte Lesezeit\" \/>\n\t<meta name=\"twitter:data2\" content=\"2\u00a0Minuten\" \/>\n<script type=\"application\/ld+json\" class=\"yoast-schema-graph\">{\"@context\":\"https:\\\/\\\/schema.org\",\"@graph\":[{\"@type\":\"Article\",\"@id\":\"https:\\\/\\\/www.beauville.com\\\/de\\\/blog\\\/adventskalender-tradition-und-magie-zum-entdecken\\\/#article\",\"isPartOf\":{\"@id\":\"https:\\\/\\\/www.beauville.com\\\/de\\\/blog\\\/adventskalender-tradition-und-magie-zum-entdecken\\\/\"},\"author\":{\"name\":\"beauville-wp\",\"@id\":\"https:\\\/\\\/www.beauville.com\\\/de\\\/#\\\/schema\\\/person\\\/ad0fa64b93a81bc4df4f8d1fb221a594\"},\"headline\":\"Adventskalender: Tradition und Magie zum Entdecken\",\"datePublished\":\"2023-11-02T13:49:36+00:00\",\"dateModified\":\"2025-05-14T10:27:22+00:00\",\"mainEntityOfPage\":{\"@id\":\"https:\\\/\\\/www.beauville.com\\\/de\\\/blog\\\/adventskalender-tradition-und-magie-zum-entdecken\\\/\"},\"wordCount\":460,\"publisher\":{\"@id\":\"https:\\\/\\\/www.beauville.com\\\/de\\\/#organization\"},\"image\":{\"@id\":\"https:\\\/\\\/www.beauville.com\\\/de\\\/blog\\\/adventskalender-tradition-und-magie-zum-entdecken\\\/#primaryimage\"},\"thumbnailUrl\":\"https:\\\/\\\/www.beauville.com\\\/wp-inside\\\/uploads\\\/2023\\\/11\\\/torchon-calendrier-de-lavent-9-carre.jpeg\",\"articleSection\":[\"Blog\",\"Nachrichten\",\"Weihnachten &amp; Neujahr\"],\"inLanguage\":\"de\"},{\"@type\":\"WebPage\",\"@id\":\"https:\\\/\\\/www.beauville.com\\\/de\\\/blog\\\/adventskalender-tradition-und-magie-zum-entdecken\\\/\",\"url\":\"https:\\\/\\\/www.beauville.com\\\/de\\\/blog\\\/adventskalender-tradition-und-magie-zum-entdecken\\\/\",\"name\":\"Adventskalender: Tradition und Magie zum Entdecken\",\"isPartOf\":{\"@id\":\"https:\\\/\\\/www.beauville.com\\\/de\\\/#website\"},\"primaryImageOfPage\":{\"@id\":\"https:\\\/\\\/www.beauville.com\\\/de\\\/blog\\\/adventskalender-tradition-und-magie-zum-entdecken\\\/#primaryimage\"},\"image\":{\"@id\":\"https:\\\/\\\/www.beauville.com\\\/de\\\/blog\\\/adventskalender-tradition-und-magie-zum-entdecken\\\/#primaryimage\"},\"thumbnailUrl\":\"https:\\\/\\\/www.beauville.com\\\/wp-inside\\\/uploads\\\/2023\\\/11\\\/torchon-calendrier-de-lavent-9-carre.jpeg\",\"datePublished\":\"2023-11-02T13:49:36+00:00\",\"dateModified\":\"2025-05-14T10:27:22+00:00\",\"description\":\"Entdecken Sie die Magie der Adventszeit mit dem Adventskalender-Geschirrtuch von Beauvill\u00e9 \u2013 eine elegante Verbindung aus franz\u00f6sischer Tradition, festlicher Stimmung und t\u00e4glicher \u00dcberraschung.\",\"breadcrumb\":{\"@id\":\"https:\\\/\\\/www.beauville.com\\\/de\\\/blog\\\/adventskalender-tradition-und-magie-zum-entdecken\\\/#breadcrumb\"},\"inLanguage\":\"de\",\"potentialAction\":[{\"@type\":\"ReadAction\",\"target\":[\"https:\\\/\\\/www.beauville.com\\\/de\\\/blog\\\/adventskalender-tradition-und-magie-zum-entdecken\\\/\"]}]},{\"@type\":\"ImageObject\",\"inLanguage\":\"de\",\"@id\":\"https:\\\/\\\/www.beauville.com\\\/de\\\/blog\\\/adventskalender-tradition-und-magie-zum-entdecken\\\/#primaryimage\",\"url\":\"https:\\\/\\\/www.beauville.com\\\/wp-inside\\\/uploads\\\/2023\\\/11\\\/torchon-calendrier-de-lavent-9-carre.jpeg\",\"contentUrl\":\"https:\\\/\\\/www.beauville.com\\\/wp-inside\\\/uploads\\\/2023\\\/11\\\/torchon-calendrier-de-lavent-9-carre.jpeg\",\"width\":767,\"height\":767,\"caption\":\"K\u00fcchentuch mit einem festlichen Design, das einen weihnachtlichen Adventskalender darstellt. Jedes Feld ist mit traditionellen Weihnachtsmotiven verziert und verleiht Ihrer K\u00fcche w\u00e4hrend der Feiertage einen Hauch von Magie und Gem\u00fctlichkeit.\"},{\"@type\":\"BreadcrumbList\",\"@id\":\"https:\\\/\\\/www.beauville.com\\\/de\\\/blog\\\/adventskalender-tradition-und-magie-zum-entdecken\\\/#breadcrumb\",\"itemListElement\":[{\"@type\":\"ListItem\",\"position\":1,\"name\":\"Home\",\"item\":\"https:\\\/\\\/www.beauville.com\\\/de\\\/\"},{\"@type\":\"ListItem\",\"position\":2,\"name\":\"Blog\",\"item\":\"https:\\\/\\\/www.beauville.com\\\/de\\\/blog\\\/\"},{\"@type\":\"ListItem\",\"position\":3,\"name\":\"Adventskalender: Tradition und Magie zum Entdecken\"}]},{\"@type\":\"WebSite\",\"@id\":\"https:\\\/\\\/www.beauville.com\\\/de\\\/#website\",\"url\":\"https:\\\/\\\/www.beauville.com\\\/de\\\/\",\"name\":\"Beauvill\u00e9\",\"description\":\"Creator by tradition\",\"publisher\":{\"@id\":\"https:\\\/\\\/www.beauville.com\\\/de\\\/#organization\"},\"potentialAction\":[{\"@type\":\"SearchAction\",\"target\":{\"@type\":\"EntryPoint\",\"urlTemplate\":\"https:\\\/\\\/www.beauville.com\\\/de\\\/?s={search_term_string}\"},\"query-input\":{\"@type\":\"PropertyValueSpecification\",\"valueRequired\":true,\"valueName\":\"search_term_string\"}}],\"inLanguage\":\"de\"},{\"@type\":\"Organization\",\"@id\":\"https:\\\/\\\/www.beauville.com\\\/de\\\/#organization\",\"name\":\"Beauvill\u00e9\",\"url\":\"https:\\\/\\\/www.beauville.com\\\/de\\\/\",\"logo\":{\"@type\":\"ImageObject\",\"inLanguage\":\"de\",\"@id\":\"https:\\\/\\\/www.beauville.com\\\/de\\\/#\\\/schema\\\/logo\\\/image\\\/\",\"url\":\"https:\\\/\\\/www.beauville.com\\\/wp-inside\\\/uploads\\\/2018\\\/10\\\/beauville-logo.png\",\"contentUrl\":\"https:\\\/\\\/www.beauville.com\\\/wp-inside\\\/uploads\\\/2018\\\/10\\\/beauville-logo.png\",\"width\":230,\"height\":90,\"caption\":\"Beauvill\u00e9\"},\"image\":{\"@id\":\"https:\\\/\\\/www.beauville.com\\\/de\\\/#\\\/schema\\\/logo\\\/image\\\/\"},\"sameAs\":[\"https:\\\/\\\/www.facebook.com\\\/beauville.createur\",\"https:\\\/\\\/www.instagram.com\\\/beauville.createur\\\/\",\"https:\\\/\\\/www.pinterest.fr\\\/beauvillecreateur\\\/_created\\\/\",\"https:\\\/\\\/www.youtube.com\\\/channel\\\/UCN1DiK6SUHdildYkanOBeeA\"]},{\"@type\":\"Person\",\"@id\":\"https:\\\/\\\/www.beauville.com\\\/de\\\/#\\\/schema\\\/person\\\/ad0fa64b93a81bc4df4f8d1fb221a594\",\"name\":\"beauville-wp\",\"image\":{\"@type\":\"ImageObject\",\"inLanguage\":\"de\",\"@id\":\"https:\\\/\\\/secure.gravatar.com\\\/avatar\\\/ccfc9cd9974f3b2f4684fd5d1c0698785ab3815db27e5b9be74337ccd429086e?s=96&d=mm&r=g\",\"url\":\"https:\\\/\\\/secure.gravatar.com\\\/avatar\\\/ccfc9cd9974f3b2f4684fd5d1c0698785ab3815db27e5b9be74337ccd429086e?s=96&d=mm&r=g\",\"contentUrl\":\"https:\\\/\\\/secure.gravatar.com\\\/avatar\\\/ccfc9cd9974f3b2f4684fd5d1c0698785ab3815db27e5b9be74337ccd429086e?s=96&d=mm&r=g\",\"caption\":\"beauville-wp\"}}]}<\/script>\n<!-- \/ Yoast SEO plugin. -->","yoast_head_json":{"title":"Adventskalender: Tradition und Magie zum Entdecken","description":"Entdecken Sie die Magie der Adventszeit mit dem Adventskalender-Geschirrtuch von Beauvill\u00e9 \u2013 eine elegante Verbindung aus franz\u00f6sischer Tradition, festlicher Stimmung und t\u00e4glicher \u00dcberraschung.","robots":{"index":"index","follow":"follow","max-snippet":"max-snippet:-1","max-image-preview":"max-image-preview:large","max-video-preview":"max-video-preview:-1"},"canonical":"https:\/\/www.beauville.com\/de\/blog\/adventskalender-tradition-und-magie-zum-entdecken\/","og_locale":"de_DE","og_type":"article","og_title":"Adventskalender: Tradition und Magie zum Entdecken","og_description":"Entdecken Sie die Magie der Adventszeit mit dem Adventskalender-Geschirrtuch von Beauvill\u00e9 \u2013 eine elegante Verbindung aus franz\u00f6sischer Tradition, festlicher Stimmung und t\u00e4glicher \u00dcberraschung.","og_url":"https:\/\/www.beauville.com\/de\/blog\/adventskalender-tradition-und-magie-zum-entdecken\/","og_site_name":"Beauvill\u00e9","article_publisher":"https:\/\/www.facebook.com\/beauville.createur","article_published_time":"2023-11-02T13:49:36+00:00","article_modified_time":"2025-05-14T10:27:22+00:00","og_image":[{"width":767,"height":767,"url":"https:\/\/www.beauville.com\/wp-inside\/uploads\/2023\/11\/torchon-calendrier-de-lavent-9-carre.jpeg","type":"image\/jpeg"}],"author":"beauville-wp","twitter_card":"summary_large_image","twitter_misc":{"Verfasst von":"beauville-wp","Gesch\u00e4tzte Lesezeit":"2\u00a0Minuten"},"schema":{"@context":"https:\/\/schema.org","@graph":[{"@type":"Article","@id":"https:\/\/www.beauville.com\/de\/blog\/adventskalender-tradition-und-magie-zum-entdecken\/#article","isPartOf":{"@id":"https:\/\/www.beauville.com\/de\/blog\/adventskalender-tradition-und-magie-zum-entdecken\/"},"author":{"name":"beauville-wp","@id":"https:\/\/www.beauville.com\/de\/#\/schema\/person\/ad0fa64b93a81bc4df4f8d1fb221a594"},"headline":"Adventskalender: Tradition und Magie zum Entdecken","datePublished":"2023-11-02T13:49:36+00:00","dateModified":"2025-05-14T10:27:22+00:00","mainEntityOfPage":{"@id":"https:\/\/www.beauville.com\/de\/blog\/adventskalender-tradition-und-magie-zum-entdecken\/"},"wordCount":460,"publisher":{"@id":"https:\/\/www.beauville.com\/de\/#organization"},"image":{"@id":"https:\/\/www.beauville.com\/de\/blog\/adventskalender-tradition-und-magie-zum-entdecken\/#primaryimage"},"thumbnailUrl":"https:\/\/www.beauville.com\/wp-inside\/uploads\/2023\/11\/torchon-calendrier-de-lavent-9-carre.jpeg","articleSection":["Blog","Nachrichten","Weihnachten &amp; Neujahr"],"inLanguage":"de"},{"@type":"WebPage","@id":"https:\/\/www.beauville.com\/de\/blog\/adventskalender-tradition-und-magie-zum-entdecken\/","url":"https:\/\/www.beauville.com\/de\/blog\/adventskalender-tradition-und-magie-zum-entdecken\/","name":"Adventskalender: Tradition und Magie zum Entdecken","isPartOf":{"@id":"https:\/\/www.beauville.com\/de\/#website"},"primaryImageOfPage":{"@id":"https:\/\/www.beauville.com\/de\/blog\/adventskalender-tradition-und-magie-zum-entdecken\/#primaryimage"},"image":{"@id":"https:\/\/www.beauville.com\/de\/blog\/adventskalender-tradition-und-magie-zum-entdecken\/#primaryimage"},"thumbnailUrl":"https:\/\/www.beauville.com\/wp-inside\/uploads\/2023\/11\/torchon-calendrier-de-lavent-9-carre.jpeg","datePublished":"2023-11-02T13:49:36+00:00","dateModified":"2025-05-14T10:27:22+00:00","description":"Entdecken Sie die Magie der Adventszeit mit dem Adventskalender-Geschirrtuch von Beauvill\u00e9 \u2013 eine elegante Verbindung aus franz\u00f6sischer Tradition, festlicher Stimmung und t\u00e4glicher \u00dcberraschung.","breadcrumb":{"@id":"https:\/\/www.beauville.com\/de\/blog\/adventskalender-tradition-und-magie-zum-entdecken\/#breadcrumb"},"inLanguage":"de","potentialAction":[{"@type":"ReadAction","target":["https:\/\/www.beauville.com\/de\/blog\/adventskalender-tradition-und-magie-zum-entdecken\/"]}]},{"@type":"ImageObject","inLanguage":"de","@id":"https:\/\/www.beauville.com\/de\/blog\/adventskalender-tradition-und-magie-zum-entdecken\/#primaryimage","url":"https:\/\/www.beauville.com\/wp-inside\/uploads\/2023\/11\/torchon-calendrier-de-lavent-9-carre.jpeg","contentUrl":"https:\/\/www.beauville.com\/wp-inside\/uploads\/2023\/11\/torchon-calendrier-de-lavent-9-carre.jpeg","width":767,"height":767,"caption":"K\u00fcchentuch mit einem festlichen Design, das einen weihnachtlichen Adventskalender darstellt. Jedes Feld ist mit traditionellen Weihnachtsmotiven verziert und verleiht Ihrer K\u00fcche w\u00e4hrend der Feiertage einen Hauch von Magie und Gem\u00fctlichkeit."},{"@type":"BreadcrumbList","@id":"https:\/\/www.beauville.com\/de\/blog\/adventskalender-tradition-und-magie-zum-entdecken\/#breadcrumb","itemListElement":[{"@type":"ListItem","position":1,"name":"Home","item":"https:\/\/www.beauville.com\/de\/"},{"@type":"ListItem","position":2,"name":"Blog","item":"https:\/\/www.beauville.com\/de\/blog\/"},{"@type":"ListItem","position":3,"name":"Adventskalender: Tradition und Magie zum Entdecken"}]},{"@type":"WebSite","@id":"https:\/\/www.beauville.com\/de\/#website","url":"https:\/\/www.beauville.com\/de\/","name":"Beauvill\u00e9","description":"Creator by tradition","publisher":{"@id":"https:\/\/www.beauville.com\/de\/#organization"},"potentialAction":[{"@type":"SearchAction","target":{"@type":"EntryPoint","urlTemplate":"https:\/\/www.beauville.com\/de\/?s={search_term_string}"},"query-input":{"@type":"PropertyValueSpecification","valueRequired":true,"valueName":"search_term_string"}}],"inLanguage":"de"},{"@type":"Organization","@id":"https:\/\/www.beauville.com\/de\/#organization","name":"Beauvill\u00e9","url":"https:\/\/www.beauville.com\/de\/","logo":{"@type":"ImageObject","inLanguage":"de","@id":"https:\/\/www.beauville.com\/de\/#\/schema\/logo\/image\/","url":"https:\/\/www.beauville.com\/wp-inside\/uploads\/2018\/10\/beauville-logo.png","contentUrl":"https:\/\/www.beauville.com\/wp-inside\/uploads\/2018\/10\/beauville-logo.png","width":230,"height":90,"caption":"Beauvill\u00e9"},"image":{"@id":"https:\/\/www.beauville.com\/de\/#\/schema\/logo\/image\/"},"sameAs":["https:\/\/www.facebook.com\/beauville.createur","https:\/\/www.instagram.com\/beauville.createur\/","https:\/\/www.pinterest.fr\/beauvillecreateur\/_created\/","https:\/\/www.youtube.com\/channel\/UCN1DiK6SUHdildYkanOBeeA"]},{"@type":"Person","@id":"https:\/\/www.beauville.com\/de\/#\/schema\/person\/ad0fa64b93a81bc4df4f8d1fb221a594","name":"beauville-wp","image":{"@type":"ImageObject","inLanguage":"de","@id":"https:\/\/secure.gravatar.com\/avatar\/ccfc9cd9974f3b2f4684fd5d1c0698785ab3815db27e5b9be74337ccd429086e?s=96&d=mm&r=g","url":"https:\/\/secure.gravatar.com\/avatar\/ccfc9cd9974f3b2f4684fd5d1c0698785ab3815db27e5b9be74337ccd429086e?s=96&d=mm&r=g","contentUrl":"https:\/\/secure.gravatar.com\/avatar\/ccfc9cd9974f3b2f4684fd5d1c0698785ab3815db27e5b9be74337ccd429086e?s=96&d=mm&r=g","caption":"beauville-wp"}}]}},"_links":{"self":[{"href":"https:\/\/www.beauville.com\/de\/wp-json\/wp\/v2\/posts\/33338","targetHints":{"allow":["GET"]}}],"collection":[{"href":"https:\/\/www.beauville.com\/de\/wp-json\/wp\/v2\/posts"}],"about":[{"href":"https:\/\/www.beauville.com\/de\/wp-json\/wp\/v2\/types\/post"}],"author":[{"embeddable":true,"href":"https:\/\/www.beauville.com\/de\/wp-json\/wp\/v2\/users\/2"}],"replies":[{"embeddable":true,"href":"https:\/\/www.beauville.com\/de\/wp-json\/wp\/v2\/comments?post=33338"}],"version-history":[{"count":3,"href":"https:\/\/www.beauville.com\/de\/wp-json\/wp\/v2\/posts\/33338\/revisions"}],"predecessor-version":[{"id":33346,"href":"https:\/\/www.beauville.com\/de\/wp-json\/wp\/v2\/posts\/33338\/revisions\/33346"}],"wp:featuredmedia":[{"embeddable":true,"href":"https:\/\/www.beauville.com\/de\/wp-json\/wp\/v2\/media\/30557"}],"wp:attachment":[{"href":"https:\/\/www.beauville.com\/de\/wp-json\/wp\/v2\/media?parent=33338"}],"wp:term":[{"taxonomy":"category","embeddable":true,"href":"https:\/\/www.beauville.com\/de\/wp-json\/wp\/v2\/categories?post=33338"},{"taxonomy":"post_tag","embeddable":true,"href":"https:\/\/www.beauville.com\/de\/wp-json\/wp\/v2\/tags?post=33338"}],"curies":[{"name":"wp","href":"https:\/\/api.w.org\/{rel}","templated":true}]}}