{"id":33525,"date":"2021-12-09T09:00:23","date_gmt":"2021-12-09T08:00:23","guid":{"rendered":"https:\/\/www.beauville.com\/blog\/inspirations-de-fetes-une-table-de-noel-traditionnelle\/"},"modified":"2025-05-21T16:58:37","modified_gmt":"2025-05-21T14:58:37","slug":"festliche-inspirationen-folge-2-ein-traditioneller-weihnachtstisch","status":"publish","type":"post","link":"https:\/\/www.beauville.com\/de\/blog\/festliche-inspirationen-folge-2-ein-traditioneller-weihnachtstisch\/","title":{"rendered":"Festliche Inspirationen \u2013 Folge 2: Ein traditioneller Weihnachtstisch"},"content":{"rendered":"<p>Wie w\u00e4re es, den Tisch in festliches Gewand zu kleiden? Diese Woche stehen die klassischen Weihnachtsfarben im Mittelpunkt.<br data-start=\"435\" data-end=\"438\" \/>Wir verraten Ihnen einige Tipps, wie Sie eine festliche Tafel gestalten, die sowohl gesellig als auch warmherzig wirkt\u2026<\/p>\n<p><img decoding=\"async\" src=\"https:\/\/www.beauville.com\/wp-inside\/uploads\/2021\/10\/winter-e1634823011879.jpg\" class=\"aligncenter size-medium\" \/><\/p>\n<h3 data-start=\"564\" data-end=\"626\"><strong data-start=\"568\" data-end=\"626\">SCHRITT 1: Eine ikonische Festtagstischdecke ausw\u00e4hlen<\/strong><\/h3>\n<p data-start=\"628\" data-end=\"942\">Wenn Sie auf die zeitlosen Klassiker setzen m\u00f6chten, w\u00e4hlen Sie eine Tischdecke mit den typischen Farben und Motiven der Weihnachtszeit.<br data-start=\"764\" data-end=\"767\" \/>Wir empfehlen unsere Modelle <strong data-start=\"796\" data-end=\"814\">Sapin d\u2019\u00c9pices<\/strong> oder <strong data-start=\"820\" data-end=\"830\">Winter<\/strong> \u2013 mit passenden Servietten. Beide sind in drei Gr\u00f6\u00dfen erh\u00e4ltlich, um sich perfekt an Ihre Tischform anzupassen.<\/p>\n<p><img decoding=\"async\" src=\"https:\/\/www.beauville.com\/wp-inside\/uploads\/2021\/10\/img_2921-350x350.jpg\" class=\"aligncenter size-medium\" \/><\/p>\n<h3 data-start=\"949\" data-end=\"1017\"><strong data-start=\"953\" data-end=\"1017\">SCHRITT 2: Tradition neu interpretiert mit einem Tischl\u00e4ufer<\/strong><\/h3>\n<p data-start=\"1019\" data-end=\"1369\">Der kurze, rechteckige Tischl\u00e4ufer (50 x 150 cm), auch <strong data-start=\"1074\" data-end=\"1089\">\u201eVis-\u00e0-vis\u201c<\/strong> genannt, grenzt die Pl\u00e4tze gegen\u00fcberliegender G\u00e4ste elegant ab.<br data-start=\"1153\" data-end=\"1156\" \/>So entsteht Raum, um Gedecke kunstvoll zu arrangieren und den Blick gezielt auf feine Details zu lenken.<br data-start=\"1260\" data-end=\"1263\" \/>Zu unseren Favoriten unter den festlichen Tischl\u00e4ufern z\u00e4hlen die Modelle <strong data-start=\"1337\" data-end=\"1353\">Jour de F\u00eate<\/strong> und <strong data-start=\"1358\" data-end=\"1368\">Meg\u00e8ve<\/strong>.<a href=\"https:\/\/www.beauville.com\/shop\/fr\/noel\/717-tete-a-tete-jour-de-fete.html#\/20-couleur-rouge\"><img decoding=\"async\" src=\"https:\/\/www.beauville.com\/wp-inside\/uploads\/2020\/12\/10-350x350.jpg\" class=\"aligncenter size-medium\" \/><\/a><\/p>\n<h3 data-start=\"1376\" data-end=\"1439\"><strong data-start=\"1380\" data-end=\"1439\">SCHRITT 3: Eine festliche und warme Atmosph\u00e4re schaffen<\/strong><\/h3>\n<p data-start=\"1441\" data-end=\"1699\">Rot und Gr\u00fcn harmonieren ideal mit den traditionellen Motiven unserer Kollektion:<br data-start=\"1522\" data-end=\"1525\" \/>Verwenden Sie z.\u202fB. rote oder goldene Kerzenhalter, streuen Sie kleine Perlen oder Glitzer in passenden Farbt\u00f6nen, und erg\u00e4nzen Sie das Arrangement mit einigen Holzelementen.<\/p>\n<p data-start=\"1701\" data-end=\"1954\">Wenn Sie einen Tischl\u00e4ufer verwenden, legen Sie einige Mistelzweige in die Mitte des Tisches und nutzen Sie die freien Fl\u00e4chen, um Ihre Speisen stilvoll zu pr\u00e4sentieren. So kommt Ihre sch\u00f6nste Tischw\u00e4sche \u2013 nat\u00fcrlich von Beauvill\u00e9 \u2013 perfekt zur Geltung.<\/p>\n<p><a href=\"https:\/\/www.beauville.com\/shop\/fr\/linge-de-table\/715-nappe-jour-de-fete.html#\/20-couleur-rouge\/48-taille-carree_170_x_170_cm\"><img decoding=\"async\" src=\"https:\/\/www.beauville.com\/wp-inside\/uploads\/2020\/12\/a075e1ab-a047-4b7d-91d0-574623d7c1ff-350x350.jpg\" class=\"aligncenter size-medium\" \/><\/a><\/p>\n<h3 data-start=\"1961\" data-end=\"1984\"><strong data-start=\"1965\" data-end=\"1984\">Tipp der Woche:<\/strong><\/h3>\n<p data-start=\"1986\" data-end=\"2218\">Falten Sie Ihre Servietten in Form eines Tannenbaums \u2013 ein charmanter Blickfang, der Ihre G\u00e4ste \u00fcberraschen wird.<br data-start=\"2099\" data-end=\"2102\" \/>Unser leicht verst\u00e4ndliches Tutorial finden Sie <strong data-start=\"2150\" data-end=\"2158\">hier<\/strong> \u2013 f\u00fcr einen spielerischen und kreativen Start in den Abend!<\/p>\n<h4><\/h4>\n<p><img decoding=\"async\" src=\"https:\/\/www.beauville.com\/wp-inside\/uploads\/2021\/10\/img_2922-350x343.jpg\" class=\"size-medium\" \/><\/p>\n<p>&nbsp;<\/p>\n<p><strong data-start=\"2228\" data-end=\"2266\">Hat Ihnen dieser Artikel gefallen? <\/strong>Dann begleiten Sie uns <strong data-start=\"2292\" data-end=\"2328\">jeden Donnerstag bis Weihnachten<\/strong> und entdecken Sie viele weitere festliche Deko-Ideen!<\/p>\n","protected":false},"excerpt":{"rendered":"<p>Wie w\u00e4re es, den Tisch in festliches Gewand zu kleiden? Diese Woche stehen die klassischen Weihnachtsfarben im Mittelpunkt.Wir verraten Ihnen einige Tipps, wie Sie eine festliche Tafel gestalten, die sowohl [&hellip;]<\/p>\n","protected":false},"author":2,"featured_media":28709,"comment_status":"closed","ping_status":"closed","sticky":false,"template":"","format":"standard","meta":{"_acf_changed":false,"footnotes":""},"categories":[27,35],"tags":[],"class_list":["post-33525","post","type-post","status-publish","format-standard","has-post-thumbnail","hentry","category-blog","category-weihnachten-neujahr","wp-sticky"],"acf":[],"yoast_head":"<!-- This site is optimized with the Yoast SEO plugin v27.4 - https:\/\/yoast.com\/product\/yoast-seo-wordpress\/ -->\n<title>Festliche Inspirationen \u2013 Folge 2: Ein traditioneller Weihnachtstisch<\/title>\n<meta name=\"description\" content=\"Entdecken Sie, wie Sie mit Beauvill\u00e9 eine traditionelle und festliche Weihnachtstafel gestalten: ikonische Tischdecken, elegante Tischl\u00e4ufer und Dekorationen in Rot und Gr\u00fcn.\" \/>\n<meta name=\"robots\" content=\"index, follow, max-snippet:-1, max-image-preview:large, max-video-preview:-1\" \/>\n<link rel=\"canonical\" href=\"https:\/\/www.beauville.com\/de\/blog\/festliche-inspirationen-folge-2-ein-traditioneller-weihnachtstisch\/\" \/>\n<meta property=\"og:locale\" content=\"de_DE\" \/>\n<meta property=\"og:type\" content=\"article\" \/>\n<meta property=\"og:title\" content=\"Festliche Inspirationen \u2013 Folge 2: Ein traditioneller Weihnachtstisch\" \/>\n<meta property=\"og:description\" content=\"Entdecken Sie, wie Sie mit Beauvill\u00e9 eine traditionelle und festliche Weihnachtstafel gestalten: ikonische Tischdecken, elegante Tischl\u00e4ufer und Dekorationen in Rot und Gr\u00fcn.\" \/>\n<meta property=\"og:url\" content=\"https:\/\/www.beauville.com\/de\/blog\/festliche-inspirationen-folge-2-ein-traditioneller-weihnachtstisch\/\" \/>\n<meta property=\"og:site_name\" content=\"Beauvill\u00e9\" \/>\n<meta property=\"article:publisher\" content=\"https:\/\/www.facebook.com\/beauville.createur\" \/>\n<meta property=\"article:published_time\" content=\"2021-12-09T08:00:23+00:00\" \/>\n<meta property=\"article:modified_time\" content=\"2025-05-21T14:58:37+00:00\" \/>\n<meta property=\"og:image\" content=\"https:\/\/www.beauville.com\/wp-inside\/uploads\/2021\/10\/img_2921.jpg\" \/>\n\t<meta property=\"og:image:width\" content=\"1080\" \/>\n\t<meta property=\"og:image:height\" content=\"1080\" \/>\n\t<meta property=\"og:image:type\" content=\"image\/jpeg\" \/>\n<meta name=\"author\" content=\"beauville-wp\" \/>\n<meta name=\"twitter:card\" content=\"summary_large_image\" \/>\n<meta name=\"twitter:label1\" content=\"Verfasst von\" \/>\n\t<meta name=\"twitter:data1\" content=\"beauville-wp\" \/>\n\t<meta name=\"twitter:label2\" content=\"Gesch\u00e4tzte Lesezeit\" \/>\n\t<meta name=\"twitter:data2\" content=\"3\u00a0Minuten\" \/>\n<script type=\"application\/ld+json\" class=\"yoast-schema-graph\">{\"@context\":\"https:\\\/\\\/schema.org\",\"@graph\":[{\"@type\":\"Article\",\"@id\":\"https:\\\/\\\/www.beauville.com\\\/de\\\/blog\\\/festliche-inspirationen-folge-2-ein-traditioneller-weihnachtstisch\\\/#article\",\"isPartOf\":{\"@id\":\"https:\\\/\\\/www.beauville.com\\\/de\\\/blog\\\/festliche-inspirationen-folge-2-ein-traditioneller-weihnachtstisch\\\/\"},\"author\":{\"name\":\"beauville-wp\",\"@id\":\"https:\\\/\\\/www.beauville.com\\\/de\\\/#\\\/schema\\\/person\\\/ad0fa64b93a81bc4df4f8d1fb221a594\"},\"headline\":\"Festliche Inspirationen \u2013 Folge 2: Ein traditioneller Weihnachtstisch\",\"datePublished\":\"2021-12-09T08:00:23+00:00\",\"dateModified\":\"2025-05-21T14:58:37+00:00\",\"mainEntityOfPage\":{\"@id\":\"https:\\\/\\\/www.beauville.com\\\/de\\\/blog\\\/festliche-inspirationen-folge-2-ein-traditioneller-weihnachtstisch\\\/\"},\"wordCount\":312,\"publisher\":{\"@id\":\"https:\\\/\\\/www.beauville.com\\\/de\\\/#organization\"},\"image\":{\"@id\":\"https:\\\/\\\/www.beauville.com\\\/de\\\/blog\\\/festliche-inspirationen-folge-2-ein-traditioneller-weihnachtstisch\\\/#primaryimage\"},\"thumbnailUrl\":\"https:\\\/\\\/www.beauville.com\\\/wp-inside\\\/uploads\\\/2021\\\/10\\\/img_2921.jpg\",\"articleSection\":[\"Blog\",\"Weihnachten &amp; Neujahr\"],\"inLanguage\":\"de\"},{\"@type\":\"WebPage\",\"@id\":\"https:\\\/\\\/www.beauville.com\\\/de\\\/blog\\\/festliche-inspirationen-folge-2-ein-traditioneller-weihnachtstisch\\\/\",\"url\":\"https:\\\/\\\/www.beauville.com\\\/de\\\/blog\\\/festliche-inspirationen-folge-2-ein-traditioneller-weihnachtstisch\\\/\",\"name\":\"Festliche Inspirationen \u2013 Folge 2: Ein traditioneller Weihnachtstisch\",\"isPartOf\":{\"@id\":\"https:\\\/\\\/www.beauville.com\\\/de\\\/#website\"},\"primaryImageOfPage\":{\"@id\":\"https:\\\/\\\/www.beauville.com\\\/de\\\/blog\\\/festliche-inspirationen-folge-2-ein-traditioneller-weihnachtstisch\\\/#primaryimage\"},\"image\":{\"@id\":\"https:\\\/\\\/www.beauville.com\\\/de\\\/blog\\\/festliche-inspirationen-folge-2-ein-traditioneller-weihnachtstisch\\\/#primaryimage\"},\"thumbnailUrl\":\"https:\\\/\\\/www.beauville.com\\\/wp-inside\\\/uploads\\\/2021\\\/10\\\/img_2921.jpg\",\"datePublished\":\"2021-12-09T08:00:23+00:00\",\"dateModified\":\"2025-05-21T14:58:37+00:00\",\"description\":\"Entdecken Sie, wie Sie mit Beauvill\u00e9 eine traditionelle und festliche Weihnachtstafel gestalten: ikonische Tischdecken, elegante Tischl\u00e4ufer und Dekorationen in Rot und Gr\u00fcn.\",\"breadcrumb\":{\"@id\":\"https:\\\/\\\/www.beauville.com\\\/de\\\/blog\\\/festliche-inspirationen-folge-2-ein-traditioneller-weihnachtstisch\\\/#breadcrumb\"},\"inLanguage\":\"de\",\"potentialAction\":[{\"@type\":\"ReadAction\",\"target\":[\"https:\\\/\\\/www.beauville.com\\\/de\\\/blog\\\/festliche-inspirationen-folge-2-ein-traditioneller-weihnachtstisch\\\/\"]}]},{\"@type\":\"ImageObject\",\"inLanguage\":\"de\",\"@id\":\"https:\\\/\\\/www.beauville.com\\\/de\\\/blog\\\/festliche-inspirationen-folge-2-ein-traditioneller-weihnachtstisch\\\/#primaryimage\",\"url\":\"https:\\\/\\\/www.beauville.com\\\/wp-inside\\\/uploads\\\/2021\\\/10\\\/img_2921.jpg\",\"contentUrl\":\"https:\\\/\\\/www.beauville.com\\\/wp-inside\\\/uploads\\\/2021\\\/10\\\/img_2921.jpg\",\"width\":1080,\"height\":1080,\"caption\":\"Geschenkset mit einer Tischdecke Gew\u00fcrzbaum mit Weihnachtsbaum- und Gew\u00fcrzmotiven in warmen Gr\u00fcn- und Rott\u00f6nen. Ideal f\u00fcr festliche Mahlzeiten und verleiht dem Weihnachtstisch einen eleganten und festlichen Touch.\"},{\"@type\":\"BreadcrumbList\",\"@id\":\"https:\\\/\\\/www.beauville.com\\\/de\\\/blog\\\/festliche-inspirationen-folge-2-ein-traditioneller-weihnachtstisch\\\/#breadcrumb\",\"itemListElement\":[{\"@type\":\"ListItem\",\"position\":1,\"name\":\"Home\",\"item\":\"https:\\\/\\\/www.beauville.com\\\/de\\\/\"},{\"@type\":\"ListItem\",\"position\":2,\"name\":\"Blog\",\"item\":\"https:\\\/\\\/www.beauville.com\\\/de\\\/blog\\\/\"},{\"@type\":\"ListItem\",\"position\":3,\"name\":\"Festliche Inspirationen \u2013 Folge 2: Ein traditioneller Weihnachtstisch\"}]},{\"@type\":\"WebSite\",\"@id\":\"https:\\\/\\\/www.beauville.com\\\/de\\\/#website\",\"url\":\"https:\\\/\\\/www.beauville.com\\\/de\\\/\",\"name\":\"Beauvill\u00e9\",\"description\":\"Creator by tradition\",\"publisher\":{\"@id\":\"https:\\\/\\\/www.beauville.com\\\/de\\\/#organization\"},\"potentialAction\":[{\"@type\":\"SearchAction\",\"target\":{\"@type\":\"EntryPoint\",\"urlTemplate\":\"https:\\\/\\\/www.beauville.com\\\/de\\\/?s={search_term_string}\"},\"query-input\":{\"@type\":\"PropertyValueSpecification\",\"valueRequired\":true,\"valueName\":\"search_term_string\"}}],\"inLanguage\":\"de\"},{\"@type\":\"Organization\",\"@id\":\"https:\\\/\\\/www.beauville.com\\\/de\\\/#organization\",\"name\":\"Beauvill\u00e9\",\"url\":\"https:\\\/\\\/www.beauville.com\\\/de\\\/\",\"logo\":{\"@type\":\"ImageObject\",\"inLanguage\":\"de\",\"@id\":\"https:\\\/\\\/www.beauville.com\\\/de\\\/#\\\/schema\\\/logo\\\/image\\\/\",\"url\":\"https:\\\/\\\/www.beauville.com\\\/wp-inside\\\/uploads\\\/2018\\\/10\\\/beauville-logo.png\",\"contentUrl\":\"https:\\\/\\\/www.beauville.com\\\/wp-inside\\\/uploads\\\/2018\\\/10\\\/beauville-logo.png\",\"width\":230,\"height\":90,\"caption\":\"Beauvill\u00e9\"},\"image\":{\"@id\":\"https:\\\/\\\/www.beauville.com\\\/de\\\/#\\\/schema\\\/logo\\\/image\\\/\"},\"sameAs\":[\"https:\\\/\\\/www.facebook.com\\\/beauville.createur\",\"https:\\\/\\\/www.instagram.com\\\/beauville.createur\\\/\",\"https:\\\/\\\/www.pinterest.fr\\\/beauvillecreateur\\\/_created\\\/\",\"https:\\\/\\\/www.youtube.com\\\/channel\\\/UCN1DiK6SUHdildYkanOBeeA\"]},{\"@type\":\"Person\",\"@id\":\"https:\\\/\\\/www.beauville.com\\\/de\\\/#\\\/schema\\\/person\\\/ad0fa64b93a81bc4df4f8d1fb221a594\",\"name\":\"beauville-wp\",\"image\":{\"@type\":\"ImageObject\",\"inLanguage\":\"de\",\"@id\":\"https:\\\/\\\/secure.gravatar.com\\\/avatar\\\/ccfc9cd9974f3b2f4684fd5d1c0698785ab3815db27e5b9be74337ccd429086e?s=96&d=mm&r=g\",\"url\":\"https:\\\/\\\/secure.gravatar.com\\\/avatar\\\/ccfc9cd9974f3b2f4684fd5d1c0698785ab3815db27e5b9be74337ccd429086e?s=96&d=mm&r=g\",\"contentUrl\":\"https:\\\/\\\/secure.gravatar.com\\\/avatar\\\/ccfc9cd9974f3b2f4684fd5d1c0698785ab3815db27e5b9be74337ccd429086e?s=96&d=mm&r=g\",\"caption\":\"beauville-wp\"}}]}<\/script>\n<!-- \/ Yoast SEO plugin. -->","yoast_head_json":{"title":"Festliche Inspirationen \u2013 Folge 2: Ein traditioneller Weihnachtstisch","description":"Entdecken Sie, wie Sie mit Beauvill\u00e9 eine traditionelle und festliche Weihnachtstafel gestalten: ikonische Tischdecken, elegante Tischl\u00e4ufer und Dekorationen in Rot und Gr\u00fcn.","robots":{"index":"index","follow":"follow","max-snippet":"max-snippet:-1","max-image-preview":"max-image-preview:large","max-video-preview":"max-video-preview:-1"},"canonical":"https:\/\/www.beauville.com\/de\/blog\/festliche-inspirationen-folge-2-ein-traditioneller-weihnachtstisch\/","og_locale":"de_DE","og_type":"article","og_title":"Festliche Inspirationen \u2013 Folge 2: Ein traditioneller Weihnachtstisch","og_description":"Entdecken Sie, wie Sie mit Beauvill\u00e9 eine traditionelle und festliche Weihnachtstafel gestalten: ikonische Tischdecken, elegante Tischl\u00e4ufer und Dekorationen in Rot und Gr\u00fcn.","og_url":"https:\/\/www.beauville.com\/de\/blog\/festliche-inspirationen-folge-2-ein-traditioneller-weihnachtstisch\/","og_site_name":"Beauvill\u00e9","article_publisher":"https:\/\/www.facebook.com\/beauville.createur","article_published_time":"2021-12-09T08:00:23+00:00","article_modified_time":"2025-05-21T14:58:37+00:00","og_image":[{"width":1080,"height":1080,"url":"https:\/\/www.beauville.com\/wp-inside\/uploads\/2021\/10\/img_2921.jpg","type":"image\/jpeg"}],"author":"beauville-wp","twitter_card":"summary_large_image","twitter_misc":{"Verfasst von":"beauville-wp","Gesch\u00e4tzte Lesezeit":"3\u00a0Minuten"},"schema":{"@context":"https:\/\/schema.org","@graph":[{"@type":"Article","@id":"https:\/\/www.beauville.com\/de\/blog\/festliche-inspirationen-folge-2-ein-traditioneller-weihnachtstisch\/#article","isPartOf":{"@id":"https:\/\/www.beauville.com\/de\/blog\/festliche-inspirationen-folge-2-ein-traditioneller-weihnachtstisch\/"},"author":{"name":"beauville-wp","@id":"https:\/\/www.beauville.com\/de\/#\/schema\/person\/ad0fa64b93a81bc4df4f8d1fb221a594"},"headline":"Festliche Inspirationen \u2013 Folge 2: Ein traditioneller Weihnachtstisch","datePublished":"2021-12-09T08:00:23+00:00","dateModified":"2025-05-21T14:58:37+00:00","mainEntityOfPage":{"@id":"https:\/\/www.beauville.com\/de\/blog\/festliche-inspirationen-folge-2-ein-traditioneller-weihnachtstisch\/"},"wordCount":312,"publisher":{"@id":"https:\/\/www.beauville.com\/de\/#organization"},"image":{"@id":"https:\/\/www.beauville.com\/de\/blog\/festliche-inspirationen-folge-2-ein-traditioneller-weihnachtstisch\/#primaryimage"},"thumbnailUrl":"https:\/\/www.beauville.com\/wp-inside\/uploads\/2021\/10\/img_2921.jpg","articleSection":["Blog","Weihnachten &amp; Neujahr"],"inLanguage":"de"},{"@type":"WebPage","@id":"https:\/\/www.beauville.com\/de\/blog\/festliche-inspirationen-folge-2-ein-traditioneller-weihnachtstisch\/","url":"https:\/\/www.beauville.com\/de\/blog\/festliche-inspirationen-folge-2-ein-traditioneller-weihnachtstisch\/","name":"Festliche Inspirationen \u2013 Folge 2: Ein traditioneller Weihnachtstisch","isPartOf":{"@id":"https:\/\/www.beauville.com\/de\/#website"},"primaryImageOfPage":{"@id":"https:\/\/www.beauville.com\/de\/blog\/festliche-inspirationen-folge-2-ein-traditioneller-weihnachtstisch\/#primaryimage"},"image":{"@id":"https:\/\/www.beauville.com\/de\/blog\/festliche-inspirationen-folge-2-ein-traditioneller-weihnachtstisch\/#primaryimage"},"thumbnailUrl":"https:\/\/www.beauville.com\/wp-inside\/uploads\/2021\/10\/img_2921.jpg","datePublished":"2021-12-09T08:00:23+00:00","dateModified":"2025-05-21T14:58:37+00:00","description":"Entdecken Sie, wie Sie mit Beauvill\u00e9 eine traditionelle und festliche Weihnachtstafel gestalten: ikonische Tischdecken, elegante Tischl\u00e4ufer und Dekorationen in Rot und Gr\u00fcn.","breadcrumb":{"@id":"https:\/\/www.beauville.com\/de\/blog\/festliche-inspirationen-folge-2-ein-traditioneller-weihnachtstisch\/#breadcrumb"},"inLanguage":"de","potentialAction":[{"@type":"ReadAction","target":["https:\/\/www.beauville.com\/de\/blog\/festliche-inspirationen-folge-2-ein-traditioneller-weihnachtstisch\/"]}]},{"@type":"ImageObject","inLanguage":"de","@id":"https:\/\/www.beauville.com\/de\/blog\/festliche-inspirationen-folge-2-ein-traditioneller-weihnachtstisch\/#primaryimage","url":"https:\/\/www.beauville.com\/wp-inside\/uploads\/2021\/10\/img_2921.jpg","contentUrl":"https:\/\/www.beauville.com\/wp-inside\/uploads\/2021\/10\/img_2921.jpg","width":1080,"height":1080,"caption":"Geschenkset mit einer Tischdecke Gew\u00fcrzbaum mit Weihnachtsbaum- und Gew\u00fcrzmotiven in warmen Gr\u00fcn- und Rott\u00f6nen. Ideal f\u00fcr festliche Mahlzeiten und verleiht dem Weihnachtstisch einen eleganten und festlichen Touch."},{"@type":"BreadcrumbList","@id":"https:\/\/www.beauville.com\/de\/blog\/festliche-inspirationen-folge-2-ein-traditioneller-weihnachtstisch\/#breadcrumb","itemListElement":[{"@type":"ListItem","position":1,"name":"Home","item":"https:\/\/www.beauville.com\/de\/"},{"@type":"ListItem","position":2,"name":"Blog","item":"https:\/\/www.beauville.com\/de\/blog\/"},{"@type":"ListItem","position":3,"name":"Festliche Inspirationen \u2013 Folge 2: Ein traditioneller Weihnachtstisch"}]},{"@type":"WebSite","@id":"https:\/\/www.beauville.com\/de\/#website","url":"https:\/\/www.beauville.com\/de\/","name":"Beauvill\u00e9","description":"Creator by tradition","publisher":{"@id":"https:\/\/www.beauville.com\/de\/#organization"},"potentialAction":[{"@type":"SearchAction","target":{"@type":"EntryPoint","urlTemplate":"https:\/\/www.beauville.com\/de\/?s={search_term_string}"},"query-input":{"@type":"PropertyValueSpecification","valueRequired":true,"valueName":"search_term_string"}}],"inLanguage":"de"},{"@type":"Organization","@id":"https:\/\/www.beauville.com\/de\/#organization","name":"Beauvill\u00e9","url":"https:\/\/www.beauville.com\/de\/","logo":{"@type":"ImageObject","inLanguage":"de","@id":"https:\/\/www.beauville.com\/de\/#\/schema\/logo\/image\/","url":"https:\/\/www.beauville.com\/wp-inside\/uploads\/2018\/10\/beauville-logo.png","contentUrl":"https:\/\/www.beauville.com\/wp-inside\/uploads\/2018\/10\/beauville-logo.png","width":230,"height":90,"caption":"Beauvill\u00e9"},"image":{"@id":"https:\/\/www.beauville.com\/de\/#\/schema\/logo\/image\/"},"sameAs":["https:\/\/www.facebook.com\/beauville.createur","https:\/\/www.instagram.com\/beauville.createur\/","https:\/\/www.pinterest.fr\/beauvillecreateur\/_created\/","https:\/\/www.youtube.com\/channel\/UCN1DiK6SUHdildYkanOBeeA"]},{"@type":"Person","@id":"https:\/\/www.beauville.com\/de\/#\/schema\/person\/ad0fa64b93a81bc4df4f8d1fb221a594","name":"beauville-wp","image":{"@type":"ImageObject","inLanguage":"de","@id":"https:\/\/secure.gravatar.com\/avatar\/ccfc9cd9974f3b2f4684fd5d1c0698785ab3815db27e5b9be74337ccd429086e?s=96&d=mm&r=g","url":"https:\/\/secure.gravatar.com\/avatar\/ccfc9cd9974f3b2f4684fd5d1c0698785ab3815db27e5b9be74337ccd429086e?s=96&d=mm&r=g","contentUrl":"https:\/\/secure.gravatar.com\/avatar\/ccfc9cd9974f3b2f4684fd5d1c0698785ab3815db27e5b9be74337ccd429086e?s=96&d=mm&r=g","caption":"beauville-wp"}}]}},"_links":{"self":[{"href":"https:\/\/www.beauville.com\/de\/wp-json\/wp\/v2\/posts\/33525","targetHints":{"allow":["GET"]}}],"collection":[{"href":"https:\/\/www.beauville.com\/de\/wp-json\/wp\/v2\/posts"}],"about":[{"href":"https:\/\/www.beauville.com\/de\/wp-json\/wp\/v2\/types\/post"}],"author":[{"embeddable":true,"href":"https:\/\/www.beauville.com\/de\/wp-json\/wp\/v2\/users\/2"}],"replies":[{"embeddable":true,"href":"https:\/\/www.beauville.com\/de\/wp-json\/wp\/v2\/comments?post=33525"}],"version-history":[{"count":2,"href":"https:\/\/www.beauville.com\/de\/wp-json\/wp\/v2\/posts\/33525\/revisions"}],"predecessor-version":[{"id":33528,"href":"https:\/\/www.beauville.com\/de\/wp-json\/wp\/v2\/posts\/33525\/revisions\/33528"}],"wp:featuredmedia":[{"embeddable":true,"href":"https:\/\/www.beauville.com\/de\/wp-json\/wp\/v2\/media\/28709"}],"wp:attachment":[{"href":"https:\/\/www.beauville.com\/de\/wp-json\/wp\/v2\/media?parent=33525"}],"wp:term":[{"taxonomy":"category","embeddable":true,"href":"https:\/\/www.beauville.com\/de\/wp-json\/wp\/v2\/categories?post=33525"},{"taxonomy":"post_tag","embeddable":true,"href":"https:\/\/www.beauville.com\/de\/wp-json\/wp\/v2\/tags?post=33525"}],"curies":[{"name":"wp","href":"https:\/\/api.w.org\/{rel}","templated":true}]}}