{"id":33532,"date":"2021-12-02T09:00:27","date_gmt":"2021-12-02T08:00:27","guid":{"rendered":"https:\/\/www.beauville.com\/blog\/inspiration-de-fetes-episode-1-noel-dans-le-grand-nord\/"},"modified":"2025-05-21T17:08:36","modified_gmt":"2025-05-21T15:08:36","slug":"festliche-inspirationen-episode-1-weihnachten-im-hohen-norden","status":"publish","type":"post","link":"https:\/\/www.beauville.com\/de\/blog\/festliche-inspirationen-episode-1-weihnachten-im-hohen-norden\/","title":{"rendered":"Festliche Inspirationen \u2013 Episode 1: Weihnachten im hohen Norden"},"content":{"rendered":"<p data-start=\"313\" data-end=\"512\">Diese Woche weht ein Hauch aus dem hohen Norden durch Ihre Dekoration.<br data-start=\"383\" data-end=\"386\" \/>Entdecken Sie unsere Tipps f\u00fcr ein festliches Ambiente in Blau- und Wei\u00dft\u00f6nen \u2013 auf zur skandinavischen Weihnachtsinspiration!<\/p>\n<h3 data-start=\"519\" data-end=\"586\"><strong data-start=\"523\" data-end=\"586\">SCHRITT 1: Eine Tischdecke mit m\u00e4rchenhaften Details w\u00e4hlen<\/strong><\/h3>\n<p data-start=\"588\" data-end=\"890\">Wenn Sie die klassischen Weihnachtst\u00f6ne neu interpretieren und gleichzeitig eine zauberhafte Atmosph\u00e4re schaffen m\u00f6chten, empfehlen wir unsere Tischdecke <strong data-start=\"742\" data-end=\"766\">Nuit \u00c9toil\u00e9e in Blau<\/strong>.<br data-start=\"767\" data-end=\"770\" \/>Mit ihren grafischen Motiven und den schneebedeckten H\u00e4uschen entf\u00fchrt sie Sie direkt in eine magische Winterlandschaft.<\/p>\n<p><img decoding=\"async\" src=\"https:\/\/www.beauville.com\/wp-inside\/uploads\/2020\/10\/nappe-nuit-etoilee-beauville.jpg\" alt=\"Nappe Nuit \u00e9toil\u00e9e Beauvill\u00e9\" class=\"aligncenter\" \/><\/p>\n<h3 data-start=\"897\" data-end=\"970\"><strong data-start=\"901\" data-end=\"970\">SCHRITT 2: Eine Tischdekoration im skandinavischen Stil gestalten<\/strong><\/h3>\n<p data-start=\"972\" data-end=\"1253\">Decken Sie Ihre Festtafel mit <strong data-start=\"1002\" data-end=\"1040\">wei\u00dfem oder transparentem Geschirr<\/strong>, <strong data-start=\"1042\" data-end=\"1068\">silberfarbenem Besteck<\/strong> und eleganten <strong data-start=\"1083\" data-end=\"1102\">Kristallgl\u00e4sern<\/strong>.<br data-start=\"1103\" data-end=\"1106\" \/>Unsere <strong data-start=\"1113\" data-end=\"1158\">zweifarbigen Servietten in Wei\u00df\/Nachtblau<\/strong> lassen sich mit einem Serviettenring in irisierendem Glanz stilvoll auf dem Teller platzieren.<\/p>\n<p><img decoding=\"async\" src=\"https:\/\/www.beauville.com\/wp-inside\/uploads\/2021\/10\/nuit-etoilee-bleu-5-350x350.jpeg\" class=\"aligncenter size-medium\" \/><\/p>\n<h3 data-start=\"1260\" data-end=\"1325\"><strong data-start=\"1264\" data-end=\"1325\">SCHRITT 3: Eine sanfte und behagliche Atmosph\u00e4re schaffen<\/strong><\/h3>\n<p data-start=\"1327\" data-end=\"1563\">F\u00fcr echtes nordisches Flair sorgen <strong data-start=\"1362\" data-end=\"1400\">viele Kissen und kuschelige Plaids<\/strong> auf Ihren Sitzpl\u00e4tzen.<br data-start=\"1423\" data-end=\"1426\" \/>Erg\u00e4nzen Sie die Szenerie mit <strong data-start=\"1456\" data-end=\"1473\">Lichterketten<\/strong>, <strong data-start=\"1475\" data-end=\"1490\">Holzdetails<\/strong> und <strong data-start=\"1495\" data-end=\"1513\">kleinen Kerzen<\/strong> auf dem Tisch \u2013 f\u00fcr ein Maximum an Gem\u00fctlichkeit.<\/p>\n<p><img decoding=\"async\" src=\"https:\/\/www.beauville.com\/wp-inside\/uploads\/2021\/10\/nuit-etoilee-bleu-350x350.jpg\" class=\"aligncenter size-medium\" \/><\/p>\n<p>&nbsp;<\/p>\n<h3 data-start=\"1570\" data-end=\"1628\"><strong data-start=\"1574\" data-end=\"1628\">SCHRITT 4: Den Cosy-Effekt in der K\u00fcche fortsetzen<\/strong><\/h3>\n<p data-start=\"1630\" data-end=\"1930\">Der skandinavische Charme macht nicht Halt vor der K\u00fcche: Unsere <strong data-start=\"1695\" data-end=\"1731\">Geschirrt\u00fccher mit Wintermotiven<\/strong> bringen stilvolle Harmonie.<br data-start=\"1759\" data-end=\"1762\" \/>Kombinieren Sie Ihre Tischdekoration z.\u202fB. mit dem Tuch <strong data-start=\"1818\" data-end=\"1843\">Nuit F\u00e9erique in Blau<\/strong> oder w\u00e4hlen Sie das Modell <strong data-start=\"1871\" data-end=\"1888\">\u00c0 la montagne<\/strong> f\u00fcr eine noch rustikalere Winterstimmung.<\/p>\n<p><img decoding=\"async\" src=\"https:\/\/www.beauville.com\/wp-inside\/uploads\/2021\/10\/nuit-feerique-350x350.jpg\" class=\"aligncenter size-medium\" \/><\/p>\n<h3 data-start=\"1937\" data-end=\"1960\"><strong data-start=\"1941\" data-end=\"1960\">Tipp der Woche:<\/strong><\/h3>\n<p data-start=\"1962\" data-end=\"2184\">In der festlichen Jahreszeit stehen Geselligkeit und Genuss im Mittelpunkt.<br data-start=\"2037\" data-end=\"2040\" \/>Verteilen Sie kleine <strong data-start=\"2061\" data-end=\"2090\">Naschereien auf dem Tisch<\/strong> \u2013 sie bringen nicht nur Originalit\u00e4t in die Dekoration, sondern erfreuen auch Gro\u00df und Klein!<\/p>\n<p><img decoding=\"async\" src=\"https:\/\/www.beauville.com\/wp-inside\/uploads\/2021\/10\/nuit-etoilee-bleu-6-350x350.jpeg\" class=\"aligncenter size-medium\" \/><\/p>\n<p data-start=\"2191\" data-end=\"2366\">Hat Ihnen dieser Artikel gefallen? Dann schauen Sie jeden <strong data-start=\"2254\" data-end=\"2284\">Donnerstag bis Weihnachten<\/strong> bei uns vorbei \u2013 wir haben viele weitere festliche Dekoideen f\u00fcr Sie vorbereitet!<\/p>\n","protected":false},"excerpt":{"rendered":"<p>Diese Woche weht ein Hauch aus dem hohen Norden durch Ihre Dekoration.Entdecken Sie unsere Tipps f\u00fcr ein festliches Ambiente in Blau- und Wei\u00dft\u00f6nen \u2013 auf zur skandinavischen Weihnachtsinspiration! SCHRITT 1: [&hellip;]<\/p>\n","protected":false},"author":2,"featured_media":28770,"comment_status":"closed","ping_status":"closed","sticky":false,"template":"","format":"standard","meta":{"_acf_changed":false,"footnotes":""},"categories":[27,35],"tags":[],"class_list":["post-33532","post","type-post","status-publish","format-standard","has-post-thumbnail","hentry","category-blog","category-weihnachten-neujahr","wp-sticky"],"acf":[],"yoast_head":"<!-- This site is optimized with the Yoast SEO plugin v27.4 - https:\/\/yoast.com\/product\/yoast-seo-wordpress\/ -->\n<title>Festliche Inspirationen \u2013 Episode 1: Weihnachten im hohen Norden<\/title>\n<meta name=\"description\" content=\"Erleben Sie ein nordisches Weihnachtsfest mit Beauvill\u00e9: m\u00e4rchenhafte Tischdecken, skandinavische Dekoration und warme Details f\u00fcr eine stilvolle, gem\u00fctliche Festtagstafel.\" \/>\n<meta name=\"robots\" content=\"index, follow, max-snippet:-1, max-image-preview:large, max-video-preview:-1\" \/>\n<link rel=\"canonical\" href=\"https:\/\/www.beauville.com\/de\/blog\/festliche-inspirationen-episode-1-weihnachten-im-hohen-norden\/\" \/>\n<meta property=\"og:locale\" content=\"de_DE\" \/>\n<meta property=\"og:type\" content=\"article\" \/>\n<meta property=\"og:title\" content=\"Festliche Inspirationen \u2013 Episode 1: Weihnachten im hohen Norden\" \/>\n<meta property=\"og:description\" content=\"Erleben Sie ein nordisches Weihnachtsfest mit Beauvill\u00e9: m\u00e4rchenhafte Tischdecken, skandinavische Dekoration und warme Details f\u00fcr eine stilvolle, gem\u00fctliche Festtagstafel.\" \/>\n<meta property=\"og:url\" content=\"https:\/\/www.beauville.com\/de\/blog\/festliche-inspirationen-episode-1-weihnachten-im-hohen-norden\/\" \/>\n<meta property=\"og:site_name\" content=\"Beauvill\u00e9\" \/>\n<meta property=\"article:publisher\" content=\"https:\/\/www.facebook.com\/beauville.createur\" \/>\n<meta property=\"article:published_time\" content=\"2021-12-02T08:00:27+00:00\" \/>\n<meta property=\"article:modified_time\" content=\"2025-05-21T15:08:36+00:00\" \/>\n<meta property=\"og:image\" content=\"https:\/\/www.beauville.com\/wp-inside\/uploads\/2021\/10\/nuit-etoilee-bleu-3.jpeg\" \/>\n\t<meta property=\"og:image:width\" content=\"2000\" \/>\n\t<meta property=\"og:image:height\" content=\"2000\" \/>\n\t<meta property=\"og:image:type\" content=\"image\/jpeg\" \/>\n<meta name=\"author\" content=\"beauville-wp\" \/>\n<meta name=\"twitter:card\" content=\"summary_large_image\" \/>\n<meta name=\"twitter:label1\" content=\"Verfasst von\" \/>\n\t<meta name=\"twitter:data1\" content=\"beauville-wp\" \/>\n\t<meta name=\"twitter:label2\" content=\"Gesch\u00e4tzte Lesezeit\" \/>\n\t<meta name=\"twitter:data2\" content=\"3\u00a0Minuten\" \/>\n<script type=\"application\/ld+json\" class=\"yoast-schema-graph\">{\"@context\":\"https:\\\/\\\/schema.org\",\"@graph\":[{\"@type\":\"Article\",\"@id\":\"https:\\\/\\\/www.beauville.com\\\/de\\\/blog\\\/festliche-inspirationen-episode-1-weihnachten-im-hohen-norden\\\/#article\",\"isPartOf\":{\"@id\":\"https:\\\/\\\/www.beauville.com\\\/de\\\/blog\\\/festliche-inspirationen-episode-1-weihnachten-im-hohen-norden\\\/\"},\"author\":{\"name\":\"beauville-wp\",\"@id\":\"https:\\\/\\\/www.beauville.com\\\/de\\\/#\\\/schema\\\/person\\\/ad0fa64b93a81bc4df4f8d1fb221a594\"},\"headline\":\"Festliche Inspirationen \u2013 Episode 1: Weihnachten im hohen Norden\",\"datePublished\":\"2021-12-02T08:00:27+00:00\",\"dateModified\":\"2025-05-21T15:08:36+00:00\",\"mainEntityOfPage\":{\"@id\":\"https:\\\/\\\/www.beauville.com\\\/de\\\/blog\\\/festliche-inspirationen-episode-1-weihnachten-im-hohen-norden\\\/\"},\"wordCount\":292,\"publisher\":{\"@id\":\"https:\\\/\\\/www.beauville.com\\\/de\\\/#organization\"},\"image\":{\"@id\":\"https:\\\/\\\/www.beauville.com\\\/de\\\/blog\\\/festliche-inspirationen-episode-1-weihnachten-im-hohen-norden\\\/#primaryimage\"},\"thumbnailUrl\":\"https:\\\/\\\/www.beauville.com\\\/wp-inside\\\/uploads\\\/2021\\\/10\\\/nuit-etoilee-bleu-3.jpeg\",\"articleSection\":[\"Blog\",\"Weihnachten &amp; Neujahr\"],\"inLanguage\":\"de\"},{\"@type\":\"WebPage\",\"@id\":\"https:\\\/\\\/www.beauville.com\\\/de\\\/blog\\\/festliche-inspirationen-episode-1-weihnachten-im-hohen-norden\\\/\",\"url\":\"https:\\\/\\\/www.beauville.com\\\/de\\\/blog\\\/festliche-inspirationen-episode-1-weihnachten-im-hohen-norden\\\/\",\"name\":\"Festliche Inspirationen \u2013 Episode 1: Weihnachten im hohen Norden\",\"isPartOf\":{\"@id\":\"https:\\\/\\\/www.beauville.com\\\/de\\\/#website\"},\"primaryImageOfPage\":{\"@id\":\"https:\\\/\\\/www.beauville.com\\\/de\\\/blog\\\/festliche-inspirationen-episode-1-weihnachten-im-hohen-norden\\\/#primaryimage\"},\"image\":{\"@id\":\"https:\\\/\\\/www.beauville.com\\\/de\\\/blog\\\/festliche-inspirationen-episode-1-weihnachten-im-hohen-norden\\\/#primaryimage\"},\"thumbnailUrl\":\"https:\\\/\\\/www.beauville.com\\\/wp-inside\\\/uploads\\\/2021\\\/10\\\/nuit-etoilee-bleu-3.jpeg\",\"datePublished\":\"2021-12-02T08:00:27+00:00\",\"dateModified\":\"2025-05-21T15:08:36+00:00\",\"description\":\"Erleben Sie ein nordisches Weihnachtsfest mit Beauvill\u00e9: m\u00e4rchenhafte Tischdecken, skandinavische Dekoration und warme Details f\u00fcr eine stilvolle, gem\u00fctliche Festtagstafel.\",\"breadcrumb\":{\"@id\":\"https:\\\/\\\/www.beauville.com\\\/de\\\/blog\\\/festliche-inspirationen-episode-1-weihnachten-im-hohen-norden\\\/#breadcrumb\"},\"inLanguage\":\"de\",\"potentialAction\":[{\"@type\":\"ReadAction\",\"target\":[\"https:\\\/\\\/www.beauville.com\\\/de\\\/blog\\\/festliche-inspirationen-episode-1-weihnachten-im-hohen-norden\\\/\"]}]},{\"@type\":\"ImageObject\",\"inLanguage\":\"de\",\"@id\":\"https:\\\/\\\/www.beauville.com\\\/de\\\/blog\\\/festliche-inspirationen-episode-1-weihnachten-im-hohen-norden\\\/#primaryimage\",\"url\":\"https:\\\/\\\/www.beauville.com\\\/wp-inside\\\/uploads\\\/2021\\\/10\\\/nuit-etoilee-bleu-3.jpeg\",\"contentUrl\":\"https:\\\/\\\/www.beauville.com\\\/wp-inside\\\/uploads\\\/2021\\\/10\\\/nuit-etoilee-bleu-3.jpeg\",\"width\":2000,\"height\":2000,\"caption\":\"Geschenkset mit einer nachtblauen Tischdecke mit goldenen Sternenmotiven, elegant gefaltet in einer edlen Verpackung, die den Zauber festlicher Abende heraufbeschw\u00f6rt.\"},{\"@type\":\"BreadcrumbList\",\"@id\":\"https:\\\/\\\/www.beauville.com\\\/de\\\/blog\\\/festliche-inspirationen-episode-1-weihnachten-im-hohen-norden\\\/#breadcrumb\",\"itemListElement\":[{\"@type\":\"ListItem\",\"position\":1,\"name\":\"Home\",\"item\":\"https:\\\/\\\/www.beauville.com\\\/de\\\/\"},{\"@type\":\"ListItem\",\"position\":2,\"name\":\"Blog\",\"item\":\"https:\\\/\\\/www.beauville.com\\\/de\\\/blog\\\/\"},{\"@type\":\"ListItem\",\"position\":3,\"name\":\"Weihnachten &amp; Neujahr\",\"item\":\"https:\\\/\\\/www.beauville.com\\\/de\\\/blog\\\/weihnachten-neujahr\\\/\"},{\"@type\":\"ListItem\",\"position\":4,\"name\":\"Festliche Inspirationen \u2013 Episode 1: Weihnachten im hohen Norden\"}]},{\"@type\":\"WebSite\",\"@id\":\"https:\\\/\\\/www.beauville.com\\\/de\\\/#website\",\"url\":\"https:\\\/\\\/www.beauville.com\\\/de\\\/\",\"name\":\"Beauvill\u00e9\",\"description\":\"Creator by tradition\",\"publisher\":{\"@id\":\"https:\\\/\\\/www.beauville.com\\\/de\\\/#organization\"},\"potentialAction\":[{\"@type\":\"SearchAction\",\"target\":{\"@type\":\"EntryPoint\",\"urlTemplate\":\"https:\\\/\\\/www.beauville.com\\\/de\\\/?s={search_term_string}\"},\"query-input\":{\"@type\":\"PropertyValueSpecification\",\"valueRequired\":true,\"valueName\":\"search_term_string\"}}],\"inLanguage\":\"de\"},{\"@type\":\"Organization\",\"@id\":\"https:\\\/\\\/www.beauville.com\\\/de\\\/#organization\",\"name\":\"Beauvill\u00e9\",\"url\":\"https:\\\/\\\/www.beauville.com\\\/de\\\/\",\"logo\":{\"@type\":\"ImageObject\",\"inLanguage\":\"de\",\"@id\":\"https:\\\/\\\/www.beauville.com\\\/de\\\/#\\\/schema\\\/logo\\\/image\\\/\",\"url\":\"https:\\\/\\\/www.beauville.com\\\/wp-inside\\\/uploads\\\/2018\\\/10\\\/beauville-logo.png\",\"contentUrl\":\"https:\\\/\\\/www.beauville.com\\\/wp-inside\\\/uploads\\\/2018\\\/10\\\/beauville-logo.png\",\"width\":230,\"height\":90,\"caption\":\"Beauvill\u00e9\"},\"image\":{\"@id\":\"https:\\\/\\\/www.beauville.com\\\/de\\\/#\\\/schema\\\/logo\\\/image\\\/\"},\"sameAs\":[\"https:\\\/\\\/www.facebook.com\\\/beauville.createur\",\"https:\\\/\\\/www.instagram.com\\\/beauville.createur\\\/\",\"https:\\\/\\\/www.pinterest.fr\\\/beauvillecreateur\\\/_created\\\/\",\"https:\\\/\\\/www.youtube.com\\\/channel\\\/UCN1DiK6SUHdildYkanOBeeA\"]},{\"@type\":\"Person\",\"@id\":\"https:\\\/\\\/www.beauville.com\\\/de\\\/#\\\/schema\\\/person\\\/ad0fa64b93a81bc4df4f8d1fb221a594\",\"name\":\"beauville-wp\",\"image\":{\"@type\":\"ImageObject\",\"inLanguage\":\"de\",\"@id\":\"https:\\\/\\\/secure.gravatar.com\\\/avatar\\\/ccfc9cd9974f3b2f4684fd5d1c0698785ab3815db27e5b9be74337ccd429086e?s=96&d=mm&r=g\",\"url\":\"https:\\\/\\\/secure.gravatar.com\\\/avatar\\\/ccfc9cd9974f3b2f4684fd5d1c0698785ab3815db27e5b9be74337ccd429086e?s=96&d=mm&r=g\",\"contentUrl\":\"https:\\\/\\\/secure.gravatar.com\\\/avatar\\\/ccfc9cd9974f3b2f4684fd5d1c0698785ab3815db27e5b9be74337ccd429086e?s=96&d=mm&r=g\",\"caption\":\"beauville-wp\"}}]}<\/script>\n<!-- \/ Yoast SEO plugin. -->","yoast_head_json":{"title":"Festliche Inspirationen \u2013 Episode 1: Weihnachten im hohen Norden","description":"Erleben Sie ein nordisches Weihnachtsfest mit Beauvill\u00e9: m\u00e4rchenhafte Tischdecken, skandinavische Dekoration und warme Details f\u00fcr eine stilvolle, gem\u00fctliche Festtagstafel.","robots":{"index":"index","follow":"follow","max-snippet":"max-snippet:-1","max-image-preview":"max-image-preview:large","max-video-preview":"max-video-preview:-1"},"canonical":"https:\/\/www.beauville.com\/de\/blog\/festliche-inspirationen-episode-1-weihnachten-im-hohen-norden\/","og_locale":"de_DE","og_type":"article","og_title":"Festliche Inspirationen \u2013 Episode 1: Weihnachten im hohen Norden","og_description":"Erleben Sie ein nordisches Weihnachtsfest mit Beauvill\u00e9: m\u00e4rchenhafte Tischdecken, skandinavische Dekoration und warme Details f\u00fcr eine stilvolle, gem\u00fctliche Festtagstafel.","og_url":"https:\/\/www.beauville.com\/de\/blog\/festliche-inspirationen-episode-1-weihnachten-im-hohen-norden\/","og_site_name":"Beauvill\u00e9","article_publisher":"https:\/\/www.facebook.com\/beauville.createur","article_published_time":"2021-12-02T08:00:27+00:00","article_modified_time":"2025-05-21T15:08:36+00:00","og_image":[{"width":2000,"height":2000,"url":"https:\/\/www.beauville.com\/wp-inside\/uploads\/2021\/10\/nuit-etoilee-bleu-3.jpeg","type":"image\/jpeg"}],"author":"beauville-wp","twitter_card":"summary_large_image","twitter_misc":{"Verfasst von":"beauville-wp","Gesch\u00e4tzte Lesezeit":"3\u00a0Minuten"},"schema":{"@context":"https:\/\/schema.org","@graph":[{"@type":"Article","@id":"https:\/\/www.beauville.com\/de\/blog\/festliche-inspirationen-episode-1-weihnachten-im-hohen-norden\/#article","isPartOf":{"@id":"https:\/\/www.beauville.com\/de\/blog\/festliche-inspirationen-episode-1-weihnachten-im-hohen-norden\/"},"author":{"name":"beauville-wp","@id":"https:\/\/www.beauville.com\/de\/#\/schema\/person\/ad0fa64b93a81bc4df4f8d1fb221a594"},"headline":"Festliche Inspirationen \u2013 Episode 1: Weihnachten im hohen Norden","datePublished":"2021-12-02T08:00:27+00:00","dateModified":"2025-05-21T15:08:36+00:00","mainEntityOfPage":{"@id":"https:\/\/www.beauville.com\/de\/blog\/festliche-inspirationen-episode-1-weihnachten-im-hohen-norden\/"},"wordCount":292,"publisher":{"@id":"https:\/\/www.beauville.com\/de\/#organization"},"image":{"@id":"https:\/\/www.beauville.com\/de\/blog\/festliche-inspirationen-episode-1-weihnachten-im-hohen-norden\/#primaryimage"},"thumbnailUrl":"https:\/\/www.beauville.com\/wp-inside\/uploads\/2021\/10\/nuit-etoilee-bleu-3.jpeg","articleSection":["Blog","Weihnachten &amp; Neujahr"],"inLanguage":"de"},{"@type":"WebPage","@id":"https:\/\/www.beauville.com\/de\/blog\/festliche-inspirationen-episode-1-weihnachten-im-hohen-norden\/","url":"https:\/\/www.beauville.com\/de\/blog\/festliche-inspirationen-episode-1-weihnachten-im-hohen-norden\/","name":"Festliche Inspirationen \u2013 Episode 1: Weihnachten im hohen Norden","isPartOf":{"@id":"https:\/\/www.beauville.com\/de\/#website"},"primaryImageOfPage":{"@id":"https:\/\/www.beauville.com\/de\/blog\/festliche-inspirationen-episode-1-weihnachten-im-hohen-norden\/#primaryimage"},"image":{"@id":"https:\/\/www.beauville.com\/de\/blog\/festliche-inspirationen-episode-1-weihnachten-im-hohen-norden\/#primaryimage"},"thumbnailUrl":"https:\/\/www.beauville.com\/wp-inside\/uploads\/2021\/10\/nuit-etoilee-bleu-3.jpeg","datePublished":"2021-12-02T08:00:27+00:00","dateModified":"2025-05-21T15:08:36+00:00","description":"Erleben Sie ein nordisches Weihnachtsfest mit Beauvill\u00e9: m\u00e4rchenhafte Tischdecken, skandinavische Dekoration und warme Details f\u00fcr eine stilvolle, gem\u00fctliche Festtagstafel.","breadcrumb":{"@id":"https:\/\/www.beauville.com\/de\/blog\/festliche-inspirationen-episode-1-weihnachten-im-hohen-norden\/#breadcrumb"},"inLanguage":"de","potentialAction":[{"@type":"ReadAction","target":["https:\/\/www.beauville.com\/de\/blog\/festliche-inspirationen-episode-1-weihnachten-im-hohen-norden\/"]}]},{"@type":"ImageObject","inLanguage":"de","@id":"https:\/\/www.beauville.com\/de\/blog\/festliche-inspirationen-episode-1-weihnachten-im-hohen-norden\/#primaryimage","url":"https:\/\/www.beauville.com\/wp-inside\/uploads\/2021\/10\/nuit-etoilee-bleu-3.jpeg","contentUrl":"https:\/\/www.beauville.com\/wp-inside\/uploads\/2021\/10\/nuit-etoilee-bleu-3.jpeg","width":2000,"height":2000,"caption":"Geschenkset mit einer nachtblauen Tischdecke mit goldenen Sternenmotiven, elegant gefaltet in einer edlen Verpackung, die den Zauber festlicher Abende heraufbeschw\u00f6rt."},{"@type":"BreadcrumbList","@id":"https:\/\/www.beauville.com\/de\/blog\/festliche-inspirationen-episode-1-weihnachten-im-hohen-norden\/#breadcrumb","itemListElement":[{"@type":"ListItem","position":1,"name":"Home","item":"https:\/\/www.beauville.com\/de\/"},{"@type":"ListItem","position":2,"name":"Blog","item":"https:\/\/www.beauville.com\/de\/blog\/"},{"@type":"ListItem","position":3,"name":"Weihnachten &amp; Neujahr","item":"https:\/\/www.beauville.com\/de\/blog\/weihnachten-neujahr\/"},{"@type":"ListItem","position":4,"name":"Festliche Inspirationen \u2013 Episode 1: Weihnachten im hohen Norden"}]},{"@type":"WebSite","@id":"https:\/\/www.beauville.com\/de\/#website","url":"https:\/\/www.beauville.com\/de\/","name":"Beauvill\u00e9","description":"Creator by tradition","publisher":{"@id":"https:\/\/www.beauville.com\/de\/#organization"},"potentialAction":[{"@type":"SearchAction","target":{"@type":"EntryPoint","urlTemplate":"https:\/\/www.beauville.com\/de\/?s={search_term_string}"},"query-input":{"@type":"PropertyValueSpecification","valueRequired":true,"valueName":"search_term_string"}}],"inLanguage":"de"},{"@type":"Organization","@id":"https:\/\/www.beauville.com\/de\/#organization","name":"Beauvill\u00e9","url":"https:\/\/www.beauville.com\/de\/","logo":{"@type":"ImageObject","inLanguage":"de","@id":"https:\/\/www.beauville.com\/de\/#\/schema\/logo\/image\/","url":"https:\/\/www.beauville.com\/wp-inside\/uploads\/2018\/10\/beauville-logo.png","contentUrl":"https:\/\/www.beauville.com\/wp-inside\/uploads\/2018\/10\/beauville-logo.png","width":230,"height":90,"caption":"Beauvill\u00e9"},"image":{"@id":"https:\/\/www.beauville.com\/de\/#\/schema\/logo\/image\/"},"sameAs":["https:\/\/www.facebook.com\/beauville.createur","https:\/\/www.instagram.com\/beauville.createur\/","https:\/\/www.pinterest.fr\/beauvillecreateur\/_created\/","https:\/\/www.youtube.com\/channel\/UCN1DiK6SUHdildYkanOBeeA"]},{"@type":"Person","@id":"https:\/\/www.beauville.com\/de\/#\/schema\/person\/ad0fa64b93a81bc4df4f8d1fb221a594","name":"beauville-wp","image":{"@type":"ImageObject","inLanguage":"de","@id":"https:\/\/secure.gravatar.com\/avatar\/ccfc9cd9974f3b2f4684fd5d1c0698785ab3815db27e5b9be74337ccd429086e?s=96&d=mm&r=g","url":"https:\/\/secure.gravatar.com\/avatar\/ccfc9cd9974f3b2f4684fd5d1c0698785ab3815db27e5b9be74337ccd429086e?s=96&d=mm&r=g","contentUrl":"https:\/\/secure.gravatar.com\/avatar\/ccfc9cd9974f3b2f4684fd5d1c0698785ab3815db27e5b9be74337ccd429086e?s=96&d=mm&r=g","caption":"beauville-wp"}}]}},"_links":{"self":[{"href":"https:\/\/www.beauville.com\/de\/wp-json\/wp\/v2\/posts\/33532","targetHints":{"allow":["GET"]}}],"collection":[{"href":"https:\/\/www.beauville.com\/de\/wp-json\/wp\/v2\/posts"}],"about":[{"href":"https:\/\/www.beauville.com\/de\/wp-json\/wp\/v2\/types\/post"}],"author":[{"embeddable":true,"href":"https:\/\/www.beauville.com\/de\/wp-json\/wp\/v2\/users\/2"}],"replies":[{"embeddable":true,"href":"https:\/\/www.beauville.com\/de\/wp-json\/wp\/v2\/comments?post=33532"}],"version-history":[{"count":2,"href":"https:\/\/www.beauville.com\/de\/wp-json\/wp\/v2\/posts\/33532\/revisions"}],"predecessor-version":[{"id":33535,"href":"https:\/\/www.beauville.com\/de\/wp-json\/wp\/v2\/posts\/33532\/revisions\/33535"}],"wp:featuredmedia":[{"embeddable":true,"href":"https:\/\/www.beauville.com\/de\/wp-json\/wp\/v2\/media\/28770"}],"wp:attachment":[{"href":"https:\/\/www.beauville.com\/de\/wp-json\/wp\/v2\/media?parent=33532"}],"wp:term":[{"taxonomy":"category","embeddable":true,"href":"https:\/\/www.beauville.com\/de\/wp-json\/wp\/v2\/categories?post=33532"},{"taxonomy":"post_tag","embeddable":true,"href":"https:\/\/www.beauville.com\/de\/wp-json\/wp\/v2\/tags?post=33532"}],"curies":[{"name":"wp","href":"https:\/\/api.w.org\/{rel}","templated":true}]}}