{"id":33600,"date":"2021-03-01T14:30:24","date_gmt":"2021-03-01T13:30:24","guid":{"rendered":"https:\/\/www.beauville.com\/blog\/coloris-jade-comment-lassocier-pour-une-decoration-de-table-hyper-tendance\/"},"modified":"2025-05-22T12:09:23","modified_gmt":"2025-05-22T10:09:23","slug":"die-jadefarbe-zieht-in-die-heimtextilien-ein-so-kombinieren-sie-sie-fuer-eine-supertrendige-dekoration","status":"publish","type":"post","link":"https:\/\/www.beauville.com\/de\/blog\/die-jadefarbe-zieht-in-die-heimtextilien-ein-so-kombinieren-sie-sie-fuer-eine-supertrendige-dekoration\/","title":{"rendered":"Die Jadefarbe zieht in die Heimtextilien ein: So kombinieren Sie sie f\u00fcr eine supertrendige Dekoration"},"content":{"rendered":"<div class=\"pagesite-contentzone postdetail-contentzone\">\n<div class=\"flexzones\">\n<div id=\"flzn_contentpage_1\" class=\"zn-txtboc zone flexzone\" style=\"text-align: center;\">\n<div class=\"zone-content txtboc nbloc-1\">\n<div class=\"row large-up-1 mw-content-zone\">\n<div class=\"column txtboc-col\">\n<article class=\"mw-content\">\n<h3 data-start=\"191\" data-end=\"661\"><strong data-start=\"191\" data-end=\"249\">Eine mineralische Farbe f\u00fcr eine luxuri\u00f6se Dekoration:<\/strong><\/h3>\n<p data-start=\"191\" data-end=\"661\">Die Welt der Innenraumgestaltung wird zunehmend von Jade- und verschiedenen Blaut\u00f6nen dominiert. Jade ist ein Halbedelstein, dessen Farbe je nach Licht und Umgebung von Pistazien- bis T\u00fcrkist\u00f6nen variiert. Mehr als nur ein Trend in Heimtextilien \u2013 wir haben einige Tipps zusammengestellt, begleitet von unseren Lieblingsprodukten, um diese ausdrucksstarke und erfrischende Farbe in Ihr Zuhause zu integrieren!<\/p>\n<h3 data-start=\"663\" data-end=\"1223\"><strong data-start=\"663\" data-end=\"726\">Farbharmonie: So verwenden Sie Jade im Bereich Tischw\u00e4sche:<\/strong><\/h3>\n<p data-start=\"663\" data-end=\"1223\">Wir empfehlen, Jadegr\u00fcn mit warmen T\u00f6nen wie dem angesagten Terrakotta, Koralle oder Rostnuancen zu kombinieren. Ihre Tischdekoration wird so originell und eklektisch, kann aber durch mineralisch get\u00f6nte Geschirrteile oder Pastellfarben wie Mauve oder Perlgrau beruhigt werden. M\u00f6chten Sie bei einer Farbharmonie bleiben, passen kleine Akzente in Petrolblau ebenfalls hervorragend dazu. Wenn Sie strukturierte Muster m\u00f6gen, wird Sie die Palazzo Baumwolltischdecke in Jade garantiert begeistern!<\/p>\n<p><img decoding=\"async\" src=\"https:\/\/www.beauville.com\/wp-inside\/uploads\/2021\/03\/nappe-palazzo-beauville-350x350.jpg\" class=\"size-medium aligncenter\" \/><\/p>\n<h3><strong data-start=\"1225\" data-end=\"1324\">Im Wohnzimmer und Au\u00dfenbereich: Setzen Sie dekorative Kissen ein, um Ihre Wohnr\u00e4ume zu beleben!<\/strong><\/h3>\n<p>Blau beruhigt, Gr\u00fcn belebt \u2013 die Kombination beider Farben sorgt f\u00fcr eine hervorragende Atmosph\u00e4re im Wohnraum. Kombinieren Sie zum Beispiel unsere Palazzo Kissen in Jade mit einem t\u00fcrkisen Sofa f\u00fcr ein harmonisches Blau-Thema oder mit neutralen Graut\u00f6nen f\u00fcr einen stilvollen Kontrast. Die Abstufungen von Blau- und Wassergr\u00fcnt\u00f6nen verleihen einem Wohnraum oder einer Veranda zum Fr\u00fchling und Sommer hin elegante Frische.<\/p>\n<\/article>\n<\/div>\n<\/div>\n<\/div>\n<\/div>\n<div id=\"flzn_contentpage_1\" class=\"zn-txtboc zone flexzone\">\n<div class=\"zone-content txtboc nbloc-1\">\n<div class=\"row large-up-1 mw-content-zone\">\n<div class=\"column txtboc-col\">\n<article class=\"mw-content\">\n<p style=\"text-align: center;\"><img decoding=\"async\" src=\"https:\/\/www.beauville.com\/wp-inside\/uploads\/2021\/03\/coussin-palazzo-1-350x350.jpg\" class=\"size-medium aligncenter\" \/><\/p>\n<div class=\"wig-content\" style=\"text-align: center;\">\n<h3 data-start=\"1751\" data-end=\"2234\"><strong data-start=\"1751\" data-end=\"1844\">Minimalistisch und schick: Ein Tischl\u00e4ufer, der im Wohnzimmer alle Blicke auf sich zieht!<\/strong><\/h3>\n<p data-start=\"1751\" data-end=\"2234\">Minimalistisch hei\u00dft nicht langweilig! Wenn Sie den gr\u00fcnen Lifestyle und Schlichtheit m\u00f6gen, setzen Sie auf Celadon \u2013 ein beruhigendes Gr\u00fcn, das perfekt zu neutralen T\u00f6nen von Beige \u00fcber Grau bis Terrakotta passt. F\u00fcr eine elegante und moderne Tischdekoration empfehlen wir statt einer gro\u00dfen Tischdecke einen Tischl\u00e4ufer oder mehrere kleine L\u00e4ufer, ideal f\u00fcr Couchtische oder Esstische.<\/p>\n<p data-start=\"2236\" data-end=\"2489\">Das Modell Topkapi Celadon bringt Frische und Modernit\u00e4t in Ihre Wohnr\u00e4ume. Kombinieren Sie es mit Kissen in der gleichen Farbe, transparentem Geschirr und sanften T\u00f6nen wie Mauve, Beige oder kleinen blauen Accessoires als Kontrast zu Ihrer Tischw\u00e4sche.<\/p>\n<\/div>\n<div class=\"wig-content\">\n<p style=\"text-align: center;\">M\u00f6gen Sie diesen Artikel? Entdecken Sie noch mehr Inspirationen und Neuheiten in unserem Onlineshop:<br data-start=\"2596\" data-end=\"2599\" \/><a class=\"\" href=\"https:\/\/www.beauville.com\/shop\/fr\/\" target=\"_new\" rel=\"noopener\" data-start=\"2599\" data-end=\"2633\">https:\/\/www.beauville.com\/shop\/fr\/<\/a><\/p>\n<\/div>\n<\/article>\n<\/div>\n<\/div>\n<\/div>\n<\/div>\n<\/div>\n<\/div>\n","protected":false},"excerpt":{"rendered":"<p>Eine mineralische Farbe f\u00fcr eine luxuri\u00f6se Dekoration: Die Welt der Innenraumgestaltung wird zunehmend von Jade- und verschiedenen Blaut\u00f6nen dominiert. Jade ist ein Halbedelstein, dessen Farbe je nach Licht und Umgebung [&hellip;]<\/p>\n","protected":false},"author":2,"featured_media":28060,"comment_status":"closed","ping_status":"closed","sticky":false,"template":"","format":"standard","meta":{"_acf_changed":false,"footnotes":""},"categories":[27,45],"tags":[],"class_list":["post-33600","post","type-post","status-publish","format-standard","has-post-thumbnail","hentry","category-blog","category-trends-dekoration-und-wohnkunst","wp-sticky"],"acf":[],"yoast_head":"<!-- This site is optimized with the Yoast SEO plugin v27.4 - https:\/\/yoast.com\/product\/yoast-seo-wordpress\/ -->\n<title>Die Jadefarbe zieht in die Heimtextilien ein: So kombinieren Sie sie f\u00fcr eine supertrendige Dekoration<\/title>\n<meta name=\"description\" content=\"Entdecken Sie, wie Sie Jade-T\u00f6ne in Ihre Heimtextilien integrieren, um eine trendige und elegante Dekoration zu schaffen. Tipps zur Farbkombination f\u00fcr ein harmonisches Interieur.\" \/>\n<meta name=\"robots\" content=\"index, follow, max-snippet:-1, max-image-preview:large, max-video-preview:-1\" \/>\n<link rel=\"canonical\" href=\"https:\/\/www.beauville.com\/de\/blog\/die-jadefarbe-zieht-in-die-heimtextilien-ein-so-kombinieren-sie-sie-fuer-eine-supertrendige-dekoration\/\" \/>\n<meta property=\"og:locale\" content=\"de_DE\" \/>\n<meta property=\"og:type\" content=\"article\" \/>\n<meta property=\"og:title\" content=\"Die Jadefarbe zieht in die Heimtextilien ein: So kombinieren Sie sie f\u00fcr eine supertrendige Dekoration\" \/>\n<meta property=\"og:description\" content=\"Entdecken Sie, wie Sie Jade-T\u00f6ne in Ihre Heimtextilien integrieren, um eine trendige und elegante Dekoration zu schaffen. Tipps zur Farbkombination f\u00fcr ein harmonisches Interieur.\" \/>\n<meta property=\"og:url\" content=\"https:\/\/www.beauville.com\/de\/blog\/die-jadefarbe-zieht-in-die-heimtextilien-ein-so-kombinieren-sie-sie-fuer-eine-supertrendige-dekoration\/\" \/>\n<meta property=\"og:site_name\" content=\"Beauvill\u00e9\" \/>\n<meta property=\"article:publisher\" content=\"https:\/\/www.facebook.com\/beauville.createur\" \/>\n<meta property=\"article:published_time\" content=\"2021-03-01T13:30:24+00:00\" \/>\n<meta property=\"article:modified_time\" content=\"2025-05-22T10:09:23+00:00\" \/>\n<meta property=\"og:image\" content=\"https:\/\/www.beauville.com\/wp-inside\/uploads\/2021\/03\/nappe-palazzo-beauville.jpg\" \/>\n\t<meta property=\"og:image:width\" content=\"600\" \/>\n\t<meta property=\"og:image:height\" content=\"600\" \/>\n\t<meta property=\"og:image:type\" content=\"image\/jpeg\" \/>\n<meta name=\"author\" content=\"beauville-wp\" \/>\n<meta name=\"twitter:card\" content=\"summary_large_image\" \/>\n<meta name=\"twitter:label1\" content=\"Verfasst von\" \/>\n\t<meta name=\"twitter:data1\" content=\"beauville-wp\" \/>\n\t<meta name=\"twitter:label2\" content=\"Gesch\u00e4tzte Lesezeit\" \/>\n\t<meta name=\"twitter:data2\" content=\"2\u00a0Minuten\" \/>\n<script type=\"application\/ld+json\" class=\"yoast-schema-graph\">{\"@context\":\"https:\\\/\\\/schema.org\",\"@graph\":[{\"@type\":\"Article\",\"@id\":\"https:\\\/\\\/www.beauville.com\\\/de\\\/blog\\\/die-jadefarbe-zieht-in-die-heimtextilien-ein-so-kombinieren-sie-sie-fuer-eine-supertrendige-dekoration\\\/#article\",\"isPartOf\":{\"@id\":\"https:\\\/\\\/www.beauville.com\\\/de\\\/blog\\\/die-jadefarbe-zieht-in-die-heimtextilien-ein-so-kombinieren-sie-sie-fuer-eine-supertrendige-dekoration\\\/\"},\"author\":{\"name\":\"beauville-wp\",\"@id\":\"https:\\\/\\\/www.beauville.com\\\/de\\\/#\\\/schema\\\/person\\\/ad0fa64b93a81bc4df4f8d1fb221a594\"},\"headline\":\"Die Jadefarbe zieht in die Heimtextilien ein: So kombinieren Sie sie f\u00fcr eine supertrendige Dekoration\",\"datePublished\":\"2021-03-01T13:30:24+00:00\",\"dateModified\":\"2025-05-22T10:09:23+00:00\",\"mainEntityOfPage\":{\"@id\":\"https:\\\/\\\/www.beauville.com\\\/de\\\/blog\\\/die-jadefarbe-zieht-in-die-heimtextilien-ein-so-kombinieren-sie-sie-fuer-eine-supertrendige-dekoration\\\/\"},\"wordCount\":386,\"publisher\":{\"@id\":\"https:\\\/\\\/www.beauville.com\\\/de\\\/#organization\"},\"image\":{\"@id\":\"https:\\\/\\\/www.beauville.com\\\/de\\\/blog\\\/die-jadefarbe-zieht-in-die-heimtextilien-ein-so-kombinieren-sie-sie-fuer-eine-supertrendige-dekoration\\\/#primaryimage\"},\"thumbnailUrl\":\"https:\\\/\\\/www.beauville.com\\\/wp-inside\\\/uploads\\\/2021\\\/03\\\/nappe-palazzo-beauville.jpg\",\"articleSection\":[\"Blog\",\"Trends, Dekoration und Wohnkunst\"],\"inLanguage\":\"de\"},{\"@type\":\"WebPage\",\"@id\":\"https:\\\/\\\/www.beauville.com\\\/de\\\/blog\\\/die-jadefarbe-zieht-in-die-heimtextilien-ein-so-kombinieren-sie-sie-fuer-eine-supertrendige-dekoration\\\/\",\"url\":\"https:\\\/\\\/www.beauville.com\\\/de\\\/blog\\\/die-jadefarbe-zieht-in-die-heimtextilien-ein-so-kombinieren-sie-sie-fuer-eine-supertrendige-dekoration\\\/\",\"name\":\"Die Jadefarbe zieht in die Heimtextilien ein: So kombinieren Sie sie f\u00fcr eine supertrendige Dekoration\",\"isPartOf\":{\"@id\":\"https:\\\/\\\/www.beauville.com\\\/de\\\/#website\"},\"primaryImageOfPage\":{\"@id\":\"https:\\\/\\\/www.beauville.com\\\/de\\\/blog\\\/die-jadefarbe-zieht-in-die-heimtextilien-ein-so-kombinieren-sie-sie-fuer-eine-supertrendige-dekoration\\\/#primaryimage\"},\"image\":{\"@id\":\"https:\\\/\\\/www.beauville.com\\\/de\\\/blog\\\/die-jadefarbe-zieht-in-die-heimtextilien-ein-so-kombinieren-sie-sie-fuer-eine-supertrendige-dekoration\\\/#primaryimage\"},\"thumbnailUrl\":\"https:\\\/\\\/www.beauville.com\\\/wp-inside\\\/uploads\\\/2021\\\/03\\\/nappe-palazzo-beauville.jpg\",\"datePublished\":\"2021-03-01T13:30:24+00:00\",\"dateModified\":\"2025-05-22T10:09:23+00:00\",\"description\":\"Entdecken Sie, wie Sie Jade-T\u00f6ne in Ihre Heimtextilien integrieren, um eine trendige und elegante Dekoration zu schaffen. Tipps zur Farbkombination f\u00fcr ein harmonisches Interieur.\",\"breadcrumb\":{\"@id\":\"https:\\\/\\\/www.beauville.com\\\/de\\\/blog\\\/die-jadefarbe-zieht-in-die-heimtextilien-ein-so-kombinieren-sie-sie-fuer-eine-supertrendige-dekoration\\\/#breadcrumb\"},\"inLanguage\":\"de\",\"potentialAction\":[{\"@type\":\"ReadAction\",\"target\":[\"https:\\\/\\\/www.beauville.com\\\/de\\\/blog\\\/die-jadefarbe-zieht-in-die-heimtextilien-ein-so-kombinieren-sie-sie-fuer-eine-supertrendige-dekoration\\\/\"]}]},{\"@type\":\"ImageObject\",\"inLanguage\":\"de\",\"@id\":\"https:\\\/\\\/www.beauville.com\\\/de\\\/blog\\\/die-jadefarbe-zieht-in-die-heimtextilien-ein-so-kombinieren-sie-sie-fuer-eine-supertrendige-dekoration\\\/#primaryimage\",\"url\":\"https:\\\/\\\/www.beauville.com\\\/wp-inside\\\/uploads\\\/2021\\\/03\\\/nappe-palazzo-beauville.jpg\",\"contentUrl\":\"https:\\\/\\\/www.beauville.com\\\/wp-inside\\\/uploads\\\/2021\\\/03\\\/nappe-palazzo-beauville.jpg\",\"width\":600,\"height\":600,\"caption\":\"Tischdecke Palazzo Jade von Beauvill\u00e9 mit eleganten und raffinierten Mustern in Jade- und Gr\u00fcnt\u00f6nen. Das Design kombiniert florale und geometrische Elemente, um ein anspruchsvolles und zeitloses Ambiente zu schaffen, das sich perfekt f\u00fcr eine festliche Tafel oder eine elegante Dekoration eignet.\"},{\"@type\":\"BreadcrumbList\",\"@id\":\"https:\\\/\\\/www.beauville.com\\\/de\\\/blog\\\/die-jadefarbe-zieht-in-die-heimtextilien-ein-so-kombinieren-sie-sie-fuer-eine-supertrendige-dekoration\\\/#breadcrumb\",\"itemListElement\":[{\"@type\":\"ListItem\",\"position\":1,\"name\":\"Home\",\"item\":\"https:\\\/\\\/www.beauville.com\\\/de\\\/\"},{\"@type\":\"ListItem\",\"position\":2,\"name\":\"Blog\",\"item\":\"https:\\\/\\\/www.beauville.com\\\/de\\\/blog\\\/\"},{\"@type\":\"ListItem\",\"position\":3,\"name\":\"Die Jadefarbe zieht in die Heimtextilien ein: So kombinieren Sie sie f\u00fcr eine supertrendige Dekoration\"}]},{\"@type\":\"WebSite\",\"@id\":\"https:\\\/\\\/www.beauville.com\\\/de\\\/#website\",\"url\":\"https:\\\/\\\/www.beauville.com\\\/de\\\/\",\"name\":\"Beauvill\u00e9\",\"description\":\"Creator by tradition\",\"publisher\":{\"@id\":\"https:\\\/\\\/www.beauville.com\\\/de\\\/#organization\"},\"potentialAction\":[{\"@type\":\"SearchAction\",\"target\":{\"@type\":\"EntryPoint\",\"urlTemplate\":\"https:\\\/\\\/www.beauville.com\\\/de\\\/?s={search_term_string}\"},\"query-input\":{\"@type\":\"PropertyValueSpecification\",\"valueRequired\":true,\"valueName\":\"search_term_string\"}}],\"inLanguage\":\"de\"},{\"@type\":\"Organization\",\"@id\":\"https:\\\/\\\/www.beauville.com\\\/de\\\/#organization\",\"name\":\"Beauvill\u00e9\",\"url\":\"https:\\\/\\\/www.beauville.com\\\/de\\\/\",\"logo\":{\"@type\":\"ImageObject\",\"inLanguage\":\"de\",\"@id\":\"https:\\\/\\\/www.beauville.com\\\/de\\\/#\\\/schema\\\/logo\\\/image\\\/\",\"url\":\"https:\\\/\\\/www.beauville.com\\\/wp-inside\\\/uploads\\\/2018\\\/10\\\/beauville-logo.png\",\"contentUrl\":\"https:\\\/\\\/www.beauville.com\\\/wp-inside\\\/uploads\\\/2018\\\/10\\\/beauville-logo.png\",\"width\":230,\"height\":90,\"caption\":\"Beauvill\u00e9\"},\"image\":{\"@id\":\"https:\\\/\\\/www.beauville.com\\\/de\\\/#\\\/schema\\\/logo\\\/image\\\/\"},\"sameAs\":[\"https:\\\/\\\/www.facebook.com\\\/beauville.createur\",\"https:\\\/\\\/www.instagram.com\\\/beauville.createur\\\/\",\"https:\\\/\\\/www.pinterest.fr\\\/beauvillecreateur\\\/_created\\\/\",\"https:\\\/\\\/www.youtube.com\\\/channel\\\/UCN1DiK6SUHdildYkanOBeeA\"]},{\"@type\":\"Person\",\"@id\":\"https:\\\/\\\/www.beauville.com\\\/de\\\/#\\\/schema\\\/person\\\/ad0fa64b93a81bc4df4f8d1fb221a594\",\"name\":\"beauville-wp\",\"image\":{\"@type\":\"ImageObject\",\"inLanguage\":\"de\",\"@id\":\"https:\\\/\\\/secure.gravatar.com\\\/avatar\\\/ccfc9cd9974f3b2f4684fd5d1c0698785ab3815db27e5b9be74337ccd429086e?s=96&d=mm&r=g\",\"url\":\"https:\\\/\\\/secure.gravatar.com\\\/avatar\\\/ccfc9cd9974f3b2f4684fd5d1c0698785ab3815db27e5b9be74337ccd429086e?s=96&d=mm&r=g\",\"contentUrl\":\"https:\\\/\\\/secure.gravatar.com\\\/avatar\\\/ccfc9cd9974f3b2f4684fd5d1c0698785ab3815db27e5b9be74337ccd429086e?s=96&d=mm&r=g\",\"caption\":\"beauville-wp\"}}]}<\/script>\n<!-- \/ Yoast SEO plugin. -->","yoast_head_json":{"title":"Die Jadefarbe zieht in die Heimtextilien ein: So kombinieren Sie sie f\u00fcr eine supertrendige Dekoration","description":"Entdecken Sie, wie Sie Jade-T\u00f6ne in Ihre Heimtextilien integrieren, um eine trendige und elegante Dekoration zu schaffen. Tipps zur Farbkombination f\u00fcr ein harmonisches Interieur.","robots":{"index":"index","follow":"follow","max-snippet":"max-snippet:-1","max-image-preview":"max-image-preview:large","max-video-preview":"max-video-preview:-1"},"canonical":"https:\/\/www.beauville.com\/de\/blog\/die-jadefarbe-zieht-in-die-heimtextilien-ein-so-kombinieren-sie-sie-fuer-eine-supertrendige-dekoration\/","og_locale":"de_DE","og_type":"article","og_title":"Die Jadefarbe zieht in die Heimtextilien ein: So kombinieren Sie sie f\u00fcr eine supertrendige Dekoration","og_description":"Entdecken Sie, wie Sie Jade-T\u00f6ne in Ihre Heimtextilien integrieren, um eine trendige und elegante Dekoration zu schaffen. Tipps zur Farbkombination f\u00fcr ein harmonisches Interieur.","og_url":"https:\/\/www.beauville.com\/de\/blog\/die-jadefarbe-zieht-in-die-heimtextilien-ein-so-kombinieren-sie-sie-fuer-eine-supertrendige-dekoration\/","og_site_name":"Beauvill\u00e9","article_publisher":"https:\/\/www.facebook.com\/beauville.createur","article_published_time":"2021-03-01T13:30:24+00:00","article_modified_time":"2025-05-22T10:09:23+00:00","og_image":[{"width":600,"height":600,"url":"https:\/\/www.beauville.com\/wp-inside\/uploads\/2021\/03\/nappe-palazzo-beauville.jpg","type":"image\/jpeg"}],"author":"beauville-wp","twitter_card":"summary_large_image","twitter_misc":{"Verfasst von":"beauville-wp","Gesch\u00e4tzte Lesezeit":"2\u00a0Minuten"},"schema":{"@context":"https:\/\/schema.org","@graph":[{"@type":"Article","@id":"https:\/\/www.beauville.com\/de\/blog\/die-jadefarbe-zieht-in-die-heimtextilien-ein-so-kombinieren-sie-sie-fuer-eine-supertrendige-dekoration\/#article","isPartOf":{"@id":"https:\/\/www.beauville.com\/de\/blog\/die-jadefarbe-zieht-in-die-heimtextilien-ein-so-kombinieren-sie-sie-fuer-eine-supertrendige-dekoration\/"},"author":{"name":"beauville-wp","@id":"https:\/\/www.beauville.com\/de\/#\/schema\/person\/ad0fa64b93a81bc4df4f8d1fb221a594"},"headline":"Die Jadefarbe zieht in die Heimtextilien ein: So kombinieren Sie sie f\u00fcr eine supertrendige Dekoration","datePublished":"2021-03-01T13:30:24+00:00","dateModified":"2025-05-22T10:09:23+00:00","mainEntityOfPage":{"@id":"https:\/\/www.beauville.com\/de\/blog\/die-jadefarbe-zieht-in-die-heimtextilien-ein-so-kombinieren-sie-sie-fuer-eine-supertrendige-dekoration\/"},"wordCount":386,"publisher":{"@id":"https:\/\/www.beauville.com\/de\/#organization"},"image":{"@id":"https:\/\/www.beauville.com\/de\/blog\/die-jadefarbe-zieht-in-die-heimtextilien-ein-so-kombinieren-sie-sie-fuer-eine-supertrendige-dekoration\/#primaryimage"},"thumbnailUrl":"https:\/\/www.beauville.com\/wp-inside\/uploads\/2021\/03\/nappe-palazzo-beauville.jpg","articleSection":["Blog","Trends, Dekoration und Wohnkunst"],"inLanguage":"de"},{"@type":"WebPage","@id":"https:\/\/www.beauville.com\/de\/blog\/die-jadefarbe-zieht-in-die-heimtextilien-ein-so-kombinieren-sie-sie-fuer-eine-supertrendige-dekoration\/","url":"https:\/\/www.beauville.com\/de\/blog\/die-jadefarbe-zieht-in-die-heimtextilien-ein-so-kombinieren-sie-sie-fuer-eine-supertrendige-dekoration\/","name":"Die Jadefarbe zieht in die Heimtextilien ein: So kombinieren Sie sie f\u00fcr eine supertrendige Dekoration","isPartOf":{"@id":"https:\/\/www.beauville.com\/de\/#website"},"primaryImageOfPage":{"@id":"https:\/\/www.beauville.com\/de\/blog\/die-jadefarbe-zieht-in-die-heimtextilien-ein-so-kombinieren-sie-sie-fuer-eine-supertrendige-dekoration\/#primaryimage"},"image":{"@id":"https:\/\/www.beauville.com\/de\/blog\/die-jadefarbe-zieht-in-die-heimtextilien-ein-so-kombinieren-sie-sie-fuer-eine-supertrendige-dekoration\/#primaryimage"},"thumbnailUrl":"https:\/\/www.beauville.com\/wp-inside\/uploads\/2021\/03\/nappe-palazzo-beauville.jpg","datePublished":"2021-03-01T13:30:24+00:00","dateModified":"2025-05-22T10:09:23+00:00","description":"Entdecken Sie, wie Sie Jade-T\u00f6ne in Ihre Heimtextilien integrieren, um eine trendige und elegante Dekoration zu schaffen. Tipps zur Farbkombination f\u00fcr ein harmonisches Interieur.","breadcrumb":{"@id":"https:\/\/www.beauville.com\/de\/blog\/die-jadefarbe-zieht-in-die-heimtextilien-ein-so-kombinieren-sie-sie-fuer-eine-supertrendige-dekoration\/#breadcrumb"},"inLanguage":"de","potentialAction":[{"@type":"ReadAction","target":["https:\/\/www.beauville.com\/de\/blog\/die-jadefarbe-zieht-in-die-heimtextilien-ein-so-kombinieren-sie-sie-fuer-eine-supertrendige-dekoration\/"]}]},{"@type":"ImageObject","inLanguage":"de","@id":"https:\/\/www.beauville.com\/de\/blog\/die-jadefarbe-zieht-in-die-heimtextilien-ein-so-kombinieren-sie-sie-fuer-eine-supertrendige-dekoration\/#primaryimage","url":"https:\/\/www.beauville.com\/wp-inside\/uploads\/2021\/03\/nappe-palazzo-beauville.jpg","contentUrl":"https:\/\/www.beauville.com\/wp-inside\/uploads\/2021\/03\/nappe-palazzo-beauville.jpg","width":600,"height":600,"caption":"Tischdecke Palazzo Jade von Beauvill\u00e9 mit eleganten und raffinierten Mustern in Jade- und Gr\u00fcnt\u00f6nen. Das Design kombiniert florale und geometrische Elemente, um ein anspruchsvolles und zeitloses Ambiente zu schaffen, das sich perfekt f\u00fcr eine festliche Tafel oder eine elegante Dekoration eignet."},{"@type":"BreadcrumbList","@id":"https:\/\/www.beauville.com\/de\/blog\/die-jadefarbe-zieht-in-die-heimtextilien-ein-so-kombinieren-sie-sie-fuer-eine-supertrendige-dekoration\/#breadcrumb","itemListElement":[{"@type":"ListItem","position":1,"name":"Home","item":"https:\/\/www.beauville.com\/de\/"},{"@type":"ListItem","position":2,"name":"Blog","item":"https:\/\/www.beauville.com\/de\/blog\/"},{"@type":"ListItem","position":3,"name":"Die Jadefarbe zieht in die Heimtextilien ein: So kombinieren Sie sie f\u00fcr eine supertrendige Dekoration"}]},{"@type":"WebSite","@id":"https:\/\/www.beauville.com\/de\/#website","url":"https:\/\/www.beauville.com\/de\/","name":"Beauvill\u00e9","description":"Creator by tradition","publisher":{"@id":"https:\/\/www.beauville.com\/de\/#organization"},"potentialAction":[{"@type":"SearchAction","target":{"@type":"EntryPoint","urlTemplate":"https:\/\/www.beauville.com\/de\/?s={search_term_string}"},"query-input":{"@type":"PropertyValueSpecification","valueRequired":true,"valueName":"search_term_string"}}],"inLanguage":"de"},{"@type":"Organization","@id":"https:\/\/www.beauville.com\/de\/#organization","name":"Beauvill\u00e9","url":"https:\/\/www.beauville.com\/de\/","logo":{"@type":"ImageObject","inLanguage":"de","@id":"https:\/\/www.beauville.com\/de\/#\/schema\/logo\/image\/","url":"https:\/\/www.beauville.com\/wp-inside\/uploads\/2018\/10\/beauville-logo.png","contentUrl":"https:\/\/www.beauville.com\/wp-inside\/uploads\/2018\/10\/beauville-logo.png","width":230,"height":90,"caption":"Beauvill\u00e9"},"image":{"@id":"https:\/\/www.beauville.com\/de\/#\/schema\/logo\/image\/"},"sameAs":["https:\/\/www.facebook.com\/beauville.createur","https:\/\/www.instagram.com\/beauville.createur\/","https:\/\/www.pinterest.fr\/beauvillecreateur\/_created\/","https:\/\/www.youtube.com\/channel\/UCN1DiK6SUHdildYkanOBeeA"]},{"@type":"Person","@id":"https:\/\/www.beauville.com\/de\/#\/schema\/person\/ad0fa64b93a81bc4df4f8d1fb221a594","name":"beauville-wp","image":{"@type":"ImageObject","inLanguage":"de","@id":"https:\/\/secure.gravatar.com\/avatar\/ccfc9cd9974f3b2f4684fd5d1c0698785ab3815db27e5b9be74337ccd429086e?s=96&d=mm&r=g","url":"https:\/\/secure.gravatar.com\/avatar\/ccfc9cd9974f3b2f4684fd5d1c0698785ab3815db27e5b9be74337ccd429086e?s=96&d=mm&r=g","contentUrl":"https:\/\/secure.gravatar.com\/avatar\/ccfc9cd9974f3b2f4684fd5d1c0698785ab3815db27e5b9be74337ccd429086e?s=96&d=mm&r=g","caption":"beauville-wp"}}]}},"_links":{"self":[{"href":"https:\/\/www.beauville.com\/de\/wp-json\/wp\/v2\/posts\/33600","targetHints":{"allow":["GET"]}}],"collection":[{"href":"https:\/\/www.beauville.com\/de\/wp-json\/wp\/v2\/posts"}],"about":[{"href":"https:\/\/www.beauville.com\/de\/wp-json\/wp\/v2\/types\/post"}],"author":[{"embeddable":true,"href":"https:\/\/www.beauville.com\/de\/wp-json\/wp\/v2\/users\/2"}],"replies":[{"embeddable":true,"href":"https:\/\/www.beauville.com\/de\/wp-json\/wp\/v2\/comments?post=33600"}],"version-history":[{"count":1,"href":"https:\/\/www.beauville.com\/de\/wp-json\/wp\/v2\/posts\/33600\/revisions"}],"predecessor-version":[{"id":33604,"href":"https:\/\/www.beauville.com\/de\/wp-json\/wp\/v2\/posts\/33600\/revisions\/33604"}],"wp:featuredmedia":[{"embeddable":true,"href":"https:\/\/www.beauville.com\/de\/wp-json\/wp\/v2\/media\/28060"}],"wp:attachment":[{"href":"https:\/\/www.beauville.com\/de\/wp-json\/wp\/v2\/media?parent=33600"}],"wp:term":[{"taxonomy":"category","embeddable":true,"href":"https:\/\/www.beauville.com\/de\/wp-json\/wp\/v2\/categories?post=33600"},{"taxonomy":"post_tag","embeddable":true,"href":"https:\/\/www.beauville.com\/de\/wp-json\/wp\/v2\/tags?post=33600"}],"curies":[{"name":"wp","href":"https:\/\/api.w.org\/{rel}","templated":true}]}}