{"id":37792,"date":"2025-10-28T12:09:40","date_gmt":"2025-10-28T11:09:40","guid":{"rendered":"https:\/\/www.beauville.com\/?p=37792"},"modified":"2025-10-28T12:09:40","modified_gmt":"2025-10-28T11:09:40","slug":"ein-tag-in-der-manufaktur","status":"publish","type":"post","link":"https:\/\/www.beauville.com\/de\/blog\/ein-tag-in-der-manufaktur\/","title":{"rendered":"Ein Tag in der Manufaktur"},"content":{"rendered":"<p data-start=\"195\" data-end=\"541\">Im Herzen des Elsass, in Ribeauvill\u00e9, entf\u00fchrt Sie die Manufacture d\u2019Impression sur \u00c9toffes Beauvill\u00e9 in die einzigartige Welt des handwerklichen Textildrucks. Seit 1839 pflegen unsere Werkst\u00e4tten die Kunst des Handdrucks auf Flachrahmen \u2013 eine jahrhundertealte Technik, die jedes Stoffst\u00fcck zu einem au\u00dfergew\u00f6hnlichen Unikat macht.<\/p>\n<h2 data-start=\"543\" data-end=\"585\">Hinter den Kulissen der Herstellung<\/h2>\n<p data-start=\"587\" data-end=\"954\">Schon beim Betreten der Werkstatt sp\u00fcrt man: Jeder Stoff erz\u00e4hlt eine Geschichte. Die Kunsthandwerker beginnen mit der Vorbereitung des Gewebes \u2013 Reinigung, Bleichen und Spannen auf die Rahmen, um eine perfekte Oberfl\u00e4che zu gew\u00e4hrleisten. Jedes Detail z\u00e4hlt, denn Pr\u00e4zision ist das, was ein gew\u00f6hnliches Tuch von einem echten Beauvill\u00e9-Stoff unterscheidet.<\/p>\n<p data-start=\"956\" data-end=\"1379\">Die Druckrahmen, die ikonischen Werkzeuge der Manufaktur, werden mit gr\u00f6\u00dfter Sorgfalt ausgerichtet, um die verschiedenen Farben des Motivs exakt \u00fcbereinander zu legen. Farbe f\u00fcr Farbe tragen die Handwerker die Druckfarben mit der Rakel auf \u2013 in einer pr\u00e4zisen, fast choreografischen Bewegung. Jeder Durchgang bringt neue Tiefe und Leuchtkraft hervor, bis das Motiv vor den Augen des Betrachters lebendig wird.<\/p>\n<p data-start=\"991\" data-end=\"1379\"><img decoding=\"async\" src=\"https:\/\/www.beauville.com\/wp-inside\/uploads\/2025\/10\/banniere-kiliba-19.jpg\" alt=\"issu brut arriv\u00e9 \u00e0 la Manufacture Beauvill\u00e9 \u00e0 Ribeauvill\u00e9, pr\u00eat \u00e0 \u00eatre pr\u00e9par\u00e9 et transform\u00e9 par les artisans en \u00e9toffe imprim\u00e9e \u00e0 la main.\" class=\"aligncenter size-full\" \/><\/p>\n<h2 data-start=\"1381\" data-end=\"1439\">Die Handwerksgeste: Das Markenzeichen von Beauvill\u00e9<\/h2>\n<p data-start=\"1441\" data-end=\"1728\">Einem Handwerker bei der Arbeit zuzusehen, hei\u00dft, die Meisterschaft des Gestes zu bewundern. Die Rakel gleitet \u00fcber den Rahmen, die Farbe durchdringt die Faser, und das Motiv entsteht in flie\u00dfender Pr\u00e4zision. Jede Bewegung erfordert Geduld, Erfahrung und h\u00f6chste Konzentration.<\/p>\n<p data-start=\"1730\" data-end=\"2006\">Die Farben \u2013 hochbest\u00e4ndige K\u00fcpenfarbstoffe \u2013 werden in der sogenannten \u201eFarbenk\u00fcche\u201c der Manufaktur sorgf\u00e4ltig gemischt. Jeder Farbton wird gepr\u00fcft, um die exakte \u00dcbereinstimmung mit dem Originaldesign zu gew\u00e4hrleisten und \u00fcber viele Jahre seine Brillanz zu behalten.<\/p>\n<p data-start=\"1734\" data-end=\"2016\"><img decoding=\"async\" src=\"https:\/\/www.beauville.com\/wp-inside\/uploads\/2025\/10\/banniere-kiliba-17.jpg\" alt=\"Nappe R\u00e9veillon pos\u00e9e sur la table d'impression \u00e0 la Manufacture Beauvill\u00e9, pr\u00eate \u00e0 recevoir l'impression artisanale \u00e0 la main sur cadre plat.\" class=\"aligncenter size-full\" \/><\/p>\n<h2 data-start=\"2008\" data-end=\"2056\">Der letzte Schliff: Fixieren und Veredeln<\/h2>\n<p data-start=\"2058\" data-end=\"2282\">Nach dem Druck wird der Stoff gedampft, um die Farben dauerhaft zu fixieren und die Motive zu veredeln. Dieser letzte, entscheidende Schritt verleiht den Stoffen ihre au\u00dfergew\u00f6hnliche Haltbarkeit und Strahlkraft.<\/p>\n<p data-start=\"2058\" data-end=\"2274\"><img decoding=\"async\" src=\"https:\/\/www.beauville.com\/wp-inside\/uploads\/2025\/10\/banniere-kiliba-18.jpg\" alt=\"Nappe R\u00e9veillon en cours de vaporisation \u00e0 la Manufacture Beauvill\u00e9, \u00e9tape finale pour fixer les couleurs et sublimer le motif imprim\u00e9 \u00e0 la main.\" class=\"aligncenter size-full\" \/><\/p>\n<h2 data-start=\"2284\" data-end=\"2318\">Ein lebendiges Savoir-faire<\/h2>\n<p data-start=\"2320\" data-end=\"2668\">Jeder Beauvill\u00e9-Stoff ist das Ergebnis einer leidenschaftlichen Teamarbeit, bei der sich Tradition und Innovation vereinen, um einzigartige Textilien zu schaffen. Ein Blick hinter die Kulissen gen\u00fcgt, um zu verstehen, dass jede Kreation mehr ist als nur ein Stoff: Sie ist ein Erbe, ein Versprechen franz\u00f6sischer Qualit\u00e4t und Eleganz.<\/p>\n<p><iframe title=\"Les mains de Beauvill\u00e9\" width=\"422\" height=\"750\" src=\"https:\/\/www.youtube.com\/embed\/9gPqkm-DYLw?feature=oembed\" frameborder=\"0\" allow=\"accelerometer; autoplay; clipboard-write; encrypted-media; gyroscope; picture-in-picture; web-share\" referrerpolicy=\"strict-origin-when-cross-origin\" allowfullscreen><\/iframe><\/p>\n","protected":false},"excerpt":{"rendered":"<p>Im Herzen des Elsass, in Ribeauvill\u00e9, entf\u00fchrt Sie die Manufacture d\u2019Impression sur \u00c9toffes Beauvill\u00e9 in die einzigartige Welt des handwerklichen Textildrucks. Seit 1839 pflegen unsere Werkst\u00e4tten die Kunst des Handdrucks [&hellip;]<\/p>\n","protected":false},"author":2,"featured_media":37788,"comment_status":"closed","ping_status":"closed","sticky":false,"template":"","format":"standard","meta":{"_acf_changed":false,"footnotes":""},"categories":[27,54,50],"tags":[],"class_list":["post-37792","post","type-post","status-publish","format-standard","has-post-thumbnail","hentry","category-blog","category-geschichte","category-nachrichten","wp-sticky"],"acf":[],"yoast_head":"<!-- This site is optimized with the Yoast SEO plugin v27.5 - https:\/\/yoast.com\/product\/yoast-seo-wordpress\/ -->\n<title>Ein Tag in der Manufaktur<\/title>\n<meta name=\"description\" content=\"Tauchen Sie in die Manufaktur Beauvill\u00e9 in Ribeauvill\u00e9 ein und entdecken Sie die Kunst des handwerklichen Textildrucks. Seit 1839 vereinen unsere els\u00e4ssischen Werkst\u00e4tten Tradition, Pr\u00e4zision und franz\u00f6sische Eleganz.\" \/>\n<meta name=\"robots\" content=\"index, follow, max-snippet:-1, max-image-preview:large, max-video-preview:-1\" \/>\n<link rel=\"canonical\" href=\"https:\/\/www.beauville.com\/de\/blog\/ein-tag-in-der-manufaktur\/\" \/>\n<meta property=\"og:locale\" content=\"de_DE\" \/>\n<meta property=\"og:type\" content=\"article\" \/>\n<meta property=\"og:title\" content=\"Ein Tag in der Manufaktur\" \/>\n<meta property=\"og:description\" content=\"Tauchen Sie in die Manufaktur Beauvill\u00e9 in Ribeauvill\u00e9 ein und entdecken Sie die Kunst des handwerklichen Textildrucks. Seit 1839 vereinen unsere els\u00e4ssischen Werkst\u00e4tten Tradition, Pr\u00e4zision und franz\u00f6sische Eleganz.\" \/>\n<meta property=\"og:url\" content=\"https:\/\/www.beauville.com\/de\/blog\/ein-tag-in-der-manufaktur\/\" \/>\n<meta property=\"og:site_name\" content=\"Beauvill\u00e9\" \/>\n<meta property=\"article:publisher\" content=\"https:\/\/www.facebook.com\/beauville.createur\" \/>\n<meta property=\"article:published_time\" content=\"2025-10-28T11:09:40+00:00\" \/>\n<meta property=\"og:image\" content=\"https:\/\/www.beauville.com\/wp-inside\/uploads\/2025\/10\/banniere-kiliba-17.jpg\" \/>\n\t<meta property=\"og:image:width\" content=\"800\" \/>\n\t<meta property=\"og:image:height\" content=\"400\" \/>\n\t<meta property=\"og:image:type\" content=\"image\/jpeg\" \/>\n<meta name=\"author\" content=\"beauville-wp\" \/>\n<meta name=\"twitter:card\" content=\"summary_large_image\" \/>\n<meta name=\"twitter:label1\" content=\"Verfasst von\" \/>\n\t<meta name=\"twitter:data1\" content=\"beauville-wp\" \/>\n\t<meta name=\"twitter:label2\" content=\"Gesch\u00e4tzte Lesezeit\" \/>\n\t<meta name=\"twitter:data2\" content=\"2\u00a0Minuten\" \/>\n<script type=\"application\/ld+json\" class=\"yoast-schema-graph\">{\"@context\":\"https:\\\/\\\/schema.org\",\"@graph\":[{\"@type\":\"Article\",\"@id\":\"https:\\\/\\\/www.beauville.com\\\/de\\\/blog\\\/ein-tag-in-der-manufaktur\\\/#article\",\"isPartOf\":{\"@id\":\"https:\\\/\\\/www.beauville.com\\\/de\\\/blog\\\/ein-tag-in-der-manufaktur\\\/\"},\"author\":{\"name\":\"beauville-wp\",\"@id\":\"https:\\\/\\\/www.beauville.com\\\/de\\\/#\\\/schema\\\/person\\\/ad0fa64b93a81bc4df4f8d1fb221a594\"},\"headline\":\"Ein Tag in der Manufaktur\",\"datePublished\":\"2025-10-28T11:09:40+00:00\",\"mainEntityOfPage\":{\"@id\":\"https:\\\/\\\/www.beauville.com\\\/de\\\/blog\\\/ein-tag-in-der-manufaktur\\\/\"},\"wordCount\":369,\"publisher\":{\"@id\":\"https:\\\/\\\/www.beauville.com\\\/de\\\/#organization\"},\"image\":{\"@id\":\"https:\\\/\\\/www.beauville.com\\\/de\\\/blog\\\/ein-tag-in-der-manufaktur\\\/#primaryimage\"},\"thumbnailUrl\":\"https:\\\/\\\/www.beauville.com\\\/wp-inside\\\/uploads\\\/2025\\\/10\\\/banniere-kiliba-17.jpg\",\"articleSection\":[\"Blog\",\"Geschichte\",\"Nachrichten\"],\"inLanguage\":\"de\"},{\"@type\":\"WebPage\",\"@id\":\"https:\\\/\\\/www.beauville.com\\\/de\\\/blog\\\/ein-tag-in-der-manufaktur\\\/\",\"url\":\"https:\\\/\\\/www.beauville.com\\\/de\\\/blog\\\/ein-tag-in-der-manufaktur\\\/\",\"name\":\"Ein Tag in der Manufaktur\",\"isPartOf\":{\"@id\":\"https:\\\/\\\/www.beauville.com\\\/de\\\/#website\"},\"primaryImageOfPage\":{\"@id\":\"https:\\\/\\\/www.beauville.com\\\/de\\\/blog\\\/ein-tag-in-der-manufaktur\\\/#primaryimage\"},\"image\":{\"@id\":\"https:\\\/\\\/www.beauville.com\\\/de\\\/blog\\\/ein-tag-in-der-manufaktur\\\/#primaryimage\"},\"thumbnailUrl\":\"https:\\\/\\\/www.beauville.com\\\/wp-inside\\\/uploads\\\/2025\\\/10\\\/banniere-kiliba-17.jpg\",\"datePublished\":\"2025-10-28T11:09:40+00:00\",\"description\":\"Tauchen Sie in die Manufaktur Beauvill\u00e9 in Ribeauvill\u00e9 ein und entdecken Sie die Kunst des handwerklichen Textildrucks. Seit 1839 vereinen unsere els\u00e4ssischen Werkst\u00e4tten Tradition, Pr\u00e4zision und franz\u00f6sische Eleganz.\",\"breadcrumb\":{\"@id\":\"https:\\\/\\\/www.beauville.com\\\/de\\\/blog\\\/ein-tag-in-der-manufaktur\\\/#breadcrumb\"},\"inLanguage\":\"de\",\"potentialAction\":[{\"@type\":\"ReadAction\",\"target\":[\"https:\\\/\\\/www.beauville.com\\\/de\\\/blog\\\/ein-tag-in-der-manufaktur\\\/\"]}]},{\"@type\":\"ImageObject\",\"inLanguage\":\"de\",\"@id\":\"https:\\\/\\\/www.beauville.com\\\/de\\\/blog\\\/ein-tag-in-der-manufaktur\\\/#primaryimage\",\"url\":\"https:\\\/\\\/www.beauville.com\\\/wp-inside\\\/uploads\\\/2025\\\/10\\\/banniere-kiliba-17.jpg\",\"contentUrl\":\"https:\\\/\\\/www.beauville.com\\\/wp-inside\\\/uploads\\\/2025\\\/10\\\/banniere-kiliba-17.jpg\",\"width\":800,\"height\":400,\"caption\":\"Nappe R\u00e9veillon pos\u00e9e sur la table d'impression \u00e0 la Manufacture Beauvill\u00e9, pr\u00eate \u00e0 recevoir l'impression artisanale \u00e0 la main sur cadre plat.\"},{\"@type\":\"BreadcrumbList\",\"@id\":\"https:\\\/\\\/www.beauville.com\\\/de\\\/blog\\\/ein-tag-in-der-manufaktur\\\/#breadcrumb\",\"itemListElement\":[{\"@type\":\"ListItem\",\"position\":1,\"name\":\"Home\",\"item\":\"https:\\\/\\\/www.beauville.com\\\/de\\\/\"},{\"@type\":\"ListItem\",\"position\":2,\"name\":\"Blog\",\"item\":\"https:\\\/\\\/www.beauville.com\\\/de\\\/blog\\\/\"},{\"@type\":\"ListItem\",\"position\":3,\"name\":\"Ein Tag in der Manufaktur\"}]},{\"@type\":\"WebSite\",\"@id\":\"https:\\\/\\\/www.beauville.com\\\/de\\\/#website\",\"url\":\"https:\\\/\\\/www.beauville.com\\\/de\\\/\",\"name\":\"Beauvill\u00e9\",\"description\":\"Creator by tradition\",\"publisher\":{\"@id\":\"https:\\\/\\\/www.beauville.com\\\/de\\\/#organization\"},\"potentialAction\":[{\"@type\":\"SearchAction\",\"target\":{\"@type\":\"EntryPoint\",\"urlTemplate\":\"https:\\\/\\\/www.beauville.com\\\/de\\\/?s={search_term_string}\"},\"query-input\":{\"@type\":\"PropertyValueSpecification\",\"valueRequired\":true,\"valueName\":\"search_term_string\"}}],\"inLanguage\":\"de\"},{\"@type\":\"Organization\",\"@id\":\"https:\\\/\\\/www.beauville.com\\\/de\\\/#organization\",\"name\":\"Beauvill\u00e9\",\"url\":\"https:\\\/\\\/www.beauville.com\\\/de\\\/\",\"logo\":{\"@type\":\"ImageObject\",\"inLanguage\":\"de\",\"@id\":\"https:\\\/\\\/www.beauville.com\\\/de\\\/#\\\/schema\\\/logo\\\/image\\\/\",\"url\":\"https:\\\/\\\/www.beauville.com\\\/wp-inside\\\/uploads\\\/2018\\\/10\\\/beauville-logo.png\",\"contentUrl\":\"https:\\\/\\\/www.beauville.com\\\/wp-inside\\\/uploads\\\/2018\\\/10\\\/beauville-logo.png\",\"width\":230,\"height\":90,\"caption\":\"Beauvill\u00e9\"},\"image\":{\"@id\":\"https:\\\/\\\/www.beauville.com\\\/de\\\/#\\\/schema\\\/logo\\\/image\\\/\"},\"sameAs\":[\"https:\\\/\\\/www.facebook.com\\\/beauville.createur\",\"https:\\\/\\\/www.instagram.com\\\/beauville.createur\\\/\",\"https:\\\/\\\/www.pinterest.fr\\\/beauvillecreateur\\\/_created\\\/\",\"https:\\\/\\\/www.youtube.com\\\/channel\\\/UCN1DiK6SUHdildYkanOBeeA\"]},{\"@type\":\"Person\",\"@id\":\"https:\\\/\\\/www.beauville.com\\\/de\\\/#\\\/schema\\\/person\\\/ad0fa64b93a81bc4df4f8d1fb221a594\",\"name\":\"beauville-wp\",\"image\":{\"@type\":\"ImageObject\",\"inLanguage\":\"de\",\"@id\":\"https:\\\/\\\/secure.gravatar.com\\\/avatar\\\/ccfc9cd9974f3b2f4684fd5d1c0698785ab3815db27e5b9be74337ccd429086e?s=96&d=mm&r=g\",\"url\":\"https:\\\/\\\/secure.gravatar.com\\\/avatar\\\/ccfc9cd9974f3b2f4684fd5d1c0698785ab3815db27e5b9be74337ccd429086e?s=96&d=mm&r=g\",\"contentUrl\":\"https:\\\/\\\/secure.gravatar.com\\\/avatar\\\/ccfc9cd9974f3b2f4684fd5d1c0698785ab3815db27e5b9be74337ccd429086e?s=96&d=mm&r=g\",\"caption\":\"beauville-wp\"}}]}<\/script>\n<!-- \/ Yoast SEO plugin. -->","yoast_head_json":{"title":"Ein Tag in der Manufaktur","description":"Tauchen Sie in die Manufaktur Beauvill\u00e9 in Ribeauvill\u00e9 ein und entdecken Sie die Kunst des handwerklichen Textildrucks. Seit 1839 vereinen unsere els\u00e4ssischen Werkst\u00e4tten Tradition, Pr\u00e4zision und franz\u00f6sische Eleganz.","robots":{"index":"index","follow":"follow","max-snippet":"max-snippet:-1","max-image-preview":"max-image-preview:large","max-video-preview":"max-video-preview:-1"},"canonical":"https:\/\/www.beauville.com\/de\/blog\/ein-tag-in-der-manufaktur\/","og_locale":"de_DE","og_type":"article","og_title":"Ein Tag in der Manufaktur","og_description":"Tauchen Sie in die Manufaktur Beauvill\u00e9 in Ribeauvill\u00e9 ein und entdecken Sie die Kunst des handwerklichen Textildrucks. Seit 1839 vereinen unsere els\u00e4ssischen Werkst\u00e4tten Tradition, Pr\u00e4zision und franz\u00f6sische Eleganz.","og_url":"https:\/\/www.beauville.com\/de\/blog\/ein-tag-in-der-manufaktur\/","og_site_name":"Beauvill\u00e9","article_publisher":"https:\/\/www.facebook.com\/beauville.createur","article_published_time":"2025-10-28T11:09:40+00:00","og_image":[{"width":800,"height":400,"url":"https:\/\/www.beauville.com\/wp-inside\/uploads\/2025\/10\/banniere-kiliba-17.jpg","type":"image\/jpeg"}],"author":"beauville-wp","twitter_card":"summary_large_image","twitter_misc":{"Verfasst von":"beauville-wp","Gesch\u00e4tzte Lesezeit":"2\u00a0Minuten"},"schema":{"@context":"https:\/\/schema.org","@graph":[{"@type":"Article","@id":"https:\/\/www.beauville.com\/de\/blog\/ein-tag-in-der-manufaktur\/#article","isPartOf":{"@id":"https:\/\/www.beauville.com\/de\/blog\/ein-tag-in-der-manufaktur\/"},"author":{"name":"beauville-wp","@id":"https:\/\/www.beauville.com\/de\/#\/schema\/person\/ad0fa64b93a81bc4df4f8d1fb221a594"},"headline":"Ein Tag in der Manufaktur","datePublished":"2025-10-28T11:09:40+00:00","mainEntityOfPage":{"@id":"https:\/\/www.beauville.com\/de\/blog\/ein-tag-in-der-manufaktur\/"},"wordCount":369,"publisher":{"@id":"https:\/\/www.beauville.com\/de\/#organization"},"image":{"@id":"https:\/\/www.beauville.com\/de\/blog\/ein-tag-in-der-manufaktur\/#primaryimage"},"thumbnailUrl":"https:\/\/www.beauville.com\/wp-inside\/uploads\/2025\/10\/banniere-kiliba-17.jpg","articleSection":["Blog","Geschichte","Nachrichten"],"inLanguage":"de"},{"@type":"WebPage","@id":"https:\/\/www.beauville.com\/de\/blog\/ein-tag-in-der-manufaktur\/","url":"https:\/\/www.beauville.com\/de\/blog\/ein-tag-in-der-manufaktur\/","name":"Ein Tag in der Manufaktur","isPartOf":{"@id":"https:\/\/www.beauville.com\/de\/#website"},"primaryImageOfPage":{"@id":"https:\/\/www.beauville.com\/de\/blog\/ein-tag-in-der-manufaktur\/#primaryimage"},"image":{"@id":"https:\/\/www.beauville.com\/de\/blog\/ein-tag-in-der-manufaktur\/#primaryimage"},"thumbnailUrl":"https:\/\/www.beauville.com\/wp-inside\/uploads\/2025\/10\/banniere-kiliba-17.jpg","datePublished":"2025-10-28T11:09:40+00:00","description":"Tauchen Sie in die Manufaktur Beauvill\u00e9 in Ribeauvill\u00e9 ein und entdecken Sie die Kunst des handwerklichen Textildrucks. Seit 1839 vereinen unsere els\u00e4ssischen Werkst\u00e4tten Tradition, Pr\u00e4zision und franz\u00f6sische Eleganz.","breadcrumb":{"@id":"https:\/\/www.beauville.com\/de\/blog\/ein-tag-in-der-manufaktur\/#breadcrumb"},"inLanguage":"de","potentialAction":[{"@type":"ReadAction","target":["https:\/\/www.beauville.com\/de\/blog\/ein-tag-in-der-manufaktur\/"]}]},{"@type":"ImageObject","inLanguage":"de","@id":"https:\/\/www.beauville.com\/de\/blog\/ein-tag-in-der-manufaktur\/#primaryimage","url":"https:\/\/www.beauville.com\/wp-inside\/uploads\/2025\/10\/banniere-kiliba-17.jpg","contentUrl":"https:\/\/www.beauville.com\/wp-inside\/uploads\/2025\/10\/banniere-kiliba-17.jpg","width":800,"height":400,"caption":"Nappe R\u00e9veillon pos\u00e9e sur la table d'impression \u00e0 la Manufacture Beauvill\u00e9, pr\u00eate \u00e0 recevoir l'impression artisanale \u00e0 la main sur cadre plat."},{"@type":"BreadcrumbList","@id":"https:\/\/www.beauville.com\/de\/blog\/ein-tag-in-der-manufaktur\/#breadcrumb","itemListElement":[{"@type":"ListItem","position":1,"name":"Home","item":"https:\/\/www.beauville.com\/de\/"},{"@type":"ListItem","position":2,"name":"Blog","item":"https:\/\/www.beauville.com\/de\/blog\/"},{"@type":"ListItem","position":3,"name":"Ein Tag in der Manufaktur"}]},{"@type":"WebSite","@id":"https:\/\/www.beauville.com\/de\/#website","url":"https:\/\/www.beauville.com\/de\/","name":"Beauvill\u00e9","description":"Creator by tradition","publisher":{"@id":"https:\/\/www.beauville.com\/de\/#organization"},"potentialAction":[{"@type":"SearchAction","target":{"@type":"EntryPoint","urlTemplate":"https:\/\/www.beauville.com\/de\/?s={search_term_string}"},"query-input":{"@type":"PropertyValueSpecification","valueRequired":true,"valueName":"search_term_string"}}],"inLanguage":"de"},{"@type":"Organization","@id":"https:\/\/www.beauville.com\/de\/#organization","name":"Beauvill\u00e9","url":"https:\/\/www.beauville.com\/de\/","logo":{"@type":"ImageObject","inLanguage":"de","@id":"https:\/\/www.beauville.com\/de\/#\/schema\/logo\/image\/","url":"https:\/\/www.beauville.com\/wp-inside\/uploads\/2018\/10\/beauville-logo.png","contentUrl":"https:\/\/www.beauville.com\/wp-inside\/uploads\/2018\/10\/beauville-logo.png","width":230,"height":90,"caption":"Beauvill\u00e9"},"image":{"@id":"https:\/\/www.beauville.com\/de\/#\/schema\/logo\/image\/"},"sameAs":["https:\/\/www.facebook.com\/beauville.createur","https:\/\/www.instagram.com\/beauville.createur\/","https:\/\/www.pinterest.fr\/beauvillecreateur\/_created\/","https:\/\/www.youtube.com\/channel\/UCN1DiK6SUHdildYkanOBeeA"]},{"@type":"Person","@id":"https:\/\/www.beauville.com\/de\/#\/schema\/person\/ad0fa64b93a81bc4df4f8d1fb221a594","name":"beauville-wp","image":{"@type":"ImageObject","inLanguage":"de","@id":"https:\/\/secure.gravatar.com\/avatar\/ccfc9cd9974f3b2f4684fd5d1c0698785ab3815db27e5b9be74337ccd429086e?s=96&d=mm&r=g","url":"https:\/\/secure.gravatar.com\/avatar\/ccfc9cd9974f3b2f4684fd5d1c0698785ab3815db27e5b9be74337ccd429086e?s=96&d=mm&r=g","contentUrl":"https:\/\/secure.gravatar.com\/avatar\/ccfc9cd9974f3b2f4684fd5d1c0698785ab3815db27e5b9be74337ccd429086e?s=96&d=mm&r=g","caption":"beauville-wp"}}]}},"_links":{"self":[{"href":"https:\/\/www.beauville.com\/de\/wp-json\/wp\/v2\/posts\/37792","targetHints":{"allow":["GET"]}}],"collection":[{"href":"https:\/\/www.beauville.com\/de\/wp-json\/wp\/v2\/posts"}],"about":[{"href":"https:\/\/www.beauville.com\/de\/wp-json\/wp\/v2\/types\/post"}],"author":[{"embeddable":true,"href":"https:\/\/www.beauville.com\/de\/wp-json\/wp\/v2\/users\/2"}],"replies":[{"embeddable":true,"href":"https:\/\/www.beauville.com\/de\/wp-json\/wp\/v2\/comments?post=37792"}],"version-history":[{"count":1,"href":"https:\/\/www.beauville.com\/de\/wp-json\/wp\/v2\/posts\/37792\/revisions"}],"predecessor-version":[{"id":37795,"href":"https:\/\/www.beauville.com\/de\/wp-json\/wp\/v2\/posts\/37792\/revisions\/37795"}],"wp:featuredmedia":[{"embeddable":true,"href":"https:\/\/www.beauville.com\/de\/wp-json\/wp\/v2\/media\/37788"}],"wp:attachment":[{"href":"https:\/\/www.beauville.com\/de\/wp-json\/wp\/v2\/media?parent=37792"}],"wp:term":[{"taxonomy":"category","embeddable":true,"href":"https:\/\/www.beauville.com\/de\/wp-json\/wp\/v2\/categories?post=37792"},{"taxonomy":"post_tag","embeddable":true,"href":"https:\/\/www.beauville.com\/de\/wp-json\/wp\/v2\/tags?post=37792"}],"curies":[{"name":"wp","href":"https:\/\/api.w.org\/{rel}","templated":true}]}}