{"id":38081,"date":"2025-12-11T09:34:12","date_gmt":"2025-12-11T08:34:12","guid":{"rendered":"https:\/\/www.beauville.com\/blog\/le-marche-de-noel-de-ribeauville\/"},"modified":"2025-12-11T09:38:12","modified_gmt":"2025-12-11T08:38:12","slug":"der-weihnachtsmarkt-von-ribeauville","status":"publish","type":"post","link":"https:\/\/www.beauville.com\/de\/blog\/der-weihnachtsmarkt-von-ribeauville\/","title":{"rendered":"Der Weihnachtsmarkt von Ribeauvill\u00e9"},"content":{"rendered":"<p><img decoding=\"async\" src=\"https:\/\/www.beauville.com\/wp-inside\/uploads\/2025\/12\/29-780x301.jpg\" alt=\"Deux sapins en tissus en motif Topkapi Rouge avec deux noeuds en Topkapi \u00e9meraude. Cr\u00e9ation pour la d\u00e9coration du march\u00e9 de No\u00ebl de Ribeauvill\u00e9.\" class=\"size-w780 aligncenter\" \/><\/p>\n<p data-start=\"191\" data-end=\"516\">In diesem Jahr erstrahlt der Weihnachtsmarkt von Ribeauvill\u00e9 dank der unverkennbaren Handschrift von Beauvill\u00e9 noch heller. Wir hatten das Vergn\u00fcgen, einzigartige Dekorationselemente zu gestalten, die speziell f\u00fcr dieses Ereignis entworfen wurden, und unser handwerkliches K\u00f6nnen mitten im Herzen der Stadt zu pr\u00e4sentieren.<\/p>\n<h2 data-start=\"518\" data-end=\"576\">Die Kunst des Details im Dienste der Weihnachtsmagie<\/h2>\n<p data-start=\"578\" data-end=\"992\">In unseren Werkst\u00e4tten in Ribeauvill\u00e9 wurden zwei majest\u00e4tische <strong data-start=\"642\" data-end=\"674\">sechs Meter hohe Tannenb\u00e4ume<\/strong> vollst\u00e4ndig mit <strong data-start=\"691\" data-end=\"722\">zwei Meter gro\u00dfen Schleifen<\/strong> aus unserem ikonischen <strong data-start=\"746\" data-end=\"763\">Topkapi-Stoff<\/strong> geschm\u00fcckt.<br data-start=\"775\" data-end=\"778\" \/>F\u00fcr diese monumentalen Kreationen wurden insgesamt <strong data-start=\"829\" data-end=\"874\">60 Meter dieses au\u00dfergew\u00f6hnlichen Stoffes<\/strong> ben\u00f6tigt, jedes Teil wurde sorgf\u00e4ltig nach unseren traditionellen Techniken des <strong data-start=\"955\" data-end=\"979\">Handdrucks auf Stoff<\/strong> gefertigt.<\/p>\n<p data-start=\"994\" data-end=\"1242\">Jede Schleife, jede Falte spiegelt die Detailverliebtheit und Eleganz wider, die Beauvill\u00e9 auszeichnen. Diese monumentalen St\u00fccke sind mehr als blo\u00dfe Dekoration: Sie verk\u00f6rpern Raffinesse, Pr\u00e4zision und die handwerkliche Sch\u00f6nheit unseres Hauses.<\/p>\n<p data-start=\"1021\" data-end=\"1266\"><img decoding=\"async\" src=\"https:\/\/www.beauville.com\/wp-inside\/uploads\/2025\/12\/30-780x301.jpg\" alt=\"\u00e0 gauche la maisonnette entour\u00e9e des deux sapins en tissus sign\u00e9 Beauvill\u00e9. \u00e0 droite la maisonnette avec l'\u00e9norme noeud en tissu en Topkapi rouge pour le March\u00e9 de No\u00ebl de Ribeauvill\u00e9.\" class=\"size-w780 aligncenter\" \/><\/p>\n<h2 data-start=\"1244\" data-end=\"1285\">Eine bedeutungsvolle Zusammenarbeit<\/h2>\n<p data-start=\"1287\" data-end=\"1625\">Wir danken der <strong data-start=\"1302\" data-end=\"1332\">Stadt Ribeauvill\u00e9 \u2013 Elsass<\/strong> herzlich f\u00fcr das Vertrauen und diese wertvolle Zusammenarbeit. Zu sehen, wie unser handwerkliches K\u00f6nnen auf dem Weihnachtsmarkt pr\u00e4sentiert wird, ist eine echte Ehre und eine einmalige Gelegenheit, unsere Leidenschaft f\u00fcr traditionelle Stoffdrucktechniken mit der \u00d6ffentlichkeit zu teilen.<\/p>\n<h2 data-start=\"1627\" data-end=\"1654\">Erleben Sie Beauvill\u00e9<\/h2>\n<p data-start=\"1656\" data-end=\"2062\">Besuchen Sie uns auf dem Weihnachtsmarkt von Ribeauvill\u00e9 am <strong data-start=\"1716\" data-end=\"1745\">13. und 14. Dezember 2025<\/strong> und lassen Sie sich von der Magie unserer Kreationen verzaubern.<br data-start=\"1810\" data-end=\"1813\" \/>Um das Erlebnis zu verl\u00e4ngern, l\u00e4dt Sie unsere <strong data-start=\"1860\" data-end=\"1887\">Boutique in Ribeauvill\u00e9<\/strong> w\u00e4hrend der gesamten Saison ein, unsere Kollektionen zu entdecken und Ihre Geschenke <strong data-start=\"1973\" data-end=\"1997\">100 % Made in France<\/strong> vorzubereiten \u2013 Sinnbild f\u00fcr Eleganz und zeitlosen Festzauber.<\/p>\n<p data-start=\"1657\" data-end=\"2036\"><img decoding=\"async\" src=\"https:\/\/www.beauville.com\/wp-inside\/uploads\/2025\/12\/31-780x301.jpg\" alt=\"Tissus \u00e0 la vente pour le march\u00e9 de No\u00ebl de Ribeauvill\u00e9. Tissus sign\u00e9s Beauvill\u00e9 100% Made In France.\" class=\"size-w780 aligncenter\" \/><\/p>\n","protected":false},"excerpt":{"rendered":"<p>In diesem Jahr erstrahlt der Weihnachtsmarkt von Ribeauvill\u00e9 dank der unverkennbaren Handschrift von Beauvill\u00e9 noch heller. Wir hatten das Vergn\u00fcgen, einzigartige Dekorationselemente zu gestalten, die speziell f\u00fcr dieses Ereignis entworfen [&hellip;]<\/p>\n","protected":false},"author":2,"featured_media":38077,"comment_status":"closed","ping_status":"closed","sticky":false,"template":"","format":"standard","meta":{"_acf_changed":false,"footnotes":""},"categories":[27,50,35],"tags":[],"class_list":["post-38081","post","type-post","status-publish","format-standard","has-post-thumbnail","hentry","category-blog","category-nachrichten","category-weihnachten-neujahr","wp-sticky"],"acf":[],"yoast_head":"<!-- This site is optimized with the Yoast SEO plugin v27.5 - https:\/\/yoast.com\/product\/yoast-seo-wordpress\/ -->\n<title>Der Weihnachtsmarkt von Ribeauvill\u00e9<\/title>\n<meta name=\"description\" content=\"Entdecken Sie Beauvill\u00e9 auf dem Weihnachtsmarkt von Ribeauvill\u00e9 am 13. und 14. Dezember 2025: Handgefertigte Dekorationen, monumentale Topkapi-B\u00f6gen und 100\u202f% franz\u00f6sische Eleganz f\u00fcr unvergessliche Festmomente.\" \/>\n<meta name=\"robots\" content=\"index, follow, max-snippet:-1, max-image-preview:large, max-video-preview:-1\" \/>\n<link rel=\"canonical\" href=\"https:\/\/www.beauville.com\/de\/blog\/der-weihnachtsmarkt-von-ribeauville\/\" \/>\n<meta property=\"og:locale\" content=\"de_DE\" \/>\n<meta property=\"og:type\" content=\"article\" \/>\n<meta property=\"og:title\" content=\"Der Weihnachtsmarkt von Ribeauvill\u00e9\" \/>\n<meta property=\"og:description\" content=\"Entdecken Sie Beauvill\u00e9 auf dem Weihnachtsmarkt von Ribeauvill\u00e9 am 13. und 14. Dezember 2025: Handgefertigte Dekorationen, monumentale Topkapi-B\u00f6gen und 100\u202f% franz\u00f6sische Eleganz f\u00fcr unvergessliche Festmomente.\" \/>\n<meta property=\"og:url\" content=\"https:\/\/www.beauville.com\/de\/blog\/der-weihnachtsmarkt-von-ribeauville\/\" \/>\n<meta property=\"og:site_name\" content=\"Beauvill\u00e9\" \/>\n<meta property=\"article:publisher\" content=\"https:\/\/www.facebook.com\/beauville.createur\" \/>\n<meta property=\"article:published_time\" content=\"2025-12-11T08:34:12+00:00\" \/>\n<meta property=\"article:modified_time\" content=\"2025-12-11T08:38:12+00:00\" \/>\n<meta property=\"og:image\" content=\"https:\/\/www.beauville.com\/wp-inside\/uploads\/2025\/12\/2.jpg\" \/>\n\t<meta property=\"og:image:width\" content=\"1080\" \/>\n\t<meta property=\"og:image:height\" content=\"1350\" \/>\n\t<meta property=\"og:image:type\" content=\"image\/jpeg\" \/>\n<meta name=\"author\" content=\"beauville-wp\" \/>\n<meta name=\"twitter:card\" content=\"summary_large_image\" \/>\n<meta name=\"twitter:label1\" content=\"Verfasst von\" \/>\n\t<meta name=\"twitter:data1\" content=\"beauville-wp\" \/>\n\t<meta name=\"twitter:label2\" content=\"Gesch\u00e4tzte Lesezeit\" \/>\n\t<meta name=\"twitter:data2\" content=\"1\u00a0Minute\" \/>\n<script type=\"application\/ld+json\" class=\"yoast-schema-graph\">{\"@context\":\"https:\\\/\\\/schema.org\",\"@graph\":[{\"@type\":\"Article\",\"@id\":\"https:\\\/\\\/www.beauville.com\\\/de\\\/blog\\\/der-weihnachtsmarkt-von-ribeauville\\\/#article\",\"isPartOf\":{\"@id\":\"https:\\\/\\\/www.beauville.com\\\/de\\\/blog\\\/der-weihnachtsmarkt-von-ribeauville\\\/\"},\"author\":{\"name\":\"beauville-wp\",\"@id\":\"https:\\\/\\\/www.beauville.com\\\/de\\\/#\\\/schema\\\/person\\\/ad0fa64b93a81bc4df4f8d1fb221a594\"},\"headline\":\"Der Weihnachtsmarkt von Ribeauvill\u00e9\",\"datePublished\":\"2025-12-11T08:34:12+00:00\",\"dateModified\":\"2025-12-11T08:38:12+00:00\",\"mainEntityOfPage\":{\"@id\":\"https:\\\/\\\/www.beauville.com\\\/de\\\/blog\\\/der-weihnachtsmarkt-von-ribeauville\\\/\"},\"wordCount\":263,\"publisher\":{\"@id\":\"https:\\\/\\\/www.beauville.com\\\/de\\\/#organization\"},\"image\":{\"@id\":\"https:\\\/\\\/www.beauville.com\\\/de\\\/blog\\\/der-weihnachtsmarkt-von-ribeauville\\\/#primaryimage\"},\"thumbnailUrl\":\"https:\\\/\\\/www.beauville.com\\\/wp-inside\\\/uploads\\\/2025\\\/12\\\/2.jpg\",\"articleSection\":[\"Blog\",\"Nachrichten\",\"Weihnachten &amp; Neujahr\"],\"inLanguage\":\"de\"},{\"@type\":\"WebPage\",\"@id\":\"https:\\\/\\\/www.beauville.com\\\/de\\\/blog\\\/der-weihnachtsmarkt-von-ribeauville\\\/\",\"url\":\"https:\\\/\\\/www.beauville.com\\\/de\\\/blog\\\/der-weihnachtsmarkt-von-ribeauville\\\/\",\"name\":\"Der Weihnachtsmarkt von Ribeauvill\u00e9\",\"isPartOf\":{\"@id\":\"https:\\\/\\\/www.beauville.com\\\/de\\\/#website\"},\"primaryImageOfPage\":{\"@id\":\"https:\\\/\\\/www.beauville.com\\\/de\\\/blog\\\/der-weihnachtsmarkt-von-ribeauville\\\/#primaryimage\"},\"image\":{\"@id\":\"https:\\\/\\\/www.beauville.com\\\/de\\\/blog\\\/der-weihnachtsmarkt-von-ribeauville\\\/#primaryimage\"},\"thumbnailUrl\":\"https:\\\/\\\/www.beauville.com\\\/wp-inside\\\/uploads\\\/2025\\\/12\\\/2.jpg\",\"datePublished\":\"2025-12-11T08:34:12+00:00\",\"dateModified\":\"2025-12-11T08:38:12+00:00\",\"description\":\"Entdecken Sie Beauvill\u00e9 auf dem Weihnachtsmarkt von Ribeauvill\u00e9 am 13. und 14. Dezember 2025: Handgefertigte Dekorationen, monumentale Topkapi-B\u00f6gen und 100\u202f% franz\u00f6sische Eleganz f\u00fcr unvergessliche Festmomente.\",\"breadcrumb\":{\"@id\":\"https:\\\/\\\/www.beauville.com\\\/de\\\/blog\\\/der-weihnachtsmarkt-von-ribeauville\\\/#breadcrumb\"},\"inLanguage\":\"de\",\"potentialAction\":[{\"@type\":\"ReadAction\",\"target\":[\"https:\\\/\\\/www.beauville.com\\\/de\\\/blog\\\/der-weihnachtsmarkt-von-ribeauville\\\/\"]}]},{\"@type\":\"ImageObject\",\"inLanguage\":\"de\",\"@id\":\"https:\\\/\\\/www.beauville.com\\\/de\\\/blog\\\/der-weihnachtsmarkt-von-ribeauville\\\/#primaryimage\",\"url\":\"https:\\\/\\\/www.beauville.com\\\/wp-inside\\\/uploads\\\/2025\\\/12\\\/2.jpg\",\"contentUrl\":\"https:\\\/\\\/www.beauville.com\\\/wp-inside\\\/uploads\\\/2025\\\/12\\\/2.jpg\",\"width\":1080,\"height\":1350},{\"@type\":\"BreadcrumbList\",\"@id\":\"https:\\\/\\\/www.beauville.com\\\/de\\\/blog\\\/der-weihnachtsmarkt-von-ribeauville\\\/#breadcrumb\",\"itemListElement\":[{\"@type\":\"ListItem\",\"position\":1,\"name\":\"Home\",\"item\":\"https:\\\/\\\/www.beauville.com\\\/de\\\/\"},{\"@type\":\"ListItem\",\"position\":2,\"name\":\"Blog\",\"item\":\"https:\\\/\\\/www.beauville.com\\\/de\\\/blog\\\/\"},{\"@type\":\"ListItem\",\"position\":3,\"name\":\"Der Weihnachtsmarkt von Ribeauvill\u00e9\"}]},{\"@type\":\"WebSite\",\"@id\":\"https:\\\/\\\/www.beauville.com\\\/de\\\/#website\",\"url\":\"https:\\\/\\\/www.beauville.com\\\/de\\\/\",\"name\":\"Beauvill\u00e9\",\"description\":\"Creator by tradition\",\"publisher\":{\"@id\":\"https:\\\/\\\/www.beauville.com\\\/de\\\/#organization\"},\"potentialAction\":[{\"@type\":\"SearchAction\",\"target\":{\"@type\":\"EntryPoint\",\"urlTemplate\":\"https:\\\/\\\/www.beauville.com\\\/de\\\/?s={search_term_string}\"},\"query-input\":{\"@type\":\"PropertyValueSpecification\",\"valueRequired\":true,\"valueName\":\"search_term_string\"}}],\"inLanguage\":\"de\"},{\"@type\":\"Organization\",\"@id\":\"https:\\\/\\\/www.beauville.com\\\/de\\\/#organization\",\"name\":\"Beauvill\u00e9\",\"url\":\"https:\\\/\\\/www.beauville.com\\\/de\\\/\",\"logo\":{\"@type\":\"ImageObject\",\"inLanguage\":\"de\",\"@id\":\"https:\\\/\\\/www.beauville.com\\\/de\\\/#\\\/schema\\\/logo\\\/image\\\/\",\"url\":\"https:\\\/\\\/www.beauville.com\\\/wp-inside\\\/uploads\\\/2018\\\/10\\\/beauville-logo.png\",\"contentUrl\":\"https:\\\/\\\/www.beauville.com\\\/wp-inside\\\/uploads\\\/2018\\\/10\\\/beauville-logo.png\",\"width\":230,\"height\":90,\"caption\":\"Beauvill\u00e9\"},\"image\":{\"@id\":\"https:\\\/\\\/www.beauville.com\\\/de\\\/#\\\/schema\\\/logo\\\/image\\\/\"},\"sameAs\":[\"https:\\\/\\\/www.facebook.com\\\/beauville.createur\",\"https:\\\/\\\/www.instagram.com\\\/beauville.createur\\\/\",\"https:\\\/\\\/www.pinterest.fr\\\/beauvillecreateur\\\/_created\\\/\",\"https:\\\/\\\/www.youtube.com\\\/channel\\\/UCN1DiK6SUHdildYkanOBeeA\"]},{\"@type\":\"Person\",\"@id\":\"https:\\\/\\\/www.beauville.com\\\/de\\\/#\\\/schema\\\/person\\\/ad0fa64b93a81bc4df4f8d1fb221a594\",\"name\":\"beauville-wp\",\"image\":{\"@type\":\"ImageObject\",\"inLanguage\":\"de\",\"@id\":\"https:\\\/\\\/secure.gravatar.com\\\/avatar\\\/ccfc9cd9974f3b2f4684fd5d1c0698785ab3815db27e5b9be74337ccd429086e?s=96&d=mm&r=g\",\"url\":\"https:\\\/\\\/secure.gravatar.com\\\/avatar\\\/ccfc9cd9974f3b2f4684fd5d1c0698785ab3815db27e5b9be74337ccd429086e?s=96&d=mm&r=g\",\"contentUrl\":\"https:\\\/\\\/secure.gravatar.com\\\/avatar\\\/ccfc9cd9974f3b2f4684fd5d1c0698785ab3815db27e5b9be74337ccd429086e?s=96&d=mm&r=g\",\"caption\":\"beauville-wp\"}}]}<\/script>\n<!-- \/ Yoast SEO plugin. -->","yoast_head_json":{"title":"Der Weihnachtsmarkt von Ribeauvill\u00e9","description":"Entdecken Sie Beauvill\u00e9 auf dem Weihnachtsmarkt von Ribeauvill\u00e9 am 13. und 14. Dezember 2025: Handgefertigte Dekorationen, monumentale Topkapi-B\u00f6gen und 100\u202f% franz\u00f6sische Eleganz f\u00fcr unvergessliche Festmomente.","robots":{"index":"index","follow":"follow","max-snippet":"max-snippet:-1","max-image-preview":"max-image-preview:large","max-video-preview":"max-video-preview:-1"},"canonical":"https:\/\/www.beauville.com\/de\/blog\/der-weihnachtsmarkt-von-ribeauville\/","og_locale":"de_DE","og_type":"article","og_title":"Der Weihnachtsmarkt von Ribeauvill\u00e9","og_description":"Entdecken Sie Beauvill\u00e9 auf dem Weihnachtsmarkt von Ribeauvill\u00e9 am 13. und 14. Dezember 2025: Handgefertigte Dekorationen, monumentale Topkapi-B\u00f6gen und 100\u202f% franz\u00f6sische Eleganz f\u00fcr unvergessliche Festmomente.","og_url":"https:\/\/www.beauville.com\/de\/blog\/der-weihnachtsmarkt-von-ribeauville\/","og_site_name":"Beauvill\u00e9","article_publisher":"https:\/\/www.facebook.com\/beauville.createur","article_published_time":"2025-12-11T08:34:12+00:00","article_modified_time":"2025-12-11T08:38:12+00:00","og_image":[{"width":1080,"height":1350,"url":"https:\/\/www.beauville.com\/wp-inside\/uploads\/2025\/12\/2.jpg","type":"image\/jpeg"}],"author":"beauville-wp","twitter_card":"summary_large_image","twitter_misc":{"Verfasst von":"beauville-wp","Gesch\u00e4tzte Lesezeit":"1\u00a0Minute"},"schema":{"@context":"https:\/\/schema.org","@graph":[{"@type":"Article","@id":"https:\/\/www.beauville.com\/de\/blog\/der-weihnachtsmarkt-von-ribeauville\/#article","isPartOf":{"@id":"https:\/\/www.beauville.com\/de\/blog\/der-weihnachtsmarkt-von-ribeauville\/"},"author":{"name":"beauville-wp","@id":"https:\/\/www.beauville.com\/de\/#\/schema\/person\/ad0fa64b93a81bc4df4f8d1fb221a594"},"headline":"Der Weihnachtsmarkt von Ribeauvill\u00e9","datePublished":"2025-12-11T08:34:12+00:00","dateModified":"2025-12-11T08:38:12+00:00","mainEntityOfPage":{"@id":"https:\/\/www.beauville.com\/de\/blog\/der-weihnachtsmarkt-von-ribeauville\/"},"wordCount":263,"publisher":{"@id":"https:\/\/www.beauville.com\/de\/#organization"},"image":{"@id":"https:\/\/www.beauville.com\/de\/blog\/der-weihnachtsmarkt-von-ribeauville\/#primaryimage"},"thumbnailUrl":"https:\/\/www.beauville.com\/wp-inside\/uploads\/2025\/12\/2.jpg","articleSection":["Blog","Nachrichten","Weihnachten &amp; Neujahr"],"inLanguage":"de"},{"@type":"WebPage","@id":"https:\/\/www.beauville.com\/de\/blog\/der-weihnachtsmarkt-von-ribeauville\/","url":"https:\/\/www.beauville.com\/de\/blog\/der-weihnachtsmarkt-von-ribeauville\/","name":"Der Weihnachtsmarkt von Ribeauvill\u00e9","isPartOf":{"@id":"https:\/\/www.beauville.com\/de\/#website"},"primaryImageOfPage":{"@id":"https:\/\/www.beauville.com\/de\/blog\/der-weihnachtsmarkt-von-ribeauville\/#primaryimage"},"image":{"@id":"https:\/\/www.beauville.com\/de\/blog\/der-weihnachtsmarkt-von-ribeauville\/#primaryimage"},"thumbnailUrl":"https:\/\/www.beauville.com\/wp-inside\/uploads\/2025\/12\/2.jpg","datePublished":"2025-12-11T08:34:12+00:00","dateModified":"2025-12-11T08:38:12+00:00","description":"Entdecken Sie Beauvill\u00e9 auf dem Weihnachtsmarkt von Ribeauvill\u00e9 am 13. und 14. Dezember 2025: Handgefertigte Dekorationen, monumentale Topkapi-B\u00f6gen und 100\u202f% franz\u00f6sische Eleganz f\u00fcr unvergessliche Festmomente.","breadcrumb":{"@id":"https:\/\/www.beauville.com\/de\/blog\/der-weihnachtsmarkt-von-ribeauville\/#breadcrumb"},"inLanguage":"de","potentialAction":[{"@type":"ReadAction","target":["https:\/\/www.beauville.com\/de\/blog\/der-weihnachtsmarkt-von-ribeauville\/"]}]},{"@type":"ImageObject","inLanguage":"de","@id":"https:\/\/www.beauville.com\/de\/blog\/der-weihnachtsmarkt-von-ribeauville\/#primaryimage","url":"https:\/\/www.beauville.com\/wp-inside\/uploads\/2025\/12\/2.jpg","contentUrl":"https:\/\/www.beauville.com\/wp-inside\/uploads\/2025\/12\/2.jpg","width":1080,"height":1350},{"@type":"BreadcrumbList","@id":"https:\/\/www.beauville.com\/de\/blog\/der-weihnachtsmarkt-von-ribeauville\/#breadcrumb","itemListElement":[{"@type":"ListItem","position":1,"name":"Home","item":"https:\/\/www.beauville.com\/de\/"},{"@type":"ListItem","position":2,"name":"Blog","item":"https:\/\/www.beauville.com\/de\/blog\/"},{"@type":"ListItem","position":3,"name":"Der Weihnachtsmarkt von Ribeauvill\u00e9"}]},{"@type":"WebSite","@id":"https:\/\/www.beauville.com\/de\/#website","url":"https:\/\/www.beauville.com\/de\/","name":"Beauvill\u00e9","description":"Creator by tradition","publisher":{"@id":"https:\/\/www.beauville.com\/de\/#organization"},"potentialAction":[{"@type":"SearchAction","target":{"@type":"EntryPoint","urlTemplate":"https:\/\/www.beauville.com\/de\/?s={search_term_string}"},"query-input":{"@type":"PropertyValueSpecification","valueRequired":true,"valueName":"search_term_string"}}],"inLanguage":"de"},{"@type":"Organization","@id":"https:\/\/www.beauville.com\/de\/#organization","name":"Beauvill\u00e9","url":"https:\/\/www.beauville.com\/de\/","logo":{"@type":"ImageObject","inLanguage":"de","@id":"https:\/\/www.beauville.com\/de\/#\/schema\/logo\/image\/","url":"https:\/\/www.beauville.com\/wp-inside\/uploads\/2018\/10\/beauville-logo.png","contentUrl":"https:\/\/www.beauville.com\/wp-inside\/uploads\/2018\/10\/beauville-logo.png","width":230,"height":90,"caption":"Beauvill\u00e9"},"image":{"@id":"https:\/\/www.beauville.com\/de\/#\/schema\/logo\/image\/"},"sameAs":["https:\/\/www.facebook.com\/beauville.createur","https:\/\/www.instagram.com\/beauville.createur\/","https:\/\/www.pinterest.fr\/beauvillecreateur\/_created\/","https:\/\/www.youtube.com\/channel\/UCN1DiK6SUHdildYkanOBeeA"]},{"@type":"Person","@id":"https:\/\/www.beauville.com\/de\/#\/schema\/person\/ad0fa64b93a81bc4df4f8d1fb221a594","name":"beauville-wp","image":{"@type":"ImageObject","inLanguage":"de","@id":"https:\/\/secure.gravatar.com\/avatar\/ccfc9cd9974f3b2f4684fd5d1c0698785ab3815db27e5b9be74337ccd429086e?s=96&d=mm&r=g","url":"https:\/\/secure.gravatar.com\/avatar\/ccfc9cd9974f3b2f4684fd5d1c0698785ab3815db27e5b9be74337ccd429086e?s=96&d=mm&r=g","contentUrl":"https:\/\/secure.gravatar.com\/avatar\/ccfc9cd9974f3b2f4684fd5d1c0698785ab3815db27e5b9be74337ccd429086e?s=96&d=mm&r=g","caption":"beauville-wp"}}]}},"_links":{"self":[{"href":"https:\/\/www.beauville.com\/de\/wp-json\/wp\/v2\/posts\/38081","targetHints":{"allow":["GET"]}}],"collection":[{"href":"https:\/\/www.beauville.com\/de\/wp-json\/wp\/v2\/posts"}],"about":[{"href":"https:\/\/www.beauville.com\/de\/wp-json\/wp\/v2\/types\/post"}],"author":[{"embeddable":true,"href":"https:\/\/www.beauville.com\/de\/wp-json\/wp\/v2\/users\/2"}],"replies":[{"embeddable":true,"href":"https:\/\/www.beauville.com\/de\/wp-json\/wp\/v2\/comments?post=38081"}],"version-history":[{"count":2,"href":"https:\/\/www.beauville.com\/de\/wp-json\/wp\/v2\/posts\/38081\/revisions"}],"predecessor-version":[{"id":38086,"href":"https:\/\/www.beauville.com\/de\/wp-json\/wp\/v2\/posts\/38081\/revisions\/38086"}],"wp:featuredmedia":[{"embeddable":true,"href":"https:\/\/www.beauville.com\/de\/wp-json\/wp\/v2\/media\/38077"}],"wp:attachment":[{"href":"https:\/\/www.beauville.com\/de\/wp-json\/wp\/v2\/media?parent=38081"}],"wp:term":[{"taxonomy":"category","embeddable":true,"href":"https:\/\/www.beauville.com\/de\/wp-json\/wp\/v2\/categories?post=38081"},{"taxonomy":"post_tag","embeddable":true,"href":"https:\/\/www.beauville.com\/de\/wp-json\/wp\/v2\/tags?post=38081"}],"curies":[{"name":"wp","href":"https:\/\/api.w.org\/{rel}","templated":true}]}}