{"id":43863,"date":"2026-03-11T10:20:04","date_gmt":"2026-03-11T09:20:04","guid":{"rendered":"https:\/\/www.beauville.com\/blog\/collection-printemps-ete-2026-beauville-nappes-et-linge-de-table-haut-de-gamme\/"},"modified":"2026-03-11T13:49:44","modified_gmt":"2026-03-11T12:49:44","slug":"fruehjahr-sommer-2026-kollektion-hochwertige-tischdecken-von-beauville","status":"publish","type":"post","link":"https:\/\/www.beauville.com\/de\/blog\/fruehjahr-sommer-2026-kollektion-hochwertige-tischdecken-von-beauville\/","title":{"rendered":"Fr\u00fchjahr-Sommer 2026 Kollektion | Hochwertige Tischdecken von Beauvill\u00e9"},"content":{"rendered":"<h1 data-section-id=\"1r4e9lz\" data-start=\"606\" data-end=\"688\">Neue <a href=\"https:\/\/www.beauville.com\/shop\/de\/77-neue-produkte\">Fr\u00fchjahr-Sommer Kollektion 2026<\/a> von Beauvill\u00e9: Tischkultur in Farbe<\/h1>\n<p data-start=\"254\" data-end=\"570\">Mit der neuen <a href=\"https:\/\/www.beauville.com\/shop\/de\/77-neue-produkte\"><strong data-start=\"268\" data-end=\"303\">Fr\u00fchjahr-Sommer Kollektion 2026<\/strong><\/a> feiert das Haus Beauvill\u00e9 die Kunst des Gastgebens und die Sch\u00f6nheit liebevoll gedeckter Tische. Zwischen floralen Inspirationen, maritimen Motiven und leuchtenden Farben l\u00e4dt diese Saison dazu ein, gesellige Momente rund um au\u00dfergew\u00f6hnliche Tischw\u00e4sche zu schaffen.<\/p>\n<p data-start=\"572\" data-end=\"861\">In Elsass gefertigt, nach einem weltweit anerkannten textilen Know-how, verk\u00f6rpern die Tischdecken von Beauvill\u00e9 die Eleganz hochwertiger <strong data-start=\"710\" data-end=\"742\">Tischw\u00e4sche \u201eMade in France\u201c<\/strong>. Jedes Motiv ist wie ein dekoratives Kunstwerk gestaltet und verwandelt den Tisch in ein echtes \u00e4sthetisches Erlebnis.<\/p>\n<h1 data-section-id=\"hg22cx\" data-start=\"1287\" data-end=\"1334\"><a href=\"https:\/\/www.beauville.com\/shop\/de\/tischdecke\/2342-tischdecke-bougainvilliers.html#\/48-grobe-quadrat_170x170cm\/34-farben-original\">Bougainvilliers<\/a>: eine strahlende florale Tischdecke<\/h1>\n<div id=\"attachment_43824\" class=\"wp-caption aligncenter\" style=\"width:100%;max-width:732px\"><a href=\"https:\/\/www.beauville.com\/shop\/fr\/nappes\/2342-nappe-bougainvilliers.html#\/48-taille-carree_170_x_170_cm\/34-couleur-original\"><img decoding=\"async\" src=\"https:\/\/www.beauville.com\/wp-inside\/uploads\/2026\/03\/banniere-facebook-732x412.jpg\" alt=\"Nappe Beauvill\u00e9 Bougainvilliers avec motif floral color\u00e9 sur une table dress\u00e9e avec bougies et verres color\u00e9s, d\u00e9cor inspir\u00e9 d\u2019un jardin en fleurs.\" class=\"size-large\" \/><\/a><p class=\"wp-caption-text\">Tischdecke Bougainvilliers \u2013 Fr\u00fchjahr-Sommer Kollektion 2026 Beauvill\u00e9, eine elegante florale Tischdekoration inspiriert von bl\u00fchenden G\u00e4rten.<\/p><\/div>\n<p data-start=\"1071\" data-end=\"1181\">Die <a href=\"https:\/\/www.beauville.com\/shop\/de\/tischdecke\/2342-tischdecke-bougainvilliers.html#\/48-grobe-quadrat_170x170cm\/34-farben-original\">Tischdecke <strong data-start=\"1086\" data-end=\"1105\">Bougainvilliers<\/strong><\/a> ist von \u00fcppigen Fr\u00fchlingsg\u00e4rten und der Gro\u00dfz\u00fcgigkeit der Natur inspiriert.<\/p>\n<p data-start=\"1183\" data-end=\"1420\">Farbige Blumenstr\u00e4u\u00dfe entfalten sich entlang der Bord\u00fcre des Stoffes und schaffen eine lebendige und elegante Tischgestaltung. Die Nuancen von Rot, Rosa und Violett erinnern an sommerliche Mahlzeiten und lange Abende in geselliger Runde.<\/p>\n<p data-start=\"1422\" data-end=\"1580\">Mit ihrem leuchtenden Blumenmotiv verleiht diese Tischdecke dem Tisch eine warme und raffinierte Atmosph\u00e4re \u2013 perfekt f\u00fcr eine stilvolle und einladende Tafel.<\/p>\n<h1 data-section-id=\"1ygjppt\" data-start=\"1796\" data-end=\"1835\"><a href=\"https:\/\/www.beauville.com\/shop\/de\/tischdecke\/2340-tischdecke-recif.html#\/48-grobe-quadrat_170x170cm\/103-farben-meerblau\">R\u00e9cif<\/a>: die Eleganz der Meereswelt<\/h1>\n<div id=\"attachment_43845\" class=\"wp-caption aligncenter\" style=\"width:100%;max-width:732px\"><a href=\"https:\/\/www.beauville.com\/shop\/fr\/nappes\/2340-nappe-recif.html#\/48-taille-carree_170_x_170_cm\/103-couleur-mer\"><img decoding=\"async\" src=\"https:\/\/www.beauville.com\/wp-inside\/uploads\/2026\/03\/motif-recif-coloris-mer-732x412.jpg\" alt=\"Nappe Beauvill\u00e9 R\u00e9cif coloris mer avec motif marin coraux et coquillages, table dress\u00e9e avec vaisselle et verre bleu dans une ambiance inspir\u00e9e des fonds marins.\" class=\"size-large\" \/><\/a><p class=\"wp-caption-text\">Tischdecke R\u00e9cif Farbe Mer \u2013 Fr\u00fchjahr-Sommer Kollektion 2026 Beauvill\u00e9, eine maritime Inspiration in T\u00fcrkis- und Korallt\u00f6nen.<\/p><\/div>\n<p data-start=\"1755\" data-end=\"1864\">Mit der Tischdecke <a href=\"https:\/\/www.beauville.com\/shop\/de\/tischdecke\/2340-tischdecke-recif.html#\/48-grobe-quadrat_170x170cm\/103-farben-meerblau\"><strong data-start=\"1774\" data-end=\"1783\">R\u00e9cif<\/strong><\/a> taucht Beauvill\u00e9 in eine Welt ein, die von den Tiefen des Meeres inspiriert ist.<\/p>\n<p data-start=\"1866\" data-end=\"2056\">Erh\u00e4ltlich in zwei Farbvarianten \u2013 <strong data-start=\"1901\" data-end=\"1911\">Corail<\/strong> und <strong data-start=\"1916\" data-end=\"1923\">Mer<\/strong> \u2013 zeigt dieses Design feine Motive von Korallen und Muscheln. Die aquatischen Farbt\u00f6ne bringen Frische und Modernit\u00e4t auf den Tisch.<\/p>\n<p data-start=\"2058\" data-end=\"2222\">Erg\u00e4nzt wird die Kollektion durch das <a href=\"https:\/\/www.beauville.com\/shop\/de\/geschirrtuecher\/2348-geschirrtuch-coquillages.html#\/322-grobe-50_x_80_cm\/34-farben-original\"><strong data-start=\"2096\" data-end=\"2124\">Geschirrtuch Coquillages<\/strong><\/a>, das perfekt zur Tischdecke R\u00e9cif passt und die maritime Inspiration auch in der K\u00fcche fortsetzt.<\/p>\n<h1 data-section-id=\"1tvy4p0\" data-start=\"2288\" data-end=\"2334\"><a href=\"https:\/\/www.beauville.com\/shop\/de\/tischdecke\/2335-tischdecke-rialto.html#\/119-farben-limette\/48-grobe-quadrat_170x170cm\">Rialto Citron Vert<\/a>: eine frische Neuinterpretation<\/h1>\n<div id=\"attachment_43849\" class=\"wp-caption aligncenter\" style=\"width:100%;max-width:732px\"><a href=\"https:\/\/www.beauville.com\/shop\/fr\/nappes\/2335-nappe-rialto.html#\/119-couleur-citron_vert\/48-taille-carree_170_x_170_cm\"><img decoding=\"async\" src=\"https:\/\/www.beauville.com\/wp-inside\/uploads\/2026\/03\/motif-rialto-coloris-citron-vert-732x282.jpg\" alt=\"Nappe Beauvill\u00e9 Rialto coloris citron vert sur une table dress\u00e9e avec verres et bougies, motif d\u00e9coratif \u00e9l\u00e9gant dans des tons jaunes et verts.\" class=\"size-large\" \/><\/a><p class=\"wp-caption-text\">Tischdecke Rialto Citron Vert \u2013 Fr\u00fchjahr-Sommer Kollektion 2026 Beauvill\u00e9, ein ikonisches Motiv in einer leuchtenden Farbe neu interpretiert.<\/p><\/div>\n<p data-start=\"2430\" data-end=\"2543\">Das ikonische Beauvill\u00e9-Motiv <a href=\"https:\/\/www.beauville.com\/shop\/de\/tischdecke\/2335-tischdecke-rialto.html#\/119-farben-limette\/48-grobe-quadrat_170x170cm\"><strong data-start=\"2460\" data-end=\"2470\">Rialto<\/strong><\/a> erscheint in dieser Saison in einer neuen Farbvariante: <strong data-start=\"2527\" data-end=\"2542\">Citron Vert<\/strong>.<\/p>\n<p data-start=\"2545\" data-end=\"2798\">Dieser leuchtende Farbton verleiht dem von klassischer Architektur und ornamentalen Dekoren inspirierten Muster eine sommerliche Frische. Der Kontrast zwischen dem reichen Dekor und der lebendigen Farbe schafft eine elegante und moderne Tischgestaltung.<\/p>\n<h1 data-section-id=\"1b272ia\" data-start=\"2695\" data-end=\"2737\"><a href=\"https:\/\/www.beauville.com\/shop\/de\/tischwaesche\/2330-tischdecke-topkapi.html#\/48-grobe-quadrat_170x170cm\/115-farben-abricot\">Topkapi Abricot:<\/a> W\u00e4rme und Raffinesse<\/h1>\n<div id=\"attachment_43853\" class=\"wp-caption aligncenter\" style=\"width:100%;max-width:732px\"><a href=\"https:\/\/www.beauville.com\/shop\/fr\/linge-de-table\/2330-nappe-topkapi.html#\/48-taille-carree_170_x_170_cm\/115-couleur-abricot\"><img decoding=\"async\" src=\"https:\/\/www.beauville.com\/wp-inside\/uploads\/2026\/03\/topkapi-coloris-abricot-732x412.jpg\" alt=\"Nappe Beauvill\u00e9 Topkapi coloris abricot sur une table ronde dress\u00e9e avec verres et fruits, motif d\u00e9coratif inspir\u00e9 des palais orientaux dans des tons orange et cr\u00e8me.\" class=\"size-large\" \/><\/a><p class=\"wp-caption-text\">Tischdecke Topkapi Abricot \u2013 Fr\u00fchjahr-Sommer Kollektion 2026 Beauvill\u00e9, ein raffiniertes Dekor mit orientalischen Inspirationen.<\/p><\/div>\n<p data-start=\"2980\" data-end=\"3083\">Die <a href=\"https:\/\/www.beauville.com\/shop\/de\/tischwaesche\/2330-tischdecke-topkapi.html#\/48-grobe-quadrat_170x170cm\/115-farben-abricot\">Tischdecke <strong data-start=\"2995\" data-end=\"3006\">Topkapi<\/strong><\/a> pr\u00e4sentiert sich in einer neuen Farbnuance: <strong data-start=\"3051\" data-end=\"3062\">Abricot<\/strong>, warm und strahlend.<\/p>\n<p data-start=\"3085\" data-end=\"3289\">Inspiriert von orientalischen Dekoren und den Pal\u00e4sten des Osmanischen Reiches entfaltet dieses reiche und raffinierte Motiv hier sonnige Farbt\u00f6ne, die an sommerliche Abende und festliche Tafeln erinnern.<\/p>\n<h1 data-section-id=\"thx41d\" data-start=\"3019\" data-end=\"3075\"><a href=\"https:\/\/www.beauville.com\/shop\/de\/77-neue-produkte\">Die Kalender-Geschirrt\u00fccher 2027<\/a>: eine Beauvill\u00e9-Tradition<\/h1>\n<div id=\"attachment_43857\" class=\"wp-caption aligncenter\" style=\"width:100%;max-width:732px\"><a href=\"https:\/\/www.beauville.com\/shop\/fr\/77-nouveautes\"><img decoding=\"async\" src=\"https:\/\/www.beauville.com\/wp-inside\/uploads\/2026\/03\/les-torchons-calendrier-2027-732x412.jpg\" alt=\"Torchons calendrier Beauvill\u00e9 2027 : mod\u00e8les Calendrier Alsace et La Cri\u00e9e illustr\u00e9s avec motifs traditionnels alsaciens et univers maritime.\" class=\"size-large\" \/><\/a><p class=\"wp-caption-text\">Kalender-Geschirrt\u00fccher 2027 Beauvill\u00e9: die Modelle Alsace und La Cri\u00e9e zwischen regionaler Tradition und maritimer Inspiration.<\/p><\/div>\n<p data-start=\"3492\" data-end=\"3596\">Jedes Jahr begeistern die <a href=\"https:\/\/www.beauville.com\/shop\/de\/77-neue-produkte\"><strong data-start=\"3518\" data-end=\"3555\">Beauvill\u00e9 Kalender-Geschirrt\u00fccher<\/strong><\/a> Liebhaber sch\u00f6ner Textilien und Sammler.<\/p>\n<p data-start=\"3598\" data-end=\"3653\">F\u00fcr <strong data-start=\"3602\" data-end=\"3610\">2027<\/strong> erg\u00e4nzen zwei neue Modelle die Kollektion:<\/p>\n<ul data-start=\"3655\" data-end=\"3836\">\n<li data-section-id=\"vnnc7f\" data-start=\"3655\" data-end=\"3751\">\n<p data-start=\"3657\" data-end=\"3751\"><a href=\"https:\/\/www.beauville.com\/shop\/de\/geschirrtuecher\/2347-geschirrtuch-kalender-alsace-2027.html\"><strong data-start=\"3657\" data-end=\"3681\">Kalender Alsace 2027<\/strong><\/a>, der els\u00e4ssische Traditionen und Trachten in den Mittelpunkt stellt<\/p>\n<\/li>\n<li data-section-id=\"t5dq3i\" data-start=\"3752\" data-end=\"3836\">\n<p data-start=\"3754\" data-end=\"3836\"><a href=\"https:\/\/www.beauville.com\/shop\/de\/geschirrtuecher\/2345-geschirrtuch-kalender-la-criee-2027.html\"><strong data-start=\"3754\" data-end=\"3780\">Kalender La Cri\u00e9e 2027<\/strong><\/a>, inspiriert von der Welt des Meeres und der Fischm\u00e4rkte<\/p>\n<\/li>\n<\/ul>\n<p data-start=\"3838\" data-end=\"3962\">Praktisch und dekorativ zugleich setzen diese Geschirrt\u00fccher eine emblematische textile Tradition des Hauses Beauvill\u00e9 fort.<\/p>\n<h1 data-section-id=\"4lyd06\" data-start=\"3969\" data-end=\"4046\">Beauvill\u00e9: einzigartiges textiles Know-how seit mehr als zwei Jahrhunderten<\/h1>\n<p data-start=\"4048\" data-end=\"4149\">Alle Beauvill\u00e9-Kreationen werden <strong data-start=\"4081\" data-end=\"4094\">im Elsass<\/strong>, in den historischen Werkst\u00e4tten des Hauses, gedruckt.<\/p>\n<p data-start=\"4151\" data-end=\"4366\">Jede Tischdecke entsteht durch einen sorgf\u00e4ltigen Prozess aus k\u00fcnstlerischer Gestaltung, Gravur und traditionellem Textildruck. Dieses seltene Know-how garantiert intensive Farben und eine au\u00dfergew\u00f6hnliche Qualit\u00e4t.<\/p>\n<p data-start=\"4368\" data-end=\"4507\">Seit mehr als zwei Jahrhunderten steht Beauvill\u00e9 f\u00fcr die Exzellenz <strong data-start=\"4435\" data-end=\"4477\">hochwertiger franz\u00f6sischer Tischw\u00e4sche<\/strong>, die weltweit gesch\u00e4tzt wird.<\/p>\n","protected":false},"excerpt":{"rendered":"<p>Neue Fr\u00fchjahr-Sommer Kollektion 2026 von Beauvill\u00e9: Tischkultur in Farbe Mit der neuen Fr\u00fchjahr-Sommer Kollektion 2026 feiert das Haus Beauvill\u00e9 die Kunst des Gastgebens und die Sch\u00f6nheit liebevoll gedeckter Tische. Zwischen [&hellip;]<\/p>\n","protected":false},"author":2,"featured_media":43826,"comment_status":"closed","ping_status":"closed","sticky":false,"template":"","format":"standard","meta":{"_acf_changed":false,"footnotes":""},"categories":[27,50],"tags":[],"class_list":["post-43863","post","type-post","status-publish","format-standard","has-post-thumbnail","hentry","category-blog","category-nachrichten","wp-sticky"],"acf":[],"yoast_head":"<!-- This site is optimized with the Yoast SEO plugin v27.4 - https:\/\/yoast.com\/product\/yoast-seo-wordpress\/ -->\n<title>Fr\u00fchjahr-Sommer 2026 Kollektion | Hochwertige Tischdecken von Beauvill\u00e9<\/title>\n<meta name=\"description\" content=\"Entdecken Sie die Fr\u00fchjahr-Sommer 2026 Kollektion von Beauvill\u00e9: hochwertige Tischdecken aus Frankreich und neue Kalender-Geschirrt\u00fccher 2027.\" \/>\n<meta name=\"robots\" content=\"index, follow, max-snippet:-1, max-image-preview:large, max-video-preview:-1\" \/>\n<link rel=\"canonical\" href=\"https:\/\/www.beauville.com\/de\/blog\/fruehjahr-sommer-2026-kollektion-hochwertige-tischdecken-von-beauville\/\" \/>\n<meta property=\"og:locale\" content=\"de_DE\" \/>\n<meta property=\"og:type\" content=\"article\" \/>\n<meta property=\"og:title\" content=\"Fr\u00fchjahr-Sommer 2026 Kollektion | Hochwertige Tischdecken von Beauvill\u00e9\" \/>\n<meta property=\"og:description\" content=\"Entdecken Sie die Fr\u00fchjahr-Sommer 2026 Kollektion von Beauvill\u00e9: hochwertige Tischdecken aus Frankreich und neue Kalender-Geschirrt\u00fccher 2027.\" \/>\n<meta property=\"og:url\" content=\"https:\/\/www.beauville.com\/de\/blog\/fruehjahr-sommer-2026-kollektion-hochwertige-tischdecken-von-beauville\/\" \/>\n<meta property=\"og:site_name\" content=\"Beauvill\u00e9\" \/>\n<meta property=\"article:publisher\" content=\"https:\/\/www.facebook.com\/beauville.createur\" \/>\n<meta property=\"article:published_time\" content=\"2026-03-11T09:20:04+00:00\" \/>\n<meta property=\"article:modified_time\" content=\"2026-03-11T12:49:44+00:00\" \/>\n<meta property=\"og:image\" content=\"https:\/\/www.beauville.com\/wp-inside\/uploads\/2026\/03\/banniere-facebook.jpg\" \/>\n\t<meta property=\"og:image:width\" content=\"1640\" \/>\n\t<meta property=\"og:image:height\" content=\"924\" \/>\n\t<meta property=\"og:image:type\" content=\"image\/jpeg\" \/>\n<meta name=\"author\" content=\"beauville-wp\" \/>\n<meta name=\"twitter:card\" content=\"summary_large_image\" \/>\n<meta name=\"twitter:label1\" content=\"Verfasst von\" \/>\n\t<meta name=\"twitter:data1\" content=\"beauville-wp\" \/>\n\t<meta name=\"twitter:label2\" content=\"Gesch\u00e4tzte Lesezeit\" \/>\n\t<meta name=\"twitter:data2\" content=\"3\u00a0Minuten\" \/>\n<script type=\"application\/ld+json\" class=\"yoast-schema-graph\">{\"@context\":\"https:\\\/\\\/schema.org\",\"@graph\":[{\"@type\":\"Article\",\"@id\":\"https:\\\/\\\/www.beauville.com\\\/de\\\/blog\\\/fruehjahr-sommer-2026-kollektion-hochwertige-tischdecken-von-beauville\\\/#article\",\"isPartOf\":{\"@id\":\"https:\\\/\\\/www.beauville.com\\\/de\\\/blog\\\/fruehjahr-sommer-2026-kollektion-hochwertige-tischdecken-von-beauville\\\/\"},\"author\":{\"name\":\"beauville-wp\",\"@id\":\"https:\\\/\\\/www.beauville.com\\\/de\\\/#\\\/schema\\\/person\\\/ad0fa64b93a81bc4df4f8d1fb221a594\"},\"headline\":\"Fr\u00fchjahr-Sommer 2026 Kollektion | Hochwertige Tischdecken von Beauvill\u00e9\",\"datePublished\":\"2026-03-11T09:20:04+00:00\",\"dateModified\":\"2026-03-11T12:49:44+00:00\",\"mainEntityOfPage\":{\"@id\":\"https:\\\/\\\/www.beauville.com\\\/de\\\/blog\\\/fruehjahr-sommer-2026-kollektion-hochwertige-tischdecken-von-beauville\\\/\"},\"wordCount\":623,\"publisher\":{\"@id\":\"https:\\\/\\\/www.beauville.com\\\/de\\\/#organization\"},\"image\":{\"@id\":\"https:\\\/\\\/www.beauville.com\\\/de\\\/blog\\\/fruehjahr-sommer-2026-kollektion-hochwertige-tischdecken-von-beauville\\\/#primaryimage\"},\"thumbnailUrl\":\"https:\\\/\\\/www.beauville.com\\\/wp-inside\\\/uploads\\\/2026\\\/03\\\/banniere-facebook.jpg\",\"articleSection\":[\"Blog\",\"Nachrichten\"],\"inLanguage\":\"de\"},{\"@type\":\"WebPage\",\"@id\":\"https:\\\/\\\/www.beauville.com\\\/de\\\/blog\\\/fruehjahr-sommer-2026-kollektion-hochwertige-tischdecken-von-beauville\\\/\",\"url\":\"https:\\\/\\\/www.beauville.com\\\/de\\\/blog\\\/fruehjahr-sommer-2026-kollektion-hochwertige-tischdecken-von-beauville\\\/\",\"name\":\"Fr\u00fchjahr-Sommer 2026 Kollektion | Hochwertige Tischdecken von Beauvill\u00e9\",\"isPartOf\":{\"@id\":\"https:\\\/\\\/www.beauville.com\\\/de\\\/#website\"},\"primaryImageOfPage\":{\"@id\":\"https:\\\/\\\/www.beauville.com\\\/de\\\/blog\\\/fruehjahr-sommer-2026-kollektion-hochwertige-tischdecken-von-beauville\\\/#primaryimage\"},\"image\":{\"@id\":\"https:\\\/\\\/www.beauville.com\\\/de\\\/blog\\\/fruehjahr-sommer-2026-kollektion-hochwertige-tischdecken-von-beauville\\\/#primaryimage\"},\"thumbnailUrl\":\"https:\\\/\\\/www.beauville.com\\\/wp-inside\\\/uploads\\\/2026\\\/03\\\/banniere-facebook.jpg\",\"datePublished\":\"2026-03-11T09:20:04+00:00\",\"dateModified\":\"2026-03-11T12:49:44+00:00\",\"description\":\"Entdecken Sie die Fr\u00fchjahr-Sommer 2026 Kollektion von Beauvill\u00e9: hochwertige Tischdecken aus Frankreich und neue Kalender-Geschirrt\u00fccher 2027.\",\"breadcrumb\":{\"@id\":\"https:\\\/\\\/www.beauville.com\\\/de\\\/blog\\\/fruehjahr-sommer-2026-kollektion-hochwertige-tischdecken-von-beauville\\\/#breadcrumb\"},\"inLanguage\":\"de\",\"potentialAction\":[{\"@type\":\"ReadAction\",\"target\":[\"https:\\\/\\\/www.beauville.com\\\/de\\\/blog\\\/fruehjahr-sommer-2026-kollektion-hochwertige-tischdecken-von-beauville\\\/\"]}]},{\"@type\":\"ImageObject\",\"inLanguage\":\"de\",\"@id\":\"https:\\\/\\\/www.beauville.com\\\/de\\\/blog\\\/fruehjahr-sommer-2026-kollektion-hochwertige-tischdecken-von-beauville\\\/#primaryimage\",\"url\":\"https:\\\/\\\/www.beauville.com\\\/wp-inside\\\/uploads\\\/2026\\\/03\\\/banniere-facebook.jpg\",\"contentUrl\":\"https:\\\/\\\/www.beauville.com\\\/wp-inside\\\/uploads\\\/2026\\\/03\\\/banniere-facebook.jpg\",\"width\":1640,\"height\":924},{\"@type\":\"BreadcrumbList\",\"@id\":\"https:\\\/\\\/www.beauville.com\\\/de\\\/blog\\\/fruehjahr-sommer-2026-kollektion-hochwertige-tischdecken-von-beauville\\\/#breadcrumb\",\"itemListElement\":[{\"@type\":\"ListItem\",\"position\":1,\"name\":\"Home\",\"item\":\"https:\\\/\\\/www.beauville.com\\\/de\\\/\"},{\"@type\":\"ListItem\",\"position\":2,\"name\":\"Blog\",\"item\":\"https:\\\/\\\/www.beauville.com\\\/de\\\/blog\\\/\"},{\"@type\":\"ListItem\",\"position\":3,\"name\":\"Fr\u00fchjahr-Sommer 2026 Kollektion | Hochwertige Tischdecken von Beauvill\u00e9\"}]},{\"@type\":\"WebSite\",\"@id\":\"https:\\\/\\\/www.beauville.com\\\/de\\\/#website\",\"url\":\"https:\\\/\\\/www.beauville.com\\\/de\\\/\",\"name\":\"Beauvill\u00e9\",\"description\":\"Creator by tradition\",\"publisher\":{\"@id\":\"https:\\\/\\\/www.beauville.com\\\/de\\\/#organization\"},\"potentialAction\":[{\"@type\":\"SearchAction\",\"target\":{\"@type\":\"EntryPoint\",\"urlTemplate\":\"https:\\\/\\\/www.beauville.com\\\/de\\\/?s={search_term_string}\"},\"query-input\":{\"@type\":\"PropertyValueSpecification\",\"valueRequired\":true,\"valueName\":\"search_term_string\"}}],\"inLanguage\":\"de\"},{\"@type\":\"Organization\",\"@id\":\"https:\\\/\\\/www.beauville.com\\\/de\\\/#organization\",\"name\":\"Beauvill\u00e9\",\"url\":\"https:\\\/\\\/www.beauville.com\\\/de\\\/\",\"logo\":{\"@type\":\"ImageObject\",\"inLanguage\":\"de\",\"@id\":\"https:\\\/\\\/www.beauville.com\\\/de\\\/#\\\/schema\\\/logo\\\/image\\\/\",\"url\":\"https:\\\/\\\/www.beauville.com\\\/wp-inside\\\/uploads\\\/2018\\\/10\\\/beauville-logo.png\",\"contentUrl\":\"https:\\\/\\\/www.beauville.com\\\/wp-inside\\\/uploads\\\/2018\\\/10\\\/beauville-logo.png\",\"width\":230,\"height\":90,\"caption\":\"Beauvill\u00e9\"},\"image\":{\"@id\":\"https:\\\/\\\/www.beauville.com\\\/de\\\/#\\\/schema\\\/logo\\\/image\\\/\"},\"sameAs\":[\"https:\\\/\\\/www.facebook.com\\\/beauville.createur\",\"https:\\\/\\\/www.instagram.com\\\/beauville.createur\\\/\",\"https:\\\/\\\/www.pinterest.fr\\\/beauvillecreateur\\\/_created\\\/\",\"https:\\\/\\\/www.youtube.com\\\/channel\\\/UCN1DiK6SUHdildYkanOBeeA\"]},{\"@type\":\"Person\",\"@id\":\"https:\\\/\\\/www.beauville.com\\\/de\\\/#\\\/schema\\\/person\\\/ad0fa64b93a81bc4df4f8d1fb221a594\",\"name\":\"beauville-wp\",\"image\":{\"@type\":\"ImageObject\",\"inLanguage\":\"de\",\"@id\":\"https:\\\/\\\/secure.gravatar.com\\\/avatar\\\/ccfc9cd9974f3b2f4684fd5d1c0698785ab3815db27e5b9be74337ccd429086e?s=96&d=mm&r=g\",\"url\":\"https:\\\/\\\/secure.gravatar.com\\\/avatar\\\/ccfc9cd9974f3b2f4684fd5d1c0698785ab3815db27e5b9be74337ccd429086e?s=96&d=mm&r=g\",\"contentUrl\":\"https:\\\/\\\/secure.gravatar.com\\\/avatar\\\/ccfc9cd9974f3b2f4684fd5d1c0698785ab3815db27e5b9be74337ccd429086e?s=96&d=mm&r=g\",\"caption\":\"beauville-wp\"}}]}<\/script>\n<!-- \/ Yoast SEO plugin. -->","yoast_head_json":{"title":"Fr\u00fchjahr-Sommer 2026 Kollektion | Hochwertige Tischdecken von Beauvill\u00e9","description":"Entdecken Sie die Fr\u00fchjahr-Sommer 2026 Kollektion von Beauvill\u00e9: hochwertige Tischdecken aus Frankreich und neue Kalender-Geschirrt\u00fccher 2027.","robots":{"index":"index","follow":"follow","max-snippet":"max-snippet:-1","max-image-preview":"max-image-preview:large","max-video-preview":"max-video-preview:-1"},"canonical":"https:\/\/www.beauville.com\/de\/blog\/fruehjahr-sommer-2026-kollektion-hochwertige-tischdecken-von-beauville\/","og_locale":"de_DE","og_type":"article","og_title":"Fr\u00fchjahr-Sommer 2026 Kollektion | Hochwertige Tischdecken von Beauvill\u00e9","og_description":"Entdecken Sie die Fr\u00fchjahr-Sommer 2026 Kollektion von Beauvill\u00e9: hochwertige Tischdecken aus Frankreich und neue Kalender-Geschirrt\u00fccher 2027.","og_url":"https:\/\/www.beauville.com\/de\/blog\/fruehjahr-sommer-2026-kollektion-hochwertige-tischdecken-von-beauville\/","og_site_name":"Beauvill\u00e9","article_publisher":"https:\/\/www.facebook.com\/beauville.createur","article_published_time":"2026-03-11T09:20:04+00:00","article_modified_time":"2026-03-11T12:49:44+00:00","og_image":[{"width":1640,"height":924,"url":"https:\/\/www.beauville.com\/wp-inside\/uploads\/2026\/03\/banniere-facebook.jpg","type":"image\/jpeg"}],"author":"beauville-wp","twitter_card":"summary_large_image","twitter_misc":{"Verfasst von":"beauville-wp","Gesch\u00e4tzte Lesezeit":"3\u00a0Minuten"},"schema":{"@context":"https:\/\/schema.org","@graph":[{"@type":"Article","@id":"https:\/\/www.beauville.com\/de\/blog\/fruehjahr-sommer-2026-kollektion-hochwertige-tischdecken-von-beauville\/#article","isPartOf":{"@id":"https:\/\/www.beauville.com\/de\/blog\/fruehjahr-sommer-2026-kollektion-hochwertige-tischdecken-von-beauville\/"},"author":{"name":"beauville-wp","@id":"https:\/\/www.beauville.com\/de\/#\/schema\/person\/ad0fa64b93a81bc4df4f8d1fb221a594"},"headline":"Fr\u00fchjahr-Sommer 2026 Kollektion | Hochwertige Tischdecken von Beauvill\u00e9","datePublished":"2026-03-11T09:20:04+00:00","dateModified":"2026-03-11T12:49:44+00:00","mainEntityOfPage":{"@id":"https:\/\/www.beauville.com\/de\/blog\/fruehjahr-sommer-2026-kollektion-hochwertige-tischdecken-von-beauville\/"},"wordCount":623,"publisher":{"@id":"https:\/\/www.beauville.com\/de\/#organization"},"image":{"@id":"https:\/\/www.beauville.com\/de\/blog\/fruehjahr-sommer-2026-kollektion-hochwertige-tischdecken-von-beauville\/#primaryimage"},"thumbnailUrl":"https:\/\/www.beauville.com\/wp-inside\/uploads\/2026\/03\/banniere-facebook.jpg","articleSection":["Blog","Nachrichten"],"inLanguage":"de"},{"@type":"WebPage","@id":"https:\/\/www.beauville.com\/de\/blog\/fruehjahr-sommer-2026-kollektion-hochwertige-tischdecken-von-beauville\/","url":"https:\/\/www.beauville.com\/de\/blog\/fruehjahr-sommer-2026-kollektion-hochwertige-tischdecken-von-beauville\/","name":"Fr\u00fchjahr-Sommer 2026 Kollektion | Hochwertige Tischdecken von Beauvill\u00e9","isPartOf":{"@id":"https:\/\/www.beauville.com\/de\/#website"},"primaryImageOfPage":{"@id":"https:\/\/www.beauville.com\/de\/blog\/fruehjahr-sommer-2026-kollektion-hochwertige-tischdecken-von-beauville\/#primaryimage"},"image":{"@id":"https:\/\/www.beauville.com\/de\/blog\/fruehjahr-sommer-2026-kollektion-hochwertige-tischdecken-von-beauville\/#primaryimage"},"thumbnailUrl":"https:\/\/www.beauville.com\/wp-inside\/uploads\/2026\/03\/banniere-facebook.jpg","datePublished":"2026-03-11T09:20:04+00:00","dateModified":"2026-03-11T12:49:44+00:00","description":"Entdecken Sie die Fr\u00fchjahr-Sommer 2026 Kollektion von Beauvill\u00e9: hochwertige Tischdecken aus Frankreich und neue Kalender-Geschirrt\u00fccher 2027.","breadcrumb":{"@id":"https:\/\/www.beauville.com\/de\/blog\/fruehjahr-sommer-2026-kollektion-hochwertige-tischdecken-von-beauville\/#breadcrumb"},"inLanguage":"de","potentialAction":[{"@type":"ReadAction","target":["https:\/\/www.beauville.com\/de\/blog\/fruehjahr-sommer-2026-kollektion-hochwertige-tischdecken-von-beauville\/"]}]},{"@type":"ImageObject","inLanguage":"de","@id":"https:\/\/www.beauville.com\/de\/blog\/fruehjahr-sommer-2026-kollektion-hochwertige-tischdecken-von-beauville\/#primaryimage","url":"https:\/\/www.beauville.com\/wp-inside\/uploads\/2026\/03\/banniere-facebook.jpg","contentUrl":"https:\/\/www.beauville.com\/wp-inside\/uploads\/2026\/03\/banniere-facebook.jpg","width":1640,"height":924},{"@type":"BreadcrumbList","@id":"https:\/\/www.beauville.com\/de\/blog\/fruehjahr-sommer-2026-kollektion-hochwertige-tischdecken-von-beauville\/#breadcrumb","itemListElement":[{"@type":"ListItem","position":1,"name":"Home","item":"https:\/\/www.beauville.com\/de\/"},{"@type":"ListItem","position":2,"name":"Blog","item":"https:\/\/www.beauville.com\/de\/blog\/"},{"@type":"ListItem","position":3,"name":"Fr\u00fchjahr-Sommer 2026 Kollektion | Hochwertige Tischdecken von Beauvill\u00e9"}]},{"@type":"WebSite","@id":"https:\/\/www.beauville.com\/de\/#website","url":"https:\/\/www.beauville.com\/de\/","name":"Beauvill\u00e9","description":"Creator by tradition","publisher":{"@id":"https:\/\/www.beauville.com\/de\/#organization"},"potentialAction":[{"@type":"SearchAction","target":{"@type":"EntryPoint","urlTemplate":"https:\/\/www.beauville.com\/de\/?s={search_term_string}"},"query-input":{"@type":"PropertyValueSpecification","valueRequired":true,"valueName":"search_term_string"}}],"inLanguage":"de"},{"@type":"Organization","@id":"https:\/\/www.beauville.com\/de\/#organization","name":"Beauvill\u00e9","url":"https:\/\/www.beauville.com\/de\/","logo":{"@type":"ImageObject","inLanguage":"de","@id":"https:\/\/www.beauville.com\/de\/#\/schema\/logo\/image\/","url":"https:\/\/www.beauville.com\/wp-inside\/uploads\/2018\/10\/beauville-logo.png","contentUrl":"https:\/\/www.beauville.com\/wp-inside\/uploads\/2018\/10\/beauville-logo.png","width":230,"height":90,"caption":"Beauvill\u00e9"},"image":{"@id":"https:\/\/www.beauville.com\/de\/#\/schema\/logo\/image\/"},"sameAs":["https:\/\/www.facebook.com\/beauville.createur","https:\/\/www.instagram.com\/beauville.createur\/","https:\/\/www.pinterest.fr\/beauvillecreateur\/_created\/","https:\/\/www.youtube.com\/channel\/UCN1DiK6SUHdildYkanOBeeA"]},{"@type":"Person","@id":"https:\/\/www.beauville.com\/de\/#\/schema\/person\/ad0fa64b93a81bc4df4f8d1fb221a594","name":"beauville-wp","image":{"@type":"ImageObject","inLanguage":"de","@id":"https:\/\/secure.gravatar.com\/avatar\/ccfc9cd9974f3b2f4684fd5d1c0698785ab3815db27e5b9be74337ccd429086e?s=96&d=mm&r=g","url":"https:\/\/secure.gravatar.com\/avatar\/ccfc9cd9974f3b2f4684fd5d1c0698785ab3815db27e5b9be74337ccd429086e?s=96&d=mm&r=g","contentUrl":"https:\/\/secure.gravatar.com\/avatar\/ccfc9cd9974f3b2f4684fd5d1c0698785ab3815db27e5b9be74337ccd429086e?s=96&d=mm&r=g","caption":"beauville-wp"}}]}},"_links":{"self":[{"href":"https:\/\/www.beauville.com\/de\/wp-json\/wp\/v2\/posts\/43863","targetHints":{"allow":["GET"]}}],"collection":[{"href":"https:\/\/www.beauville.com\/de\/wp-json\/wp\/v2\/posts"}],"about":[{"href":"https:\/\/www.beauville.com\/de\/wp-json\/wp\/v2\/types\/post"}],"author":[{"embeddable":true,"href":"https:\/\/www.beauville.com\/de\/wp-json\/wp\/v2\/users\/2"}],"replies":[{"embeddable":true,"href":"https:\/\/www.beauville.com\/de\/wp-json\/wp\/v2\/comments?post=43863"}],"version-history":[{"count":3,"href":"https:\/\/www.beauville.com\/de\/wp-json\/wp\/v2\/posts\/43863\/revisions"}],"predecessor-version":[{"id":43869,"href":"https:\/\/www.beauville.com\/de\/wp-json\/wp\/v2\/posts\/43863\/revisions\/43869"}],"wp:featuredmedia":[{"embeddable":true,"href":"https:\/\/www.beauville.com\/de\/wp-json\/wp\/v2\/media\/43826"}],"wp:attachment":[{"href":"https:\/\/www.beauville.com\/de\/wp-json\/wp\/v2\/media?parent=43863"}],"wp:term":[{"taxonomy":"category","embeddable":true,"href":"https:\/\/www.beauville.com\/de\/wp-json\/wp\/v2\/categories?post=43863"},{"taxonomy":"post_tag","embeddable":true,"href":"https:\/\/www.beauville.com\/de\/wp-json\/wp\/v2\/tags?post=43863"}],"curies":[{"name":"wp","href":"https:\/\/api.w.org\/{rel}","templated":true}]}}