{"id":38080,"date":"2025-12-11T09:34:12","date_gmt":"2025-12-11T08:34:12","guid":{"rendered":"https:\/\/www.beauville.com\/blog\/le-marche-de-noel-de-ribeauville\/"},"modified":"2025-12-11T09:36:40","modified_gmt":"2025-12-11T08:36:40","slug":"the-ribeauville-christmas-market","status":"publish","type":"post","link":"https:\/\/www.beauville.com\/en\/blog\/the-ribeauville-christmas-market\/","title":{"rendered":"The Ribeauvill\u00e9 Christmas Market"},"content":{"rendered":"<p><img decoding=\"async\" src=\"https:\/\/www.beauville.com\/wp-inside\/uploads\/2025\/12\/29-780x301.jpg\" alt=\"Deux sapins en tissus en motif Topkapi Rouge avec deux noeuds en Topkapi \u00e9meraude. Cr\u00e9ation pour la d\u00e9coration du march\u00e9 de No\u00ebl de Ribeauvill\u00e9.\" class=\"size-w780 aligncenter\" \/><\/p>\n<p data-start=\"185\" data-end=\"427\">This year, the Ribeauvill\u00e9 Christmas Market shines even brighter thanks to Beauvill\u00e9\u2019s touch. We had the pleasure of creating unique decorative elements, specially designed for the event, bringing our craftsmanship to the heart of the town.<\/p>\n<h2 data-start=\"429\" data-end=\"486\">The art of detail in the service of Christmas magic<\/h2>\n<p data-start=\"488\" data-end=\"856\">In our Ribeauvill\u00e9 workshops, two majestic <strong data-start=\"531\" data-end=\"555\">six-meter-tall trees<\/strong> were entirely adorned with <strong data-start=\"583\" data-end=\"611\">two-meter oversized bows<\/strong>, crafted from our iconic <strong data-start=\"637\" data-end=\"655\">Topkapi fabric<\/strong>.<br data-start=\"656\" data-end=\"659\" \/>A total of <strong data-start=\"670\" data-end=\"710\">60 meters of this exceptional fabric<\/strong> was required to bring these monumental creations to life, each piece printed by hand using our traditional flat\u2011bed screen printing techniques.<\/p>\n<p data-start=\"858\" data-end=\"1075\">Every bow, every fold reflects the attention to detail and elegance that define Beauvill\u00e9. These monumental pieces are more than decoration: they embody refinement, precision, and the artisanal beauty of our maison.<\/p>\n<p data-start=\"1021\" data-end=\"1266\"><img decoding=\"async\" src=\"https:\/\/www.beauville.com\/wp-inside\/uploads\/2025\/12\/30-780x301.jpg\" alt=\"\u00e0 gauche la maisonnette entour\u00e9e des deux sapins en tissus sign\u00e9 Beauvill\u00e9. \u00e0 droite la maisonnette avec l'\u00e9norme noeud en tissu en Topkapi rouge pour le March\u00e9 de No\u00ebl de Ribeauvill\u00e9.\" class=\"size-w780 aligncenter\" \/><\/p>\n<h2 data-start=\"1077\" data-end=\"1109\">Meaningful collaboration<\/h2>\n<p data-start=\"1111\" data-end=\"1385\">We warmly thank the <strong data-start=\"1131\" data-end=\"1163\">City of Ribeauvill\u00e9 \u2013 Alsace<\/strong> for their trust and this valuable collaboration. Seeing our craftsmanship showcased at the Christmas market is a true honor and a unique opportunity to share our passion for traditional textile printing with the public.<\/p>\n<h2 data-start=\"1387\" data-end=\"1413\">Experience Beauvill\u00e9<\/h2>\n<p data-start=\"1415\" data-end=\"1783\">Join us at the Ribeauvill\u00e9 Christmas Market on <strong data-start=\"1462\" data-end=\"1490\">December 13 and 14, 2025<\/strong>, and let yourself be enchanted by the magic of our creations.<br data-start=\"1552\" data-end=\"1555\" \/>To extend the experience, our <strong data-start=\"1585\" data-end=\"1609\">Ribeauvill\u00e9 boutique<\/strong> is open throughout the season, inviting you to explore our collections and prepare your gifts <strong data-start=\"1704\" data-end=\"1727\">100% made in France<\/strong>, synonymous with elegance and timeless festive charm.<\/p>\n<p data-start=\"1657\" data-end=\"2036\"><img decoding=\"async\" src=\"https:\/\/www.beauville.com\/wp-inside\/uploads\/2025\/12\/31-780x301.jpg\" alt=\"Tissus \u00e0 la vente pour le march\u00e9 de No\u00ebl de Ribeauvill\u00e9. Tissus sign\u00e9s Beauvill\u00e9 100% Made In France.\" class=\"size-w780 aligncenter\" \/><\/p>\n","protected":false},"excerpt":{"rendered":"<p>This year, the Ribeauvill\u00e9 Christmas Market shines even brighter thanks to Beauvill\u00e9\u2019s touch. We had the pleasure of creating unique decorative elements, specially designed for the event, bringing our craftsmanship [&hellip;]<\/p>\n","protected":false},"author":2,"featured_media":38076,"comment_status":"closed","ping_status":"closed","sticky":false,"template":"","format":"standard","meta":{"_acf_changed":false,"footnotes":""},"categories":[3,34,51],"tags":[],"class_list":["post-38080","post","type-post","status-publish","format-standard","has-post-thumbnail","hentry","category-blog","category-christmas-new-year","category-news","wp-sticky"],"acf":[],"yoast_head":"<!-- This site is optimized with the Yoast SEO plugin v27.5 - https:\/\/yoast.com\/product\/yoast-seo-wordpress\/ -->\n<title>The Ribeauvill\u00e9 Christmas Market<\/title>\n<meta name=\"description\" content=\"Experience the magic of the Ribeauvill\u00e9 Christmas Market on December 13 and 14, 2025 with Beauvill\u00e9: two monumental trees adorned with our Topkapi fabric bows, showcasing French artisanal craftsmanship for elegant and refined festive celebrations.\" \/>\n<meta name=\"robots\" content=\"index, follow, max-snippet:-1, max-image-preview:large, max-video-preview:-1\" \/>\n<link rel=\"canonical\" href=\"https:\/\/www.beauville.com\/en\/blog\/the-ribeauville-christmas-market\/\" \/>\n<meta property=\"og:locale\" content=\"en_US\" \/>\n<meta property=\"og:type\" content=\"article\" \/>\n<meta property=\"og:title\" content=\"The Ribeauvill\u00e9 Christmas Market\" \/>\n<meta property=\"og:description\" content=\"Experience the magic of the Ribeauvill\u00e9 Christmas Market on December 13 and 14, 2025 with Beauvill\u00e9: two monumental trees adorned with our Topkapi fabric bows, showcasing French artisanal craftsmanship for elegant and refined festive celebrations.\" \/>\n<meta property=\"og:url\" content=\"https:\/\/www.beauville.com\/en\/blog\/the-ribeauville-christmas-market\/\" \/>\n<meta property=\"og:site_name\" content=\"Beauvill\u00e9\" \/>\n<meta property=\"article:publisher\" content=\"https:\/\/www.facebook.com\/beauville.createur\" \/>\n<meta property=\"article:published_time\" content=\"2025-12-11T08:34:12+00:00\" \/>\n<meta property=\"article:modified_time\" content=\"2025-12-11T08:36:40+00:00\" \/>\n<meta property=\"og:image\" content=\"https:\/\/www.beauville.com\/wp-inside\/uploads\/2025\/12\/2.jpg\" \/>\n\t<meta property=\"og:image:width\" content=\"1080\" \/>\n\t<meta property=\"og:image:height\" content=\"1350\" \/>\n\t<meta property=\"og:image:type\" content=\"image\/jpeg\" \/>\n<meta name=\"author\" content=\"beauville-wp\" \/>\n<meta name=\"twitter:card\" content=\"summary_large_image\" \/>\n<meta name=\"twitter:label1\" content=\"Written by\" \/>\n\t<meta name=\"twitter:data1\" content=\"beauville-wp\" \/>\n\t<meta name=\"twitter:label2\" content=\"Est. reading time\" \/>\n\t<meta name=\"twitter:data2\" content=\"1 minute\" \/>\n<script type=\"application\/ld+json\" class=\"yoast-schema-graph\">{\"@context\":\"https:\\\/\\\/schema.org\",\"@graph\":[{\"@type\":\"Article\",\"@id\":\"https:\\\/\\\/www.beauville.com\\\/en\\\/blog\\\/the-ribeauville-christmas-market\\\/#article\",\"isPartOf\":{\"@id\":\"https:\\\/\\\/www.beauville.com\\\/en\\\/blog\\\/the-ribeauville-christmas-market\\\/\"},\"author\":{\"name\":\"beauville-wp\",\"@id\":\"https:\\\/\\\/www.beauville.com\\\/en\\\/#\\\/schema\\\/person\\\/ad0fa64b93a81bc4df4f8d1fb221a594\"},\"headline\":\"The Ribeauvill\u00e9 Christmas Market\",\"datePublished\":\"2025-12-11T08:34:12+00:00\",\"dateModified\":\"2025-12-11T08:36:40+00:00\",\"mainEntityOfPage\":{\"@id\":\"https:\\\/\\\/www.beauville.com\\\/en\\\/blog\\\/the-ribeauville-christmas-market\\\/\"},\"wordCount\":233,\"publisher\":{\"@id\":\"https:\\\/\\\/www.beauville.com\\\/en\\\/#organization\"},\"image\":{\"@id\":\"https:\\\/\\\/www.beauville.com\\\/en\\\/blog\\\/the-ribeauville-christmas-market\\\/#primaryimage\"},\"thumbnailUrl\":\"https:\\\/\\\/www.beauville.com\\\/wp-inside\\\/uploads\\\/2025\\\/12\\\/2.jpg\",\"articleSection\":[\"Blog\",\"Christmas &amp; New Year\",\"News\"],\"inLanguage\":\"en-US\"},{\"@type\":\"WebPage\",\"@id\":\"https:\\\/\\\/www.beauville.com\\\/en\\\/blog\\\/the-ribeauville-christmas-market\\\/\",\"url\":\"https:\\\/\\\/www.beauville.com\\\/en\\\/blog\\\/the-ribeauville-christmas-market\\\/\",\"name\":\"The Ribeauvill\u00e9 Christmas Market\",\"isPartOf\":{\"@id\":\"https:\\\/\\\/www.beauville.com\\\/en\\\/#website\"},\"primaryImageOfPage\":{\"@id\":\"https:\\\/\\\/www.beauville.com\\\/en\\\/blog\\\/the-ribeauville-christmas-market\\\/#primaryimage\"},\"image\":{\"@id\":\"https:\\\/\\\/www.beauville.com\\\/en\\\/blog\\\/the-ribeauville-christmas-market\\\/#primaryimage\"},\"thumbnailUrl\":\"https:\\\/\\\/www.beauville.com\\\/wp-inside\\\/uploads\\\/2025\\\/12\\\/2.jpg\",\"datePublished\":\"2025-12-11T08:34:12+00:00\",\"dateModified\":\"2025-12-11T08:36:40+00:00\",\"description\":\"Experience the magic of the Ribeauvill\u00e9 Christmas Market on December 13 and 14, 2025 with Beauvill\u00e9: two monumental trees adorned with our Topkapi fabric bows, showcasing French artisanal craftsmanship for elegant and refined festive celebrations.\",\"breadcrumb\":{\"@id\":\"https:\\\/\\\/www.beauville.com\\\/en\\\/blog\\\/the-ribeauville-christmas-market\\\/#breadcrumb\"},\"inLanguage\":\"en-US\",\"potentialAction\":[{\"@type\":\"ReadAction\",\"target\":[\"https:\\\/\\\/www.beauville.com\\\/en\\\/blog\\\/the-ribeauville-christmas-market\\\/\"]}]},{\"@type\":\"ImageObject\",\"inLanguage\":\"en-US\",\"@id\":\"https:\\\/\\\/www.beauville.com\\\/en\\\/blog\\\/the-ribeauville-christmas-market\\\/#primaryimage\",\"url\":\"https:\\\/\\\/www.beauville.com\\\/wp-inside\\\/uploads\\\/2025\\\/12\\\/2.jpg\",\"contentUrl\":\"https:\\\/\\\/www.beauville.com\\\/wp-inside\\\/uploads\\\/2025\\\/12\\\/2.jpg\",\"width\":1080,\"height\":1350},{\"@type\":\"BreadcrumbList\",\"@id\":\"https:\\\/\\\/www.beauville.com\\\/en\\\/blog\\\/the-ribeauville-christmas-market\\\/#breadcrumb\",\"itemListElement\":[{\"@type\":\"ListItem\",\"position\":1,\"name\":\"Home\",\"item\":\"https:\\\/\\\/www.beauville.com\\\/en\\\/\"},{\"@type\":\"ListItem\",\"position\":2,\"name\":\"Blog\",\"item\":\"https:\\\/\\\/www.beauville.com\\\/en\\\/blog\\\/\"},{\"@type\":\"ListItem\",\"position\":3,\"name\":\"The Ribeauvill\u00e9 Christmas Market\"}]},{\"@type\":\"WebSite\",\"@id\":\"https:\\\/\\\/www.beauville.com\\\/en\\\/#website\",\"url\":\"https:\\\/\\\/www.beauville.com\\\/en\\\/\",\"name\":\"Beauvill\u00e9\",\"description\":\"Creator by tradition\",\"publisher\":{\"@id\":\"https:\\\/\\\/www.beauville.com\\\/en\\\/#organization\"},\"potentialAction\":[{\"@type\":\"SearchAction\",\"target\":{\"@type\":\"EntryPoint\",\"urlTemplate\":\"https:\\\/\\\/www.beauville.com\\\/en\\\/?s={search_term_string}\"},\"query-input\":{\"@type\":\"PropertyValueSpecification\",\"valueRequired\":true,\"valueName\":\"search_term_string\"}}],\"inLanguage\":\"en-US\"},{\"@type\":\"Organization\",\"@id\":\"https:\\\/\\\/www.beauville.com\\\/en\\\/#organization\",\"name\":\"Beauvill\u00e9\",\"url\":\"https:\\\/\\\/www.beauville.com\\\/en\\\/\",\"logo\":{\"@type\":\"ImageObject\",\"inLanguage\":\"en-US\",\"@id\":\"https:\\\/\\\/www.beauville.com\\\/en\\\/#\\\/schema\\\/logo\\\/image\\\/\",\"url\":\"https:\\\/\\\/www.beauville.com\\\/wp-inside\\\/uploads\\\/2018\\\/10\\\/beauville-logo.png\",\"contentUrl\":\"https:\\\/\\\/www.beauville.com\\\/wp-inside\\\/uploads\\\/2018\\\/10\\\/beauville-logo.png\",\"width\":230,\"height\":90,\"caption\":\"Beauvill\u00e9\"},\"image\":{\"@id\":\"https:\\\/\\\/www.beauville.com\\\/en\\\/#\\\/schema\\\/logo\\\/image\\\/\"},\"sameAs\":[\"https:\\\/\\\/www.facebook.com\\\/beauville.createur\",\"https:\\\/\\\/www.instagram.com\\\/beauville.createur\\\/\",\"https:\\\/\\\/www.pinterest.fr\\\/beauvillecreateur\\\/_created\\\/\",\"https:\\\/\\\/www.youtube.com\\\/channel\\\/UCN1DiK6SUHdildYkanOBeeA\"]},{\"@type\":\"Person\",\"@id\":\"https:\\\/\\\/www.beauville.com\\\/en\\\/#\\\/schema\\\/person\\\/ad0fa64b93a81bc4df4f8d1fb221a594\",\"name\":\"beauville-wp\",\"image\":{\"@type\":\"ImageObject\",\"inLanguage\":\"en-US\",\"@id\":\"https:\\\/\\\/secure.gravatar.com\\\/avatar\\\/ccfc9cd9974f3b2f4684fd5d1c0698785ab3815db27e5b9be74337ccd429086e?s=96&d=mm&r=g\",\"url\":\"https:\\\/\\\/secure.gravatar.com\\\/avatar\\\/ccfc9cd9974f3b2f4684fd5d1c0698785ab3815db27e5b9be74337ccd429086e?s=96&d=mm&r=g\",\"contentUrl\":\"https:\\\/\\\/secure.gravatar.com\\\/avatar\\\/ccfc9cd9974f3b2f4684fd5d1c0698785ab3815db27e5b9be74337ccd429086e?s=96&d=mm&r=g\",\"caption\":\"beauville-wp\"}}]}<\/script>\n<!-- \/ Yoast SEO plugin. -->","yoast_head_json":{"title":"The Ribeauvill\u00e9 Christmas Market","description":"Experience the magic of the Ribeauvill\u00e9 Christmas Market on December 13 and 14, 2025 with Beauvill\u00e9: two monumental trees adorned with our Topkapi fabric bows, showcasing French artisanal craftsmanship for elegant and refined festive celebrations.","robots":{"index":"index","follow":"follow","max-snippet":"max-snippet:-1","max-image-preview":"max-image-preview:large","max-video-preview":"max-video-preview:-1"},"canonical":"https:\/\/www.beauville.com\/en\/blog\/the-ribeauville-christmas-market\/","og_locale":"en_US","og_type":"article","og_title":"The Ribeauvill\u00e9 Christmas Market","og_description":"Experience the magic of the Ribeauvill\u00e9 Christmas Market on December 13 and 14, 2025 with Beauvill\u00e9: two monumental trees adorned with our Topkapi fabric bows, showcasing French artisanal craftsmanship for elegant and refined festive celebrations.","og_url":"https:\/\/www.beauville.com\/en\/blog\/the-ribeauville-christmas-market\/","og_site_name":"Beauvill\u00e9","article_publisher":"https:\/\/www.facebook.com\/beauville.createur","article_published_time":"2025-12-11T08:34:12+00:00","article_modified_time":"2025-12-11T08:36:40+00:00","og_image":[{"width":1080,"height":1350,"url":"https:\/\/www.beauville.com\/wp-inside\/uploads\/2025\/12\/2.jpg","type":"image\/jpeg"}],"author":"beauville-wp","twitter_card":"summary_large_image","twitter_misc":{"Written by":"beauville-wp","Est. reading time":"1 minute"},"schema":{"@context":"https:\/\/schema.org","@graph":[{"@type":"Article","@id":"https:\/\/www.beauville.com\/en\/blog\/the-ribeauville-christmas-market\/#article","isPartOf":{"@id":"https:\/\/www.beauville.com\/en\/blog\/the-ribeauville-christmas-market\/"},"author":{"name":"beauville-wp","@id":"https:\/\/www.beauville.com\/en\/#\/schema\/person\/ad0fa64b93a81bc4df4f8d1fb221a594"},"headline":"The Ribeauvill\u00e9 Christmas Market","datePublished":"2025-12-11T08:34:12+00:00","dateModified":"2025-12-11T08:36:40+00:00","mainEntityOfPage":{"@id":"https:\/\/www.beauville.com\/en\/blog\/the-ribeauville-christmas-market\/"},"wordCount":233,"publisher":{"@id":"https:\/\/www.beauville.com\/en\/#organization"},"image":{"@id":"https:\/\/www.beauville.com\/en\/blog\/the-ribeauville-christmas-market\/#primaryimage"},"thumbnailUrl":"https:\/\/www.beauville.com\/wp-inside\/uploads\/2025\/12\/2.jpg","articleSection":["Blog","Christmas &amp; New Year","News"],"inLanguage":"en-US"},{"@type":"WebPage","@id":"https:\/\/www.beauville.com\/en\/blog\/the-ribeauville-christmas-market\/","url":"https:\/\/www.beauville.com\/en\/blog\/the-ribeauville-christmas-market\/","name":"The Ribeauvill\u00e9 Christmas Market","isPartOf":{"@id":"https:\/\/www.beauville.com\/en\/#website"},"primaryImageOfPage":{"@id":"https:\/\/www.beauville.com\/en\/blog\/the-ribeauville-christmas-market\/#primaryimage"},"image":{"@id":"https:\/\/www.beauville.com\/en\/blog\/the-ribeauville-christmas-market\/#primaryimage"},"thumbnailUrl":"https:\/\/www.beauville.com\/wp-inside\/uploads\/2025\/12\/2.jpg","datePublished":"2025-12-11T08:34:12+00:00","dateModified":"2025-12-11T08:36:40+00:00","description":"Experience the magic of the Ribeauvill\u00e9 Christmas Market on December 13 and 14, 2025 with Beauvill\u00e9: two monumental trees adorned with our Topkapi fabric bows, showcasing French artisanal craftsmanship for elegant and refined festive celebrations.","breadcrumb":{"@id":"https:\/\/www.beauville.com\/en\/blog\/the-ribeauville-christmas-market\/#breadcrumb"},"inLanguage":"en-US","potentialAction":[{"@type":"ReadAction","target":["https:\/\/www.beauville.com\/en\/blog\/the-ribeauville-christmas-market\/"]}]},{"@type":"ImageObject","inLanguage":"en-US","@id":"https:\/\/www.beauville.com\/en\/blog\/the-ribeauville-christmas-market\/#primaryimage","url":"https:\/\/www.beauville.com\/wp-inside\/uploads\/2025\/12\/2.jpg","contentUrl":"https:\/\/www.beauville.com\/wp-inside\/uploads\/2025\/12\/2.jpg","width":1080,"height":1350},{"@type":"BreadcrumbList","@id":"https:\/\/www.beauville.com\/en\/blog\/the-ribeauville-christmas-market\/#breadcrumb","itemListElement":[{"@type":"ListItem","position":1,"name":"Home","item":"https:\/\/www.beauville.com\/en\/"},{"@type":"ListItem","position":2,"name":"Blog","item":"https:\/\/www.beauville.com\/en\/blog\/"},{"@type":"ListItem","position":3,"name":"The Ribeauvill\u00e9 Christmas Market"}]},{"@type":"WebSite","@id":"https:\/\/www.beauville.com\/en\/#website","url":"https:\/\/www.beauville.com\/en\/","name":"Beauvill\u00e9","description":"Creator by tradition","publisher":{"@id":"https:\/\/www.beauville.com\/en\/#organization"},"potentialAction":[{"@type":"SearchAction","target":{"@type":"EntryPoint","urlTemplate":"https:\/\/www.beauville.com\/en\/?s={search_term_string}"},"query-input":{"@type":"PropertyValueSpecification","valueRequired":true,"valueName":"search_term_string"}}],"inLanguage":"en-US"},{"@type":"Organization","@id":"https:\/\/www.beauville.com\/en\/#organization","name":"Beauvill\u00e9","url":"https:\/\/www.beauville.com\/en\/","logo":{"@type":"ImageObject","inLanguage":"en-US","@id":"https:\/\/www.beauville.com\/en\/#\/schema\/logo\/image\/","url":"https:\/\/www.beauville.com\/wp-inside\/uploads\/2018\/10\/beauville-logo.png","contentUrl":"https:\/\/www.beauville.com\/wp-inside\/uploads\/2018\/10\/beauville-logo.png","width":230,"height":90,"caption":"Beauvill\u00e9"},"image":{"@id":"https:\/\/www.beauville.com\/en\/#\/schema\/logo\/image\/"},"sameAs":["https:\/\/www.facebook.com\/beauville.createur","https:\/\/www.instagram.com\/beauville.createur\/","https:\/\/www.pinterest.fr\/beauvillecreateur\/_created\/","https:\/\/www.youtube.com\/channel\/UCN1DiK6SUHdildYkanOBeeA"]},{"@type":"Person","@id":"https:\/\/www.beauville.com\/en\/#\/schema\/person\/ad0fa64b93a81bc4df4f8d1fb221a594","name":"beauville-wp","image":{"@type":"ImageObject","inLanguage":"en-US","@id":"https:\/\/secure.gravatar.com\/avatar\/ccfc9cd9974f3b2f4684fd5d1c0698785ab3815db27e5b9be74337ccd429086e?s=96&d=mm&r=g","url":"https:\/\/secure.gravatar.com\/avatar\/ccfc9cd9974f3b2f4684fd5d1c0698785ab3815db27e5b9be74337ccd429086e?s=96&d=mm&r=g","contentUrl":"https:\/\/secure.gravatar.com\/avatar\/ccfc9cd9974f3b2f4684fd5d1c0698785ab3815db27e5b9be74337ccd429086e?s=96&d=mm&r=g","caption":"beauville-wp"}}]}},"_links":{"self":[{"href":"https:\/\/www.beauville.com\/en\/wp-json\/wp\/v2\/posts\/38080","targetHints":{"allow":["GET"]}}],"collection":[{"href":"https:\/\/www.beauville.com\/en\/wp-json\/wp\/v2\/posts"}],"about":[{"href":"https:\/\/www.beauville.com\/en\/wp-json\/wp\/v2\/types\/post"}],"author":[{"embeddable":true,"href":"https:\/\/www.beauville.com\/en\/wp-json\/wp\/v2\/users\/2"}],"replies":[{"embeddable":true,"href":"https:\/\/www.beauville.com\/en\/wp-json\/wp\/v2\/comments?post=38080"}],"version-history":[{"count":2,"href":"https:\/\/www.beauville.com\/en\/wp-json\/wp\/v2\/posts\/38080\/revisions"}],"predecessor-version":[{"id":38084,"href":"https:\/\/www.beauville.com\/en\/wp-json\/wp\/v2\/posts\/38080\/revisions\/38084"}],"wp:featuredmedia":[{"embeddable":true,"href":"https:\/\/www.beauville.com\/en\/wp-json\/wp\/v2\/media\/38076"}],"wp:attachment":[{"href":"https:\/\/www.beauville.com\/en\/wp-json\/wp\/v2\/media?parent=38080"}],"wp:term":[{"taxonomy":"category","embeddable":true,"href":"https:\/\/www.beauville.com\/en\/wp-json\/wp\/v2\/categories?post=38080"},{"taxonomy":"post_tag","embeddable":true,"href":"https:\/\/www.beauville.com\/en\/wp-json\/wp\/v2\/tags?post=38080"}],"curies":[{"name":"wp","href":"https:\/\/api.w.org\/{rel}","templated":true}]}}