{"id":32514,"date":"2025-02-13T12:07:10","date_gmt":"2025-02-13T11:07:10","guid":{"rendered":"https:\/\/www.beauville.com\/senza-categoria\/beauville-unveils-its-spring-summer-2025-collection-an-explosion-of-colour-and-refinement\/"},"modified":"2025-05-12T10:29:43","modified_gmt":"2025-05-12T08:29:43","slug":"beauville-svela-la-sua-collezione-primavera-estate-2025-unesplosione-di-colore-e-raffinatezza","status":"publish","type":"post","link":"https:\/\/www.beauville.com\/it\/blog\/beauville-svela-la-sua-collezione-primavera-estate-2025-unesplosione-di-colore-e-raffinatezza\/","title":{"rendered":"Beauvill\u00e9 svela la sua collezione Primavera\/Estate 2025: un&#8217;esplosione di colore e raffinatezza."},"content":{"rendered":"<p data-start=\"53\" data-end=\"364\">Con l&#8217;arrivo della stagione pi\u00f9 calda, Beauvill\u00e9 celebra il rinnovamento con una collezione Primavera\/Estate 2025 all&#8217;insegna dell&#8217;eleganza e della freschezza. Con nuovi motivi ispiratori e audaci colori, questa stagione promette di incantare i vostri interni e le vostre tavole con una raffinatezza senza pari.<\/p>\n<h2 data-start=\"366\" data-end=\"417\"><strong data-start=\"366\" data-end=\"417\">Nuovi motivi impregnati di poesia ed esoticismo<\/strong><a href=\"https:\/\/www.beauville.com\/shop\/fr\/nouveautes\/2122-nappe-parfum-d-orient.html#\/130-couleur-azur\/48-taille-carree_170_x_170_cm\"><img decoding=\"async\" src=\"https:\/\/www.beauville.com\/wp-inside\/uploads\/2025\/02\/2.jpg\" class=\"alignnone size-full\" \/><\/a><\/h2>\n<p data-start=\"419\" data-end=\"474\">Quest&#8217;anno, Beauvill\u00e9 svela due esclusivi nuovi motivi:<\/p>\n<p data-start=\"476\" data-end=\"697\">&#x1f33a; <strong data-start=\"479\" data-end=\"498\">Parfum d&#8217;Orient<\/strong>: Un viaggio sensoriale attraverso i giardini dell&#8217;Oriente, dove delicate arabeschi e profumi inebrianti si mescolano. Questo motivo invita alla fuga e trasforma ogni pasto in una raffinata evasione.<\/p>\n<p data-start=\"699\" data-end=\"864\">&#x1f338; <strong data-start=\"702\" data-end=\"719\">Poppy Flowers<\/strong>: Ispirato ai campi di papaveri in piena fioritura, questo design delicato e romantico porta un tocco di natura e dolcezza al vostro arredamento.<\/p>\n<p><a href=\"https:\/\/www.beauville.com\/shop\/fr\/nouveautes\/2124-nappe-fleurs-de-pavot.html#\/20-couleur-rouge\/48-taille-carree_170_x_170_cm\"><img decoding=\"async\" src=\"https:\/\/www.beauville.com\/wp-inside\/uploads\/2025\/02\/3.jpg\" class=\"alignnone size-full\" \/><\/a><\/p>\n<h2 data-start=\"866\" data-end=\"925\"><strong data-start=\"866\" data-end=\"925\">Una palette di colori rivisitata per un&#8217;estate luminosa<\/strong><\/h2>\n<p data-start=\"927\" data-end=\"1008\">Beauvill\u00e9 rivisitando anche i suoi motivi iconici con sfumature moderne e vivaci:<\/p>\n<p data-start=\"1010\" data-end=\"1126\">&#x1f3a8; <strong data-start=\"1013\" data-end=\"1027\">Darjeeling<\/strong>, ora disponibile in tre nuove tonalit\u00e0: Ocean, Magenta e Yellow, per un&#8217;atmosfera chic e dinamica.<\/p>\n<p><img decoding=\"async\" src=\"https:\/\/www.beauville.com\/wp-inside\/uploads\/2025\/02\/1-1.jpg\" class=\"alignnone size-full\" \/><\/p>\n<p>&#x1f33f; <strong data-start=\"1131\" data-end=\"1145\">Eucalyptus<\/strong>, sublimato da un delicato Celadon, che evoca la freschezza di un giardino primaverile.<\/p>\n<p><img decoding=\"async\" src=\"https:\/\/www.beauville.com\/wp-inside\/uploads\/2025\/02\/4.jpg\" class=\"alignnone size-full\" \/><\/p>\n<p>&#x1f49a; <strong data-start=\"1237\" data-end=\"1248\">Topkapi<\/strong>, rivisitato in Mint e Grenadine, colori brillanti che portano eleganza alla tavola.<\/p>\n<p><img decoding=\"async\" src=\"https:\/\/www.beauville.com\/wp-inside\/uploads\/2025\/02\/5.jpg\" class=\"alignnone size-full\" \/><\/p>\n<h2>Nuovi strofinacci per una cucina raffinata<\/h2>\n<p><img decoding=\"async\" src=\"https:\/\/www.beauville.com\/wp-inside\/uploads\/2025\/02\/banniere-kiliba.jpg\" class=\"alignnone size-full\" \/><\/p>\n<p>Perch\u00e9 ogni dettaglio conta, Beauvill\u00e9 arricchisce anche la sua collezione con nuovi strofinacci in design esclusivi. Pratici e attraenti, aggiungono un tocco di eleganza alla vostra cucina, rendendo omaggio all&#8217;expertise tessile dell&#8217;azienda.<\/p>\n<h2 data-start=\"1627\" data-end=\"1679\"><strong data-start=\"1627\" data-end=\"1679\">Una collezione che unisce tradizione e modernit\u00e0<\/strong><\/h2>\n<p data-start=\"1681\" data-end=\"1915\">Fedeli alla propria eredit\u00e0 di eccellenza, Beauvill\u00e9 ha unito tradizione e innovazione in questa collezione. Ogni pezzo \u00e8 il frutto di un lavoro meticoloso, dove la maestria del colore e la precisione dei dettagli sublimano i tessuti.<\/p>\n<p data-start=\"1917\" data-end=\"2071\">Questa stagione, lasciatevi sedurre dall&#8217;eleganza senza tempo di Beauvill\u00e9 e trasformate la vostra casa con pezzi che respirano l&#8217;arte di vivere francese.<\/p>\n<p data-start=\"2073\" data-end=\"2194\">&#x2728; <strong data-start=\"2075\" data-end=\"2192\">Scoprite la collezione Primavera\/Estate 2025 ora e portate un tocco di raffinatezza nella vostra vita quotidiana!<\/strong> &#x2728;<\/p>\n","protected":false},"excerpt":{"rendered":"<p>Con l&#8217;arrivo della stagione pi\u00f9 calda, Beauvill\u00e9 celebra il rinnovamento con una collezione Primavera\/Estate 2025 all&#8217;insegna dell&#8217;eleganza e della freschezza. Con nuovi motivi ispiratori e audaci colori, questa stagione promette [&hellip;]<\/p>\n","protected":false},"author":2,"featured_media":32516,"comment_status":"closed","ping_status":"closed","sticky":false,"template":"","format":"standard","meta":{"_acf_changed":false,"footnotes":""},"categories":[57,67,70],"tags":[],"class_list":["post-32514","post","type-post","status-publish","format-standard","has-post-thumbnail","hentry","category-blog","category-notizie","category-tendenze-decorazione-stile-di-vita","wp-sticky"],"acf":[],"yoast_head":"<!-- This site is optimized with the Yoast SEO plugin v27.5 - https:\/\/yoast.com\/product\/yoast-seo-wordpress\/ -->\n<title>Beauvill\u00e9 svela la sua collezione Primavera\/Estate 2025: un&#039;esplosione di colore e raffinatezza.<\/title>\n<meta name=\"description\" content=\"Scopri la collezione Primavera\/Estate 2025 di Beauvill\u00e9, che unisce eleganza e freschezza con nuovi motivi, colori vivaci e dettagli raffinati. Trasforma la tua casa con l&#039;arte di vivere francese.\" \/>\n<meta name=\"robots\" content=\"index, follow, max-snippet:-1, max-image-preview:large, max-video-preview:-1\" \/>\n<link rel=\"canonical\" href=\"https:\/\/www.beauville.com\/it\/blog\/beauville-svela-la-sua-collezione-primavera-estate-2025-unesplosione-di-colore-e-raffinatezza\/\" \/>\n<meta property=\"og:locale\" content=\"it_IT\" \/>\n<meta property=\"og:type\" content=\"article\" \/>\n<meta property=\"og:title\" content=\"Beauvill\u00e9 svela la sua collezione Primavera\/Estate 2025: un&#039;esplosione di colore e raffinatezza.\" \/>\n<meta property=\"og:description\" content=\"Scopri la collezione Primavera\/Estate 2025 di Beauvill\u00e9, che unisce eleganza e freschezza con nuovi motivi, colori vivaci e dettagli raffinati. Trasforma la tua casa con l&#039;arte di vivere francese.\" \/>\n<meta property=\"og:url\" content=\"https:\/\/www.beauville.com\/it\/blog\/beauville-svela-la-sua-collezione-primavera-estate-2025-unesplosione-di-colore-e-raffinatezza\/\" \/>\n<meta property=\"og:site_name\" content=\"Beauvill\u00e9\" \/>\n<meta property=\"article:publisher\" content=\"https:\/\/www.facebook.com\/beauville.createur\" \/>\n<meta property=\"article:published_time\" content=\"2025-02-13T11:07:10+00:00\" \/>\n<meta property=\"article:modified_time\" content=\"2025-05-12T08:29:43+00:00\" \/>\n<meta property=\"og:image\" content=\"https:\/\/www.beauville.com\/wp-inside\/uploads\/2025\/02\/fev-04.jpg\" \/>\n\t<meta property=\"og:image:width\" content=\"2000\" \/>\n\t<meta property=\"og:image:height\" content=\"2500\" \/>\n\t<meta property=\"og:image:type\" content=\"image\/jpeg\" \/>\n<meta name=\"author\" content=\"beauville-wp\" \/>\n<meta name=\"twitter:card\" content=\"summary_large_image\" \/>\n<meta name=\"twitter:label1\" content=\"Scritto da\" \/>\n\t<meta name=\"twitter:data1\" content=\"beauville-wp\" \/>\n\t<meta name=\"twitter:label2\" content=\"Tempo di lettura stimato\" \/>\n\t<meta name=\"twitter:data2\" content=\"2 minuti\" \/>\n<script type=\"application\/ld+json\" class=\"yoast-schema-graph\">{\"@context\":\"https:\\\/\\\/schema.org\",\"@graph\":[{\"@type\":\"Article\",\"@id\":\"https:\\\/\\\/www.beauville.com\\\/it\\\/blog\\\/beauville-svela-la-sua-collezione-primavera-estate-2025-unesplosione-di-colore-e-raffinatezza\\\/#article\",\"isPartOf\":{\"@id\":\"https:\\\/\\\/www.beauville.com\\\/it\\\/blog\\\/beauville-svela-la-sua-collezione-primavera-estate-2025-unesplosione-di-colore-e-raffinatezza\\\/\"},\"author\":{\"name\":\"beauville-wp\",\"@id\":\"https:\\\/\\\/www.beauville.com\\\/it\\\/#\\\/schema\\\/person\\\/ad0fa64b93a81bc4df4f8d1fb221a594\"},\"headline\":\"Beauvill\u00e9 svela la sua collezione Primavera\\\/Estate 2025: un&#8217;esplosione di colore e raffinatezza.\",\"datePublished\":\"2025-02-13T11:07:10+00:00\",\"dateModified\":\"2025-05-12T08:29:43+00:00\",\"mainEntityOfPage\":{\"@id\":\"https:\\\/\\\/www.beauville.com\\\/it\\\/blog\\\/beauville-svela-la-sua-collezione-primavera-estate-2025-unesplosione-di-colore-e-raffinatezza\\\/\"},\"wordCount\":336,\"publisher\":{\"@id\":\"https:\\\/\\\/www.beauville.com\\\/it\\\/#organization\"},\"image\":{\"@id\":\"https:\\\/\\\/www.beauville.com\\\/it\\\/blog\\\/beauville-svela-la-sua-collezione-primavera-estate-2025-unesplosione-di-colore-e-raffinatezza\\\/#primaryimage\"},\"thumbnailUrl\":\"https:\\\/\\\/www.beauville.com\\\/wp-inside\\\/uploads\\\/2025\\\/02\\\/fev-04.jpg\",\"articleSection\":[\"Blog\",\"Notizie\",\"Tendenze, decorazione e stile di vita\"],\"inLanguage\":\"it-IT\"},{\"@type\":\"WebPage\",\"@id\":\"https:\\\/\\\/www.beauville.com\\\/it\\\/blog\\\/beauville-svela-la-sua-collezione-primavera-estate-2025-unesplosione-di-colore-e-raffinatezza\\\/\",\"url\":\"https:\\\/\\\/www.beauville.com\\\/it\\\/blog\\\/beauville-svela-la-sua-collezione-primavera-estate-2025-unesplosione-di-colore-e-raffinatezza\\\/\",\"name\":\"Beauvill\u00e9 svela la sua collezione Primavera\\\/Estate 2025: un'esplosione di colore e raffinatezza.\",\"isPartOf\":{\"@id\":\"https:\\\/\\\/www.beauville.com\\\/it\\\/#website\"},\"primaryImageOfPage\":{\"@id\":\"https:\\\/\\\/www.beauville.com\\\/it\\\/blog\\\/beauville-svela-la-sua-collezione-primavera-estate-2025-unesplosione-di-colore-e-raffinatezza\\\/#primaryimage\"},\"image\":{\"@id\":\"https:\\\/\\\/www.beauville.com\\\/it\\\/blog\\\/beauville-svela-la-sua-collezione-primavera-estate-2025-unesplosione-di-colore-e-raffinatezza\\\/#primaryimage\"},\"thumbnailUrl\":\"https:\\\/\\\/www.beauville.com\\\/wp-inside\\\/uploads\\\/2025\\\/02\\\/fev-04.jpg\",\"datePublished\":\"2025-02-13T11:07:10+00:00\",\"dateModified\":\"2025-05-12T08:29:43+00:00\",\"description\":\"Scopri la collezione Primavera\\\/Estate 2025 di Beauvill\u00e9, che unisce eleganza e freschezza con nuovi motivi, colori vivaci e dettagli raffinati. Trasforma la tua casa con l'arte di vivere francese.\",\"breadcrumb\":{\"@id\":\"https:\\\/\\\/www.beauville.com\\\/it\\\/blog\\\/beauville-svela-la-sua-collezione-primavera-estate-2025-unesplosione-di-colore-e-raffinatezza\\\/#breadcrumb\"},\"inLanguage\":\"it-IT\",\"potentialAction\":[{\"@type\":\"ReadAction\",\"target\":[\"https:\\\/\\\/www.beauville.com\\\/it\\\/blog\\\/beauville-svela-la-sua-collezione-primavera-estate-2025-unesplosione-di-colore-e-raffinatezza\\\/\"]}]},{\"@type\":\"ImageObject\",\"inLanguage\":\"it-IT\",\"@id\":\"https:\\\/\\\/www.beauville.com\\\/it\\\/blog\\\/beauville-svela-la-sua-collezione-primavera-estate-2025-unesplosione-di-colore-e-raffinatezza\\\/#primaryimage\",\"url\":\"https:\\\/\\\/www.beauville.com\\\/wp-inside\\\/uploads\\\/2025\\\/02\\\/fev-04.jpg\",\"contentUrl\":\"https:\\\/\\\/www.beauville.com\\\/wp-inside\\\/uploads\\\/2025\\\/02\\\/fev-04.jpg\",\"width\":2000,\"height\":2500,\"caption\":\"Nappe Fleurs de Pavot : une \u00e9l\u00e9gante touche florale pour sublimer votre table. Un motif d\u00e9licat de pavots en pleine floraison, aux couleurs vives et raffin\u00e9es, pour une d\u00e9coration printani\u00e8re pleine de fra\u00eecheur et de po\u00e9sie.\"},{\"@type\":\"BreadcrumbList\",\"@id\":\"https:\\\/\\\/www.beauville.com\\\/it\\\/blog\\\/beauville-svela-la-sua-collezione-primavera-estate-2025-unesplosione-di-colore-e-raffinatezza\\\/#breadcrumb\",\"itemListElement\":[{\"@type\":\"ListItem\",\"position\":1,\"name\":\"Home\",\"item\":\"https:\\\/\\\/www.beauville.com\\\/it\\\/\"},{\"@type\":\"ListItem\",\"position\":2,\"name\":\"Blog\",\"item\":\"https:\\\/\\\/www.beauville.com\\\/it\\\/blog\\\/\"},{\"@type\":\"ListItem\",\"position\":3,\"name\":\"Beauvill\u00e9 svela la sua collezione Primavera\\\/Estate 2025: un&#8217;esplosione di colore e raffinatezza.\"}]},{\"@type\":\"WebSite\",\"@id\":\"https:\\\/\\\/www.beauville.com\\\/it\\\/#website\",\"url\":\"https:\\\/\\\/www.beauville.com\\\/it\\\/\",\"name\":\"Beauvill\u00e9\",\"description\":\"Creator by tradition\",\"publisher\":{\"@id\":\"https:\\\/\\\/www.beauville.com\\\/it\\\/#organization\"},\"potentialAction\":[{\"@type\":\"SearchAction\",\"target\":{\"@type\":\"EntryPoint\",\"urlTemplate\":\"https:\\\/\\\/www.beauville.com\\\/it\\\/?s={search_term_string}\"},\"query-input\":{\"@type\":\"PropertyValueSpecification\",\"valueRequired\":true,\"valueName\":\"search_term_string\"}}],\"inLanguage\":\"it-IT\"},{\"@type\":\"Organization\",\"@id\":\"https:\\\/\\\/www.beauville.com\\\/it\\\/#organization\",\"name\":\"Beauvill\u00e9\",\"url\":\"https:\\\/\\\/www.beauville.com\\\/it\\\/\",\"logo\":{\"@type\":\"ImageObject\",\"inLanguage\":\"it-IT\",\"@id\":\"https:\\\/\\\/www.beauville.com\\\/it\\\/#\\\/schema\\\/logo\\\/image\\\/\",\"url\":\"https:\\\/\\\/www.beauville.com\\\/wp-inside\\\/uploads\\\/2018\\\/10\\\/beauville-logo.png\",\"contentUrl\":\"https:\\\/\\\/www.beauville.com\\\/wp-inside\\\/uploads\\\/2018\\\/10\\\/beauville-logo.png\",\"width\":230,\"height\":90,\"caption\":\"Beauvill\u00e9\"},\"image\":{\"@id\":\"https:\\\/\\\/www.beauville.com\\\/it\\\/#\\\/schema\\\/logo\\\/image\\\/\"},\"sameAs\":[\"https:\\\/\\\/www.facebook.com\\\/beauville.createur\",\"https:\\\/\\\/www.instagram.com\\\/beauville.createur\\\/\",\"https:\\\/\\\/www.pinterest.fr\\\/beauvillecreateur\\\/_created\\\/\",\"https:\\\/\\\/www.youtube.com\\\/channel\\\/UCN1DiK6SUHdildYkanOBeeA\"]},{\"@type\":\"Person\",\"@id\":\"https:\\\/\\\/www.beauville.com\\\/it\\\/#\\\/schema\\\/person\\\/ad0fa64b93a81bc4df4f8d1fb221a594\",\"name\":\"beauville-wp\",\"image\":{\"@type\":\"ImageObject\",\"inLanguage\":\"it-IT\",\"@id\":\"https:\\\/\\\/secure.gravatar.com\\\/avatar\\\/ccfc9cd9974f3b2f4684fd5d1c0698785ab3815db27e5b9be74337ccd429086e?s=96&d=mm&r=g\",\"url\":\"https:\\\/\\\/secure.gravatar.com\\\/avatar\\\/ccfc9cd9974f3b2f4684fd5d1c0698785ab3815db27e5b9be74337ccd429086e?s=96&d=mm&r=g\",\"contentUrl\":\"https:\\\/\\\/secure.gravatar.com\\\/avatar\\\/ccfc9cd9974f3b2f4684fd5d1c0698785ab3815db27e5b9be74337ccd429086e?s=96&d=mm&r=g\",\"caption\":\"beauville-wp\"}}]}<\/script>\n<!-- \/ Yoast SEO plugin. -->","yoast_head_json":{"title":"Beauvill\u00e9 svela la sua collezione Primavera\/Estate 2025: un'esplosione di colore e raffinatezza.","description":"Scopri la collezione Primavera\/Estate 2025 di Beauvill\u00e9, che unisce eleganza e freschezza con nuovi motivi, colori vivaci e dettagli raffinati. Trasforma la tua casa con l'arte di vivere francese.","robots":{"index":"index","follow":"follow","max-snippet":"max-snippet:-1","max-image-preview":"max-image-preview:large","max-video-preview":"max-video-preview:-1"},"canonical":"https:\/\/www.beauville.com\/it\/blog\/beauville-svela-la-sua-collezione-primavera-estate-2025-unesplosione-di-colore-e-raffinatezza\/","og_locale":"it_IT","og_type":"article","og_title":"Beauvill\u00e9 svela la sua collezione Primavera\/Estate 2025: un'esplosione di colore e raffinatezza.","og_description":"Scopri la collezione Primavera\/Estate 2025 di Beauvill\u00e9, che unisce eleganza e freschezza con nuovi motivi, colori vivaci e dettagli raffinati. Trasforma la tua casa con l'arte di vivere francese.","og_url":"https:\/\/www.beauville.com\/it\/blog\/beauville-svela-la-sua-collezione-primavera-estate-2025-unesplosione-di-colore-e-raffinatezza\/","og_site_name":"Beauvill\u00e9","article_publisher":"https:\/\/www.facebook.com\/beauville.createur","article_published_time":"2025-02-13T11:07:10+00:00","article_modified_time":"2025-05-12T08:29:43+00:00","og_image":[{"width":2000,"height":2500,"url":"https:\/\/www.beauville.com\/wp-inside\/uploads\/2025\/02\/fev-04.jpg","type":"image\/jpeg"}],"author":"beauville-wp","twitter_card":"summary_large_image","twitter_misc":{"Scritto da":"beauville-wp","Tempo di lettura stimato":"2 minuti"},"schema":{"@context":"https:\/\/schema.org","@graph":[{"@type":"Article","@id":"https:\/\/www.beauville.com\/it\/blog\/beauville-svela-la-sua-collezione-primavera-estate-2025-unesplosione-di-colore-e-raffinatezza\/#article","isPartOf":{"@id":"https:\/\/www.beauville.com\/it\/blog\/beauville-svela-la-sua-collezione-primavera-estate-2025-unesplosione-di-colore-e-raffinatezza\/"},"author":{"name":"beauville-wp","@id":"https:\/\/www.beauville.com\/it\/#\/schema\/person\/ad0fa64b93a81bc4df4f8d1fb221a594"},"headline":"Beauvill\u00e9 svela la sua collezione Primavera\/Estate 2025: un&#8217;esplosione di colore e raffinatezza.","datePublished":"2025-02-13T11:07:10+00:00","dateModified":"2025-05-12T08:29:43+00:00","mainEntityOfPage":{"@id":"https:\/\/www.beauville.com\/it\/blog\/beauville-svela-la-sua-collezione-primavera-estate-2025-unesplosione-di-colore-e-raffinatezza\/"},"wordCount":336,"publisher":{"@id":"https:\/\/www.beauville.com\/it\/#organization"},"image":{"@id":"https:\/\/www.beauville.com\/it\/blog\/beauville-svela-la-sua-collezione-primavera-estate-2025-unesplosione-di-colore-e-raffinatezza\/#primaryimage"},"thumbnailUrl":"https:\/\/www.beauville.com\/wp-inside\/uploads\/2025\/02\/fev-04.jpg","articleSection":["Blog","Notizie","Tendenze, decorazione e stile di vita"],"inLanguage":"it-IT"},{"@type":"WebPage","@id":"https:\/\/www.beauville.com\/it\/blog\/beauville-svela-la-sua-collezione-primavera-estate-2025-unesplosione-di-colore-e-raffinatezza\/","url":"https:\/\/www.beauville.com\/it\/blog\/beauville-svela-la-sua-collezione-primavera-estate-2025-unesplosione-di-colore-e-raffinatezza\/","name":"Beauvill\u00e9 svela la sua collezione Primavera\/Estate 2025: un'esplosione di colore e raffinatezza.","isPartOf":{"@id":"https:\/\/www.beauville.com\/it\/#website"},"primaryImageOfPage":{"@id":"https:\/\/www.beauville.com\/it\/blog\/beauville-svela-la-sua-collezione-primavera-estate-2025-unesplosione-di-colore-e-raffinatezza\/#primaryimage"},"image":{"@id":"https:\/\/www.beauville.com\/it\/blog\/beauville-svela-la-sua-collezione-primavera-estate-2025-unesplosione-di-colore-e-raffinatezza\/#primaryimage"},"thumbnailUrl":"https:\/\/www.beauville.com\/wp-inside\/uploads\/2025\/02\/fev-04.jpg","datePublished":"2025-02-13T11:07:10+00:00","dateModified":"2025-05-12T08:29:43+00:00","description":"Scopri la collezione Primavera\/Estate 2025 di Beauvill\u00e9, che unisce eleganza e freschezza con nuovi motivi, colori vivaci e dettagli raffinati. Trasforma la tua casa con l'arte di vivere francese.","breadcrumb":{"@id":"https:\/\/www.beauville.com\/it\/blog\/beauville-svela-la-sua-collezione-primavera-estate-2025-unesplosione-di-colore-e-raffinatezza\/#breadcrumb"},"inLanguage":"it-IT","potentialAction":[{"@type":"ReadAction","target":["https:\/\/www.beauville.com\/it\/blog\/beauville-svela-la-sua-collezione-primavera-estate-2025-unesplosione-di-colore-e-raffinatezza\/"]}]},{"@type":"ImageObject","inLanguage":"it-IT","@id":"https:\/\/www.beauville.com\/it\/blog\/beauville-svela-la-sua-collezione-primavera-estate-2025-unesplosione-di-colore-e-raffinatezza\/#primaryimage","url":"https:\/\/www.beauville.com\/wp-inside\/uploads\/2025\/02\/fev-04.jpg","contentUrl":"https:\/\/www.beauville.com\/wp-inside\/uploads\/2025\/02\/fev-04.jpg","width":2000,"height":2500,"caption":"Nappe Fleurs de Pavot : une \u00e9l\u00e9gante touche florale pour sublimer votre table. Un motif d\u00e9licat de pavots en pleine floraison, aux couleurs vives et raffin\u00e9es, pour une d\u00e9coration printani\u00e8re pleine de fra\u00eecheur et de po\u00e9sie."},{"@type":"BreadcrumbList","@id":"https:\/\/www.beauville.com\/it\/blog\/beauville-svela-la-sua-collezione-primavera-estate-2025-unesplosione-di-colore-e-raffinatezza\/#breadcrumb","itemListElement":[{"@type":"ListItem","position":1,"name":"Home","item":"https:\/\/www.beauville.com\/it\/"},{"@type":"ListItem","position":2,"name":"Blog","item":"https:\/\/www.beauville.com\/it\/blog\/"},{"@type":"ListItem","position":3,"name":"Beauvill\u00e9 svela la sua collezione Primavera\/Estate 2025: un&#8217;esplosione di colore e raffinatezza."}]},{"@type":"WebSite","@id":"https:\/\/www.beauville.com\/it\/#website","url":"https:\/\/www.beauville.com\/it\/","name":"Beauvill\u00e9","description":"Creator by tradition","publisher":{"@id":"https:\/\/www.beauville.com\/it\/#organization"},"potentialAction":[{"@type":"SearchAction","target":{"@type":"EntryPoint","urlTemplate":"https:\/\/www.beauville.com\/it\/?s={search_term_string}"},"query-input":{"@type":"PropertyValueSpecification","valueRequired":true,"valueName":"search_term_string"}}],"inLanguage":"it-IT"},{"@type":"Organization","@id":"https:\/\/www.beauville.com\/it\/#organization","name":"Beauvill\u00e9","url":"https:\/\/www.beauville.com\/it\/","logo":{"@type":"ImageObject","inLanguage":"it-IT","@id":"https:\/\/www.beauville.com\/it\/#\/schema\/logo\/image\/","url":"https:\/\/www.beauville.com\/wp-inside\/uploads\/2018\/10\/beauville-logo.png","contentUrl":"https:\/\/www.beauville.com\/wp-inside\/uploads\/2018\/10\/beauville-logo.png","width":230,"height":90,"caption":"Beauvill\u00e9"},"image":{"@id":"https:\/\/www.beauville.com\/it\/#\/schema\/logo\/image\/"},"sameAs":["https:\/\/www.facebook.com\/beauville.createur","https:\/\/www.instagram.com\/beauville.createur\/","https:\/\/www.pinterest.fr\/beauvillecreateur\/_created\/","https:\/\/www.youtube.com\/channel\/UCN1DiK6SUHdildYkanOBeeA"]},{"@type":"Person","@id":"https:\/\/www.beauville.com\/it\/#\/schema\/person\/ad0fa64b93a81bc4df4f8d1fb221a594","name":"beauville-wp","image":{"@type":"ImageObject","inLanguage":"it-IT","@id":"https:\/\/secure.gravatar.com\/avatar\/ccfc9cd9974f3b2f4684fd5d1c0698785ab3815db27e5b9be74337ccd429086e?s=96&d=mm&r=g","url":"https:\/\/secure.gravatar.com\/avatar\/ccfc9cd9974f3b2f4684fd5d1c0698785ab3815db27e5b9be74337ccd429086e?s=96&d=mm&r=g","contentUrl":"https:\/\/secure.gravatar.com\/avatar\/ccfc9cd9974f3b2f4684fd5d1c0698785ab3815db27e5b9be74337ccd429086e?s=96&d=mm&r=g","caption":"beauville-wp"}}]}},"_links":{"self":[{"href":"https:\/\/www.beauville.com\/it\/wp-json\/wp\/v2\/posts\/32514","targetHints":{"allow":["GET"]}}],"collection":[{"href":"https:\/\/www.beauville.com\/it\/wp-json\/wp\/v2\/posts"}],"about":[{"href":"https:\/\/www.beauville.com\/it\/wp-json\/wp\/v2\/types\/post"}],"author":[{"embeddable":true,"href":"https:\/\/www.beauville.com\/it\/wp-json\/wp\/v2\/users\/2"}],"replies":[{"embeddable":true,"href":"https:\/\/www.beauville.com\/it\/wp-json\/wp\/v2\/comments?post=32514"}],"version-history":[{"count":3,"href":"https:\/\/www.beauville.com\/it\/wp-json\/wp\/v2\/posts\/32514\/revisions"}],"predecessor-version":[{"id":33863,"href":"https:\/\/www.beauville.com\/it\/wp-json\/wp\/v2\/posts\/32514\/revisions\/33863"}],"wp:featuredmedia":[{"embeddable":true,"href":"https:\/\/www.beauville.com\/it\/wp-json\/wp\/v2\/media\/32516"}],"wp:attachment":[{"href":"https:\/\/www.beauville.com\/it\/wp-json\/wp\/v2\/media?parent=32514"}],"wp:term":[{"taxonomy":"category","embeddable":true,"href":"https:\/\/www.beauville.com\/it\/wp-json\/wp\/v2\/categories?post=32514"},{"taxonomy":"post_tag","embeddable":true,"href":"https:\/\/www.beauville.com\/it\/wp-json\/wp\/v2\/tags?post=32514"}],"curies":[{"name":"wp","href":"https:\/\/api.w.org\/{rel}","templated":true}]}}