{"id":32596,"date":"2024-09-30T11:31:58","date_gmt":"2024-09-30T09:31:58","guid":{"rendered":"https:\/\/www.beauville.com\/senza-categoria\/nouvelle-identite-visuelle-de-beauville-une-modernite-ancree-dans-la-tradition\/"},"modified":"2025-05-12T11:26:29","modified_gmt":"2025-05-12T09:26:29","slug":"nuova-identita-visiva-di-beauville-una-modernita-radicata-nella-tradizione","status":"publish","type":"post","link":"https:\/\/www.beauville.com\/it\/blog\/nuova-identita-visiva-di-beauville-una-modernita-radicata-nella-tradizione\/","title":{"rendered":"Nuova identit\u00e0 visiva di Beauvill\u00e9: Una modernit\u00e0 radicata nella tradizione"},"content":{"rendered":"<p data-start=\"134\" data-end=\"657\">In Beauvill\u00e9, siamo orgogliosi del nostro patrimonio e della qualit\u00e0 delle nostre creazioni, riconosciute in tutto il mondo per il loro raffinatezza e la loro eccellenza. Per riflettere meglio lo spirito della nostra casa, adattandoci alle sfide del presente, presentiamo oggi una nuova identit\u00e0 visiva, un&#8217;evoluzione armoniosa che incarna sia la modernit\u00e0 che la tradizione. Questo rinnovamento passa attraverso un nuovo logo e un sigillo ripensati, che mettono in evidenza la nostra essenza e i nostri colori emblematici.<\/p>\n<h3 style=\"padding-left: 40px;\" data-start=\"659\" data-end=\"707\"><strong data-start=\"659\" data-end=\"707\">Un logo modernizzato nei colori di Beauvill\u00e9<\/strong><\/h3>\n<p data-start=\"709\" data-end=\"862\">Il nostro nuovo logo \u00e8 molto pi\u00f9 di una semplice evoluzione estetica. Rappresenta la volont\u00e0 di riaffermare i nostri valori, adattandoci al nostro tempo.<\/p>\n<p data-start=\"864\" data-end=\"1208\">Il blu Beauvill\u00e9, tonalit\u00e0 distintiva della nostra casa, rimane al centro di questa identit\u00e0. Questo blu profondo, senza tempo ed elegante, simboleggia sia le nostre radici nella tradizione che la nostra apertura verso il futuro. Riflette serenit\u00e0, fiducia e autenticit\u00e0, qualit\u00e0 intrinseche di ogni nostra collezione di biancheria per la casa.<\/p>\n<p data-start=\"1210\" data-end=\"1480\">Il logo \u00e8 stato semplificato per guadagnare in leggibilit\u00e0 e modernit\u00e0, pur mantenendo l\u2019essenza del nostro marchio. Le linee pulite ed equilibrate di questo nuovo design incarnano l\u2019unione tra il savoir-faire artigianale e l\u2019innovazione, due valori chiave di Beauvill\u00e9.<\/p>\n<h3 style=\"padding-left: 40px;\" data-start=\"1482\" data-end=\"1548\"><strong data-start=\"1482\" data-end=\"1548\">Un sigillo che sottolinea la nostra specificit\u00e0 e l\u2019eccellenza<\/strong><\/h3>\n<p data-start=\"1550\" data-end=\"1966\">A complemento di questo logo modernizzato, abbiamo introdotto un sigillo che rafforza l\u2019identit\u00e0 visiva di Beauvill\u00e9. Questo sigillo mette in evidenza due elementi centrali: i nostri colori e la nostra expertise unica nella biancheria per la casa. Rappresenta una garanzia di qualit\u00e0 e autenticit\u00e0, un promemoria che ogni creazione firmata Beauvill\u00e9 \u00e8 il frutto di un sapere tramandato di generazione in generazione.<\/p>\n<p data-start=\"1968\" data-end=\"2344\">Il sigillo \u00e8 pensato come una firma d\u2019eccellenza. Combina armoniosamente i nostri colori storici, con sullo sfondo quel blu cos\u00ec caratteristico di Beauvill\u00e9, e degli elementi grafici che richiamano l\u2019universo della biancheria per la casa. Questo simbolo incarna la precisione, l\u2019esigenza e l\u2019attenzione ai dettagli, valori che definiscono il nostro lavoro da pi\u00f9 di un secolo.<\/p>\n<h3 style=\"padding-left: 40px;\" data-start=\"2346\" data-end=\"2401\"><strong data-start=\"2346\" data-end=\"2401\">Rivisitazione dei nostri valori e dei nostri colori<\/strong><\/h3>\n<p data-start=\"2403\" data-end=\"2783\">Riprogettando la nostra identit\u00e0 visiva, abbiamo scelto di concentrarci su ci\u00f2 che \u00e8 l\u2019anima di Beauvill\u00e9: il blu e l&#8217;arte della biancheria per la casa. Ogni prodotto delle nostre collezioni, che si tratti di tovaglie, strofinacci o runner, \u00e8 pensato per portare un tocco di eleganza senza tempo al tuo arredamento, pur essendo concepito con la massima cura nei nostri laboratori.<\/p>\n<p data-start=\"2785\" data-end=\"3160\">Questo blu, simbolo della casa Beauvill\u00e9, \u00e8 un colore calmante e durevole che si abbina perfettamente all&#8217;universo della decorazione d&#8217;interni. Concentrando la nostra identit\u00e0 su questa tonalit\u00e0, vogliamo ricordare il nostro impegno a offrire ai nostri clienti prodotti eleganti e contemporanei, in sintonia con le tendenze attuali, ma sempre intrisi di un tocco senza tempo.<\/p>\n<h3 style=\"padding-left: 40px;\" data-start=\"3162\" data-end=\"3208\"><strong data-start=\"3162\" data-end=\"3208\">Un&#8217;identit\u00e0 rinnovata, un impegno immutato<\/strong><\/h3>\n<p data-start=\"3210\" data-end=\"3527\">Se la nostra identit\u00e0 visiva evolve, il nostro impegno verso la qualit\u00e0 e il savoir-faire artigianale rimane immutato. Ogni pezzo che concepiamo \u00e8 pensato per durare, realizzato con materiali nobili e nel rispetto delle tradizioni. La nostra missione rimane la stessa: portare stile, comfort ed eleganza in ogni casa.<\/p>\n<p data-start=\"3529\" data-end=\"3796\">Questa nuova identit\u00e0 visiva \u00e8 solo l\u2019inizio del nostro rinnovamento. Continueremo a innovare e a creare collezioni uniche, pur rimanendo fedeli alle nostre radici e all\u2019eredit\u00e0 che ha fatto di Beauvill\u00e9 un punto di riferimento nel mondo della biancheria per la casa.<\/p>\n<p data-start=\"3798\" data-end=\"4055\">Vi invitiamo a scoprire questo nuovo capitolo della storia di Beauvill\u00e9 attraverso le nostre prossime collezioni e a celebrare con noi questa transizione verso un&#8217;identit\u00e0 modernizzata, restando sempre fedeli a ci\u00f2 che definisce l&#8217;essenza della nostra casa.<\/p>\n","protected":false},"excerpt":{"rendered":"<p>In Beauvill\u00e9, siamo orgogliosi del nostro patrimonio e della qualit\u00e0 delle nostre creazioni, riconosciute in tutto il mondo per il loro raffinatezza e la loro eccellenza. Per riflettere meglio lo [&hellip;]<\/p>\n","protected":false},"author":2,"featured_media":32597,"comment_status":"closed","ping_status":"closed","sticky":false,"template":"","format":"standard","meta":{"_acf_changed":false,"footnotes":""},"categories":[57,67],"tags":[],"class_list":["post-32596","post","type-post","status-publish","format-standard","has-post-thumbnail","hentry","category-blog","category-notizie","wp-sticky"],"acf":[],"yoast_head":"<!-- This site is optimized with the Yoast SEO plugin v27.5 - https:\/\/yoast.com\/product\/yoast-seo-wordpress\/ -->\n<title>Nuova identit\u00e0 visiva di Beauvill\u00e9: Una modernit\u00e0 radicata nella tradizione<\/title>\n<meta name=\"description\" content=\"Scopri la nuova identit\u00e0 visiva di Beauvill\u00e9: un\u2019evoluzione che unisce modernit\u00e0 e tradizione. Nuovo logo, sigillo distintivo e colori iconici per celebrare l\u2019eccellenza artigianale della biancheria per la casa.\" \/>\n<meta name=\"robots\" content=\"index, follow, max-snippet:-1, max-image-preview:large, max-video-preview:-1\" \/>\n<link rel=\"canonical\" href=\"https:\/\/www.beauville.com\/it\/blog\/nuova-identita-visiva-di-beauville-una-modernita-radicata-nella-tradizione\/\" \/>\n<meta property=\"og:locale\" content=\"it_IT\" \/>\n<meta property=\"og:type\" content=\"article\" \/>\n<meta property=\"og:title\" content=\"Nuova identit\u00e0 visiva di Beauvill\u00e9: Una modernit\u00e0 radicata nella tradizione\" \/>\n<meta property=\"og:description\" content=\"Scopri la nuova identit\u00e0 visiva di Beauvill\u00e9: un\u2019evoluzione che unisce modernit\u00e0 e tradizione. Nuovo logo, sigillo distintivo e colori iconici per celebrare l\u2019eccellenza artigianale della biancheria per la casa.\" \/>\n<meta property=\"og:url\" content=\"https:\/\/www.beauville.com\/it\/blog\/nuova-identita-visiva-di-beauville-una-modernita-radicata-nella-tradizione\/\" \/>\n<meta property=\"og:site_name\" content=\"Beauvill\u00e9\" \/>\n<meta property=\"article:publisher\" content=\"https:\/\/www.facebook.com\/beauville.createur\" \/>\n<meta property=\"article:published_time\" content=\"2024-09-30T09:31:58+00:00\" \/>\n<meta property=\"article:modified_time\" content=\"2025-05-12T09:26:29+00:00\" \/>\n<meta property=\"og:image\" content=\"https:\/\/www.beauville.com\/wp-inside\/uploads\/2024\/09\/post-a-publier-en-2eme.png\" \/>\n\t<meta property=\"og:image:width\" content=\"1080\" \/>\n\t<meta property=\"og:image:height\" content=\"1080\" \/>\n\t<meta property=\"og:image:type\" content=\"image\/png\" \/>\n<meta name=\"author\" content=\"beauville-wp\" \/>\n<meta name=\"twitter:card\" content=\"summary_large_image\" \/>\n<meta name=\"twitter:label1\" content=\"Scritto da\" \/>\n\t<meta name=\"twitter:data1\" content=\"beauville-wp\" \/>\n\t<meta name=\"twitter:label2\" content=\"Tempo di lettura stimato\" \/>\n\t<meta name=\"twitter:data2\" content=\"3 minuti\" \/>\n<script type=\"application\/ld+json\" class=\"yoast-schema-graph\">{\"@context\":\"https:\\\/\\\/schema.org\",\"@graph\":[{\"@type\":\"Article\",\"@id\":\"https:\\\/\\\/www.beauville.com\\\/it\\\/blog\\\/nuova-identita-visiva-di-beauville-una-modernita-radicata-nella-tradizione\\\/#article\",\"isPartOf\":{\"@id\":\"https:\\\/\\\/www.beauville.com\\\/it\\\/blog\\\/nuova-identita-visiva-di-beauville-una-modernita-radicata-nella-tradizione\\\/\"},\"author\":{\"name\":\"beauville-wp\",\"@id\":\"https:\\\/\\\/www.beauville.com\\\/it\\\/#\\\/schema\\\/person\\\/ad0fa64b93a81bc4df4f8d1fb221a594\"},\"headline\":\"Nuova identit\u00e0 visiva di Beauvill\u00e9: Una modernit\u00e0 radicata nella tradizione\",\"datePublished\":\"2024-09-30T09:31:58+00:00\",\"dateModified\":\"2025-05-12T09:26:29+00:00\",\"mainEntityOfPage\":{\"@id\":\"https:\\\/\\\/www.beauville.com\\\/it\\\/blog\\\/nuova-identita-visiva-di-beauville-una-modernita-radicata-nella-tradizione\\\/\"},\"wordCount\":603,\"publisher\":{\"@id\":\"https:\\\/\\\/www.beauville.com\\\/it\\\/#organization\"},\"image\":{\"@id\":\"https:\\\/\\\/www.beauville.com\\\/it\\\/blog\\\/nuova-identita-visiva-di-beauville-una-modernita-radicata-nella-tradizione\\\/#primaryimage\"},\"thumbnailUrl\":\"https:\\\/\\\/www.beauville.com\\\/wp-inside\\\/uploads\\\/2024\\\/09\\\/post-a-publier-en-2eme.png\",\"articleSection\":[\"Blog\",\"Notizie\"],\"inLanguage\":\"it-IT\"},{\"@type\":\"WebPage\",\"@id\":\"https:\\\/\\\/www.beauville.com\\\/it\\\/blog\\\/nuova-identita-visiva-di-beauville-una-modernita-radicata-nella-tradizione\\\/\",\"url\":\"https:\\\/\\\/www.beauville.com\\\/it\\\/blog\\\/nuova-identita-visiva-di-beauville-una-modernita-radicata-nella-tradizione\\\/\",\"name\":\"Nuova identit\u00e0 visiva di Beauvill\u00e9: Una modernit\u00e0 radicata nella tradizione\",\"isPartOf\":{\"@id\":\"https:\\\/\\\/www.beauville.com\\\/it\\\/#website\"},\"primaryImageOfPage\":{\"@id\":\"https:\\\/\\\/www.beauville.com\\\/it\\\/blog\\\/nuova-identita-visiva-di-beauville-una-modernita-radicata-nella-tradizione\\\/#primaryimage\"},\"image\":{\"@id\":\"https:\\\/\\\/www.beauville.com\\\/it\\\/blog\\\/nuova-identita-visiva-di-beauville-una-modernita-radicata-nella-tradizione\\\/#primaryimage\"},\"thumbnailUrl\":\"https:\\\/\\\/www.beauville.com\\\/wp-inside\\\/uploads\\\/2024\\\/09\\\/post-a-publier-en-2eme.png\",\"datePublished\":\"2024-09-30T09:31:58+00:00\",\"dateModified\":\"2025-05-12T09:26:29+00:00\",\"description\":\"Scopri la nuova identit\u00e0 visiva di Beauvill\u00e9: un\u2019evoluzione che unisce modernit\u00e0 e tradizione. Nuovo logo, sigillo distintivo e colori iconici per celebrare l\u2019eccellenza artigianale della biancheria per la casa.\",\"breadcrumb\":{\"@id\":\"https:\\\/\\\/www.beauville.com\\\/it\\\/blog\\\/nuova-identita-visiva-di-beauville-una-modernita-radicata-nella-tradizione\\\/#breadcrumb\"},\"inLanguage\":\"it-IT\",\"potentialAction\":[{\"@type\":\"ReadAction\",\"target\":[\"https:\\\/\\\/www.beauville.com\\\/it\\\/blog\\\/nuova-identita-visiva-di-beauville-una-modernita-radicata-nella-tradizione\\\/\"]}]},{\"@type\":\"ImageObject\",\"inLanguage\":\"it-IT\",\"@id\":\"https:\\\/\\\/www.beauville.com\\\/it\\\/blog\\\/nuova-identita-visiva-di-beauville-una-modernita-radicata-nella-tradizione\\\/#primaryimage\",\"url\":\"https:\\\/\\\/www.beauville.com\\\/wp-inside\\\/uploads\\\/2024\\\/09\\\/post-a-publier-en-2eme.png\",\"contentUrl\":\"https:\\\/\\\/www.beauville.com\\\/wp-inside\\\/uploads\\\/2024\\\/09\\\/post-a-publier-en-2eme.png\",\"width\":1080,\"height\":1080,\"caption\":\"Presentazione della nuova identit\u00e0 visiva di Beauvill\u00e9, un'evoluzione elegante e moderna che riflette l'eredit\u00e0 del marchio e la sua esclusiva lavorazione artigianale della biancheria per la casa.\"},{\"@type\":\"BreadcrumbList\",\"@id\":\"https:\\\/\\\/www.beauville.com\\\/it\\\/blog\\\/nuova-identita-visiva-di-beauville-una-modernita-radicata-nella-tradizione\\\/#breadcrumb\",\"itemListElement\":[{\"@type\":\"ListItem\",\"position\":1,\"name\":\"Home\",\"item\":\"https:\\\/\\\/www.beauville.com\\\/it\\\/\"},{\"@type\":\"ListItem\",\"position\":2,\"name\":\"Blog\",\"item\":\"https:\\\/\\\/www.beauville.com\\\/it\\\/blog\\\/\"},{\"@type\":\"ListItem\",\"position\":3,\"name\":\"Nuova identit\u00e0 visiva di Beauvill\u00e9: Una modernit\u00e0 radicata nella tradizione\"}]},{\"@type\":\"WebSite\",\"@id\":\"https:\\\/\\\/www.beauville.com\\\/it\\\/#website\",\"url\":\"https:\\\/\\\/www.beauville.com\\\/it\\\/\",\"name\":\"Beauvill\u00e9\",\"description\":\"Creator by tradition\",\"publisher\":{\"@id\":\"https:\\\/\\\/www.beauville.com\\\/it\\\/#organization\"},\"potentialAction\":[{\"@type\":\"SearchAction\",\"target\":{\"@type\":\"EntryPoint\",\"urlTemplate\":\"https:\\\/\\\/www.beauville.com\\\/it\\\/?s={search_term_string}\"},\"query-input\":{\"@type\":\"PropertyValueSpecification\",\"valueRequired\":true,\"valueName\":\"search_term_string\"}}],\"inLanguage\":\"it-IT\"},{\"@type\":\"Organization\",\"@id\":\"https:\\\/\\\/www.beauville.com\\\/it\\\/#organization\",\"name\":\"Beauvill\u00e9\",\"url\":\"https:\\\/\\\/www.beauville.com\\\/it\\\/\",\"logo\":{\"@type\":\"ImageObject\",\"inLanguage\":\"it-IT\",\"@id\":\"https:\\\/\\\/www.beauville.com\\\/it\\\/#\\\/schema\\\/logo\\\/image\\\/\",\"url\":\"https:\\\/\\\/www.beauville.com\\\/wp-inside\\\/uploads\\\/2018\\\/10\\\/beauville-logo.png\",\"contentUrl\":\"https:\\\/\\\/www.beauville.com\\\/wp-inside\\\/uploads\\\/2018\\\/10\\\/beauville-logo.png\",\"width\":230,\"height\":90,\"caption\":\"Beauvill\u00e9\"},\"image\":{\"@id\":\"https:\\\/\\\/www.beauville.com\\\/it\\\/#\\\/schema\\\/logo\\\/image\\\/\"},\"sameAs\":[\"https:\\\/\\\/www.facebook.com\\\/beauville.createur\",\"https:\\\/\\\/www.instagram.com\\\/beauville.createur\\\/\",\"https:\\\/\\\/www.pinterest.fr\\\/beauvillecreateur\\\/_created\\\/\",\"https:\\\/\\\/www.youtube.com\\\/channel\\\/UCN1DiK6SUHdildYkanOBeeA\"]},{\"@type\":\"Person\",\"@id\":\"https:\\\/\\\/www.beauville.com\\\/it\\\/#\\\/schema\\\/person\\\/ad0fa64b93a81bc4df4f8d1fb221a594\",\"name\":\"beauville-wp\",\"image\":{\"@type\":\"ImageObject\",\"inLanguage\":\"it-IT\",\"@id\":\"https:\\\/\\\/secure.gravatar.com\\\/avatar\\\/ccfc9cd9974f3b2f4684fd5d1c0698785ab3815db27e5b9be74337ccd429086e?s=96&d=mm&r=g\",\"url\":\"https:\\\/\\\/secure.gravatar.com\\\/avatar\\\/ccfc9cd9974f3b2f4684fd5d1c0698785ab3815db27e5b9be74337ccd429086e?s=96&d=mm&r=g\",\"contentUrl\":\"https:\\\/\\\/secure.gravatar.com\\\/avatar\\\/ccfc9cd9974f3b2f4684fd5d1c0698785ab3815db27e5b9be74337ccd429086e?s=96&d=mm&r=g\",\"caption\":\"beauville-wp\"}}]}<\/script>\n<!-- \/ Yoast SEO plugin. -->","yoast_head_json":{"title":"Nuova identit\u00e0 visiva di Beauvill\u00e9: Una modernit\u00e0 radicata nella tradizione","description":"Scopri la nuova identit\u00e0 visiva di Beauvill\u00e9: un\u2019evoluzione che unisce modernit\u00e0 e tradizione. Nuovo logo, sigillo distintivo e colori iconici per celebrare l\u2019eccellenza artigianale della biancheria per la casa.","robots":{"index":"index","follow":"follow","max-snippet":"max-snippet:-1","max-image-preview":"max-image-preview:large","max-video-preview":"max-video-preview:-1"},"canonical":"https:\/\/www.beauville.com\/it\/blog\/nuova-identita-visiva-di-beauville-una-modernita-radicata-nella-tradizione\/","og_locale":"it_IT","og_type":"article","og_title":"Nuova identit\u00e0 visiva di Beauvill\u00e9: Una modernit\u00e0 radicata nella tradizione","og_description":"Scopri la nuova identit\u00e0 visiva di Beauvill\u00e9: un\u2019evoluzione che unisce modernit\u00e0 e tradizione. Nuovo logo, sigillo distintivo e colori iconici per celebrare l\u2019eccellenza artigianale della biancheria per la casa.","og_url":"https:\/\/www.beauville.com\/it\/blog\/nuova-identita-visiva-di-beauville-una-modernita-radicata-nella-tradizione\/","og_site_name":"Beauvill\u00e9","article_publisher":"https:\/\/www.facebook.com\/beauville.createur","article_published_time":"2024-09-30T09:31:58+00:00","article_modified_time":"2025-05-12T09:26:29+00:00","og_image":[{"width":1080,"height":1080,"url":"https:\/\/www.beauville.com\/wp-inside\/uploads\/2024\/09\/post-a-publier-en-2eme.png","type":"image\/png"}],"author":"beauville-wp","twitter_card":"summary_large_image","twitter_misc":{"Scritto da":"beauville-wp","Tempo di lettura stimato":"3 minuti"},"schema":{"@context":"https:\/\/schema.org","@graph":[{"@type":"Article","@id":"https:\/\/www.beauville.com\/it\/blog\/nuova-identita-visiva-di-beauville-una-modernita-radicata-nella-tradizione\/#article","isPartOf":{"@id":"https:\/\/www.beauville.com\/it\/blog\/nuova-identita-visiva-di-beauville-una-modernita-radicata-nella-tradizione\/"},"author":{"name":"beauville-wp","@id":"https:\/\/www.beauville.com\/it\/#\/schema\/person\/ad0fa64b93a81bc4df4f8d1fb221a594"},"headline":"Nuova identit\u00e0 visiva di Beauvill\u00e9: Una modernit\u00e0 radicata nella tradizione","datePublished":"2024-09-30T09:31:58+00:00","dateModified":"2025-05-12T09:26:29+00:00","mainEntityOfPage":{"@id":"https:\/\/www.beauville.com\/it\/blog\/nuova-identita-visiva-di-beauville-una-modernita-radicata-nella-tradizione\/"},"wordCount":603,"publisher":{"@id":"https:\/\/www.beauville.com\/it\/#organization"},"image":{"@id":"https:\/\/www.beauville.com\/it\/blog\/nuova-identita-visiva-di-beauville-una-modernita-radicata-nella-tradizione\/#primaryimage"},"thumbnailUrl":"https:\/\/www.beauville.com\/wp-inside\/uploads\/2024\/09\/post-a-publier-en-2eme.png","articleSection":["Blog","Notizie"],"inLanguage":"it-IT"},{"@type":"WebPage","@id":"https:\/\/www.beauville.com\/it\/blog\/nuova-identita-visiva-di-beauville-una-modernita-radicata-nella-tradizione\/","url":"https:\/\/www.beauville.com\/it\/blog\/nuova-identita-visiva-di-beauville-una-modernita-radicata-nella-tradizione\/","name":"Nuova identit\u00e0 visiva di Beauvill\u00e9: Una modernit\u00e0 radicata nella tradizione","isPartOf":{"@id":"https:\/\/www.beauville.com\/it\/#website"},"primaryImageOfPage":{"@id":"https:\/\/www.beauville.com\/it\/blog\/nuova-identita-visiva-di-beauville-una-modernita-radicata-nella-tradizione\/#primaryimage"},"image":{"@id":"https:\/\/www.beauville.com\/it\/blog\/nuova-identita-visiva-di-beauville-una-modernita-radicata-nella-tradizione\/#primaryimage"},"thumbnailUrl":"https:\/\/www.beauville.com\/wp-inside\/uploads\/2024\/09\/post-a-publier-en-2eme.png","datePublished":"2024-09-30T09:31:58+00:00","dateModified":"2025-05-12T09:26:29+00:00","description":"Scopri la nuova identit\u00e0 visiva di Beauvill\u00e9: un\u2019evoluzione che unisce modernit\u00e0 e tradizione. Nuovo logo, sigillo distintivo e colori iconici per celebrare l\u2019eccellenza artigianale della biancheria per la casa.","breadcrumb":{"@id":"https:\/\/www.beauville.com\/it\/blog\/nuova-identita-visiva-di-beauville-una-modernita-radicata-nella-tradizione\/#breadcrumb"},"inLanguage":"it-IT","potentialAction":[{"@type":"ReadAction","target":["https:\/\/www.beauville.com\/it\/blog\/nuova-identita-visiva-di-beauville-una-modernita-radicata-nella-tradizione\/"]}]},{"@type":"ImageObject","inLanguage":"it-IT","@id":"https:\/\/www.beauville.com\/it\/blog\/nuova-identita-visiva-di-beauville-una-modernita-radicata-nella-tradizione\/#primaryimage","url":"https:\/\/www.beauville.com\/wp-inside\/uploads\/2024\/09\/post-a-publier-en-2eme.png","contentUrl":"https:\/\/www.beauville.com\/wp-inside\/uploads\/2024\/09\/post-a-publier-en-2eme.png","width":1080,"height":1080,"caption":"Presentazione della nuova identit\u00e0 visiva di Beauvill\u00e9, un'evoluzione elegante e moderna che riflette l'eredit\u00e0 del marchio e la sua esclusiva lavorazione artigianale della biancheria per la casa."},{"@type":"BreadcrumbList","@id":"https:\/\/www.beauville.com\/it\/blog\/nuova-identita-visiva-di-beauville-una-modernita-radicata-nella-tradizione\/#breadcrumb","itemListElement":[{"@type":"ListItem","position":1,"name":"Home","item":"https:\/\/www.beauville.com\/it\/"},{"@type":"ListItem","position":2,"name":"Blog","item":"https:\/\/www.beauville.com\/it\/blog\/"},{"@type":"ListItem","position":3,"name":"Nuova identit\u00e0 visiva di Beauvill\u00e9: Una modernit\u00e0 radicata nella tradizione"}]},{"@type":"WebSite","@id":"https:\/\/www.beauville.com\/it\/#website","url":"https:\/\/www.beauville.com\/it\/","name":"Beauvill\u00e9","description":"Creator by tradition","publisher":{"@id":"https:\/\/www.beauville.com\/it\/#organization"},"potentialAction":[{"@type":"SearchAction","target":{"@type":"EntryPoint","urlTemplate":"https:\/\/www.beauville.com\/it\/?s={search_term_string}"},"query-input":{"@type":"PropertyValueSpecification","valueRequired":true,"valueName":"search_term_string"}}],"inLanguage":"it-IT"},{"@type":"Organization","@id":"https:\/\/www.beauville.com\/it\/#organization","name":"Beauvill\u00e9","url":"https:\/\/www.beauville.com\/it\/","logo":{"@type":"ImageObject","inLanguage":"it-IT","@id":"https:\/\/www.beauville.com\/it\/#\/schema\/logo\/image\/","url":"https:\/\/www.beauville.com\/wp-inside\/uploads\/2018\/10\/beauville-logo.png","contentUrl":"https:\/\/www.beauville.com\/wp-inside\/uploads\/2018\/10\/beauville-logo.png","width":230,"height":90,"caption":"Beauvill\u00e9"},"image":{"@id":"https:\/\/www.beauville.com\/it\/#\/schema\/logo\/image\/"},"sameAs":["https:\/\/www.facebook.com\/beauville.createur","https:\/\/www.instagram.com\/beauville.createur\/","https:\/\/www.pinterest.fr\/beauvillecreateur\/_created\/","https:\/\/www.youtube.com\/channel\/UCN1DiK6SUHdildYkanOBeeA"]},{"@type":"Person","@id":"https:\/\/www.beauville.com\/it\/#\/schema\/person\/ad0fa64b93a81bc4df4f8d1fb221a594","name":"beauville-wp","image":{"@type":"ImageObject","inLanguage":"it-IT","@id":"https:\/\/secure.gravatar.com\/avatar\/ccfc9cd9974f3b2f4684fd5d1c0698785ab3815db27e5b9be74337ccd429086e?s=96&d=mm&r=g","url":"https:\/\/secure.gravatar.com\/avatar\/ccfc9cd9974f3b2f4684fd5d1c0698785ab3815db27e5b9be74337ccd429086e?s=96&d=mm&r=g","contentUrl":"https:\/\/secure.gravatar.com\/avatar\/ccfc9cd9974f3b2f4684fd5d1c0698785ab3815db27e5b9be74337ccd429086e?s=96&d=mm&r=g","caption":"beauville-wp"}}]}},"_links":{"self":[{"href":"https:\/\/www.beauville.com\/it\/wp-json\/wp\/v2\/posts\/32596","targetHints":{"allow":["GET"]}}],"collection":[{"href":"https:\/\/www.beauville.com\/it\/wp-json\/wp\/v2\/posts"}],"about":[{"href":"https:\/\/www.beauville.com\/it\/wp-json\/wp\/v2\/types\/post"}],"author":[{"embeddable":true,"href":"https:\/\/www.beauville.com\/it\/wp-json\/wp\/v2\/users\/2"}],"replies":[{"embeddable":true,"href":"https:\/\/www.beauville.com\/it\/wp-json\/wp\/v2\/comments?post=32596"}],"version-history":[{"count":2,"href":"https:\/\/www.beauville.com\/it\/wp-json\/wp\/v2\/posts\/32596\/revisions"}],"predecessor-version":[{"id":32599,"href":"https:\/\/www.beauville.com\/it\/wp-json\/wp\/v2\/posts\/32596\/revisions\/32599"}],"wp:featuredmedia":[{"embeddable":true,"href":"https:\/\/www.beauville.com\/it\/wp-json\/wp\/v2\/media\/32597"}],"wp:attachment":[{"href":"https:\/\/www.beauville.com\/it\/wp-json\/wp\/v2\/media?parent=32596"}],"wp:term":[{"taxonomy":"category","embeddable":true,"href":"https:\/\/www.beauville.com\/it\/wp-json\/wp\/v2\/categories?post=32596"},{"taxonomy":"post_tag","embeddable":true,"href":"https:\/\/www.beauville.com\/it\/wp-json\/wp\/v2\/tags?post=32596"}],"curies":[{"name":"wp","href":"https:\/\/api.w.org\/{rel}","templated":true}]}}