{"id":32600,"date":"2024-09-04T10:30:27","date_gmt":"2024-09-04T08:30:27","guid":{"rendered":"https:\/\/www.beauville.com\/senza-categoria\/une-saison-enchantee-avec-la-nouvelle-collection-beauville\/"},"modified":"2025-09-10T16:46:36","modified_gmt":"2025-09-10T14:46:36","slug":"una-stagione-incantata-con-la-nuova-collezione-beauville","status":"publish","type":"post","link":"https:\/\/www.beauville.com\/it\/blog\/una-stagione-incantata-con-la-nuova-collezione-beauville\/","title":{"rendered":"Una stagione incantata con la nuova collezione Beauvill\u00e9"},"content":{"rendered":"<p data-start=\"115\" data-end=\"174\"><strong>Lasciatevi incantare dai colori dell&#8217;autunno e dell&#8217;inverno<\/strong><\/p>\n<p data-start=\"176\" data-end=\"336\">L&#8217;autunno si fa lentamente strada, portando con s\u00e9 una nuova era di colori e motivi che prendono vita da Beauvill\u00e9 con la nuova collezione Autunno\/Inverno 2024.<\/p>\n<p data-start=\"338\" data-end=\"370\"><strong data-start=\"338\" data-end=\"370\">La metamorfosi di Darjeeling<\/strong><\/p>\n<p data-start=\"372\" data-end=\"904\">Il modello Darjeeling, che ha conquistato per il suo design senza tempo, si reinventa questa stagione. Ispirato dalle tonalit\u00e0 morbide e profonde dell&#8217;inverno, Darjeeling si veste di tre nuovi colori: <strong data-start=\"573\" data-end=\"585\">ghiaccio<\/strong>, un grigio cristallino che ricorda i primi brividi del mattino; <strong data-start=\"650\" data-end=\"663\">antracite<\/strong>, profondo ed elegante come una notte d&#8217;inverno; e <strong data-start=\"714\" data-end=\"723\">verde<\/strong>, che simboleggia la bellezza della natura. Colori vivaci, intensi e luminosi, ciascuno dei quali racconta una storia, quella di una tavola pronta ad accogliere momenti eccezionali.<\/p>\n<div id=\"attachment_31809\" class=\"wp-caption aligncenter\" style=\"width:100%;max-width:732px\"><a href=\"https:\/\/www.beauville.com\/shop\/it\/home\/2238-tovaglia-rivestita-darjeeling.html\" target=\"_blank\" rel=\"noopener\"><img decoding=\"async\" src=\"https:\/\/www.beauville.com\/wp-inside\/uploads\/2024\/09\/bd_11838_darjeeling_5_givre_nappe-732x549.jpg\" class=\"size-large\" \/><\/a><p class=\"wp-caption-text\">Tovaglia Darjeeling ghiaccio<\/p><\/div>\n<div id=\"attachment_31806\" class=\"wp-caption aligncenter\" style=\"width:100%;max-width:350px\"><a href=\"https:\/\/www.beauville.com\/shop\/it\/home\/2238-tovaglia-rivestita-darjeeling.html\" target=\"_blank\" rel=\"noopener\"><img decoding=\"async\" src=\"https:\/\/www.beauville.com\/wp-inside\/uploads\/2024\/09\/bd_11838_darjeeling_4_anthracite_nappe-350x263.jpg\" class=\"size-medium\" \/><\/a><p class=\"wp-caption-text\">Tovaglia Darjeeling antracite<\/p><\/div>\n<div id=\"attachment_31800\" class=\"wp-caption aligncenter\" style=\"width:100%;max-width:732px\"><a href=\"https:\/\/www.beauville.com\/shop\/it\/home\/2238-tovaglia-rivestita-darjeeling.html?#\/114-colore-menthe\/48-dimensione-quadrato_170_x_170_cm\" target=\"_blank\" rel=\"noopener\"><img decoding=\"async\" src=\"https:\/\/www.beauville.com\/wp-inside\/uploads\/2024\/09\/bd_11838_darjeeling_6_vert_nappe-e1725434588165-732x549.jpg\" class=\"size-large\" \/><\/a><p class=\"wp-caption-text\">Tovaglia Darjeeling verde<\/p><\/div>\n<p>&nbsp;<\/p>\n<p data-start=\"1010\" data-end=\"1076\"><strong data-start=\"1010\" data-end=\"1076\">Topkapi: il must-have del marchio si tinge di colori invernali<\/strong><\/p>\n<p data-start=\"1078\" data-end=\"1364\">Il disegno Topkapi si arricchisce di due splendide tonalit\u00e0, tanto senza tempo quanto audaci, per il piacere di ricevere. Scoprite il <strong data-start=\"1212\" data-end=\"1230\">colore mattone<\/strong>, caldo e avvolgente, e il <strong data-start=\"1257\" data-end=\"1276\">colore smeraldo<\/strong>, intenso e prezioso: due nuance per creare una tavola raffinata e al passo con i tempi.<\/p>\n<div id=\"attachment_31839\" class=\"wp-caption alignleft\" style=\"width:100%;max-width:403px\"><a href=\"https:\/\/www.beauville.com\/shop\/it\/novita\/2239-tovaglia-rivestita-topkapi.html#\/301-couleur-grenadine\/48-taille-carree_170_x_170_cm\" target=\"_blank\" rel=\"noopener\"><img decoding=\"async\" src=\"https:\/\/www.beauville.com\/wp-inside\/uploads\/2024\/09\/bd_10496_topkapi_78_brique_nappe-732x549.jpg\" \/><\/a><p class=\"wp-caption-text\">Tovaglia Topkapi mattone<\/p><\/div>\n<div id=\"attachment_31803\" class=\"wp-caption alignleft\" style=\"width:100%;max-width:373px\"><a href=\"https:\/\/www.beauville.com\/shop\/it\/novita\/2239-tovaglia-rivestita-topkapi.html#\/114-colore-menthe\/48-dimensione-quadrato_170_x_170_cm\" target=\"_blank\" rel=\"noopener\"><img decoding=\"async\" src=\"https:\/\/www.beauville.com\/wp-inside\/uploads\/2024\/09\/bd_10496_topkapi_79_emeraude_nappe-e1730366937392.jpg\" \/><\/a><p class=\"wp-caption-text\">Tovaglia Topkapi smeraldo<\/p><\/div>\n<p>&nbsp;<\/p>\n<p>&nbsp;<\/p>\n<p>&nbsp;<\/p>\n<p>&nbsp;<\/p>\n<p>&nbsp;<\/p>\n<p>&nbsp;<\/p>\n<p>&nbsp;<\/p>\n<p>&nbsp;<\/p>\n<p>&nbsp;<\/p>\n<p data-start=\"1430\" data-end=\"1499\"><strong data-start=\"1430\" data-end=\"1499\">Passeggiata in inverno: un viaggio nel cuore dei paesaggi nordici<\/strong><\/p>\n<p data-start=\"1501\" data-end=\"2112\">&#8220;<strong data-start=\"1502\" data-end=\"1528\">Passeggiata in Inverno<\/strong>&#8221; \u00e8 un motivo inedito che rievoca la tradizione nordica con un vero spirito di modernit\u00e0. Proposto in quattro colori, evoca i paesaggi incantevoli che solo l&#8217;inverno sa rivelare. Le sottili sfumature <strong data-start=\"1728\" data-end=\"1747\">antracite\/taupe<\/strong> richiamano le lunghe notti invernali, dove il silenzio si fa strada sotto un cielo stellato. Le variazioni <strong data-start=\"1855\" data-end=\"1873\">avorio\/carmine<\/strong> e <strong data-start=\"1876\" data-end=\"1890\">avorio\/blu<\/strong> ricordano la dolcezza delle mattine innevate, quando la luce si riflette sulla neve fresca. Il colore <strong data-start=\"1993\" data-end=\"2008\">rosso\/beige<\/strong> si ispira alle tonalit\u00e0 calde di un fuoco acceso, creando un&#8217;atmosfera incantata e una tavola da festa.<\/p>\n<div id=\"attachment_31821\" class=\"wp-caption alignleft\" style=\"width:100%;max-width:467px\"><a href=\"https:\/\/www.beauville.com\/shop\/it\/home\/1998-tovaglia-balade-en-hiver.html#\/48-dimensione-quadrato_170_x_170_cm\/300-colore-avorio_rosso\" target=\"_blank\" rel=\"noopener\"><img decoding=\"async\" src=\"https:\/\/www.beauville.com\/wp-inside\/uploads\/2024\/09\/bd_11848_balade_en_hiver_3_ivoire_carmin_nappe.jpg\" \/><\/a><p class=\"wp-caption-text\">Tovaglia Passeggiata in Inverno avorio\/rosso<\/p><\/div>\n<div id=\"attachment_31818\" class=\"wp-caption alignleft\" style=\"width:100%;max-width:470px\"><a href=\"https:\/\/www.beauville.com\/shop\/it\/home\/1998-tovaglia-balade-en-hiver.html#\/48-dimensione-quadrato_170_x_170_cm\/299-colore-avorio_blu\" target=\"_blank\" rel=\"noopener\"><img decoding=\"async\" src=\"https:\/\/www.beauville.com\/wp-inside\/uploads\/2024\/09\/bd_11848_balade_en_hiver_2_ivoire_bleu_nappe.jpg\" \/><\/a><p class=\"wp-caption-text\">Tovaglia Passeggiata in Inverno avorio\/blu<\/p><\/div>\n<p>&nbsp;<\/p>\n<p>&nbsp;<\/p>\n<p>&nbsp;<\/p>\n<p>&nbsp;<\/p>\n<p>&nbsp;<\/p>\n<p>&nbsp;<\/p>\n<p>&nbsp;<\/p>\n<p>&nbsp;<\/p>\n<div id=\"attachment_31815\" class=\"wp-caption alignleft\" style=\"width:100%;max-width:467px\"><a href=\"https:\/\/www.beauville.com\/shop\/it\/home\/1998-tovaglia-balade-en-hiver.html#\/48-dimensione-quadrato_170_x_170_cm\/29-colore-anthracite\" target=\"_blank\" rel=\"noopener\"><img decoding=\"async\" src=\"https:\/\/www.beauville.com\/wp-inside\/uploads\/2024\/09\/bd_11848_balade_en_hiver_1_anthracite_nappe.jpg\" \/><\/a><p class=\"wp-caption-text\">Tovaglia Passeggiata in Inverno antracite<\/p><\/div>\n<div id=\"attachment_31824\" class=\"wp-caption alignleft\" style=\"width:100%;max-width:466px\"><a href=\"https:\/\/www.beauville.com\/shop\/it\/home\/1998-tovaglia-balade-en-hiver.html#\/48-dimensione-quadrato_170_x_170_cm\/20-colore-rosso\" target=\"_blank\" rel=\"noopener\"><img decoding=\"async\" src=\"https:\/\/www.beauville.com\/wp-inside\/uploads\/2024\/09\/bd_11848_balade_en_hiver_4_rouge_beige_nappe.jpg\" \/><\/a><p class=\"wp-caption-text\">Tovaglia Passeggiata in Inverno rosso<\/p><\/div>\n<p>&nbsp;<\/p>\n<p>&nbsp;<\/p>\n<p>&nbsp;<\/p>\n<p>&nbsp;<\/p>\n<p>&nbsp;<\/p>\n<p>&nbsp;<\/p>\n<p>&nbsp;<\/p>\n<p>&nbsp;<\/p>\n<p>&nbsp;<\/p>\n<p data-start=\"2307\" data-end=\"2367\"><strong data-start=\"2307\" data-end=\"2367\">Magia di Natale: lo spirito delle feste sulla tua tavola<\/strong><\/p>\n<p data-start=\"2369\" data-end=\"2830\">Il design <strong data-start=\"2379\" data-end=\"2398\">Magia di Natale<\/strong> \u00e8 stato realizzato con finezza e passione per ricreare l&#8217;universo magico e fiabesco del Natale. Questa tovaglia, simbolo delle festivit\u00e0 per eccellenza, ci invita a ritrovare la tradizione e a riunire familiari e amici attorno a un pasto speciale. Motivi scintillanti, colori brillanti e un tocco setoso per una decorazione sia festiva che elegante. Entrate nello spirito delle feste e godetevi un&#8217;atmosfera colorata e accogliente.<\/p>\n<div id=\"attachment_31836\" class=\"wp-caption alignleft\" style=\"width:100%;max-width:432px\"><a href=\"https:\/\/www.beauville.com\/shop\/it\/home\/2002-tovaglia-magie-de-noel.html#\/6-colore-verde\/48-dimensione-quadrato_170_x_170_cm\" target=\"_blank\" rel=\"noopener\"><img decoding=\"async\" src=\"https:\/\/www.beauville.com\/wp-inside\/uploads\/2024\/09\/bd_11850_magie_de_noel_2_vert_nappe_rectangle.jpg\" \/><\/a><p class=\"wp-caption-text\">Tovaglia Magia di Natale verde<\/p><\/div>\n<div id=\"attachment_31830\" class=\"wp-caption alignleft\" style=\"width:100%;max-width:433px\"><a href=\"https:\/\/www.beauville.com\/shop\/it\/home\/2002-tovaglia-magie-de-noel.html\" target=\"_blank\" rel=\"noopener\"><img decoding=\"async\" src=\"https:\/\/www.beauville.com\/wp-inside\/uploads\/2024\/09\/bd_11850_magie_de_noel_1_rouge_nappe_rectangle.jpg\" \/><\/a><p class=\"wp-caption-text\">Tovaglia Magia di Natale rossa<\/p><\/div>\n<p>&nbsp;<\/p>\n<p>&nbsp;<\/p>\n<p>&nbsp;<\/p>\n<p>&nbsp;<\/p>\n<p>&nbsp;<\/p>\n<p>&nbsp;<\/p>\n<p>&nbsp;<\/p>\n<p>&nbsp;<\/p>\n<p>&nbsp;<\/p>\n<p data-start=\"2907\" data-end=\"2971\"><strong data-start=\"2907\" data-end=\"2971\">Asciugamani per celebrare la tradizione del Natale in cucina<\/strong><\/p>\n<p data-start=\"2973\" data-end=\"3573\">I nuovi asciugamani da cucina Beauvill\u00e9 sono veri e propri must-have per questa stagione, dove i pasti conviviali sono al centro dell&#8217;attenzione. Ogni motivo \u00e8 disegnato con cura per aggiungere un tocco di storia incantata alla vostra cucina. <strong data-start=\"3216\" data-end=\"3234\">Casse-Noisette<\/strong> vi trasporta nell&#8217;universo fiabesco del celebre balletto, mentre <strong data-start=\"3300\" data-end=\"3321\">Chalets Enchant\u00e9s<\/strong> evoca lo spirito campestre per chi \u00e8 nostalgico delle montagne (in blu e rosso). Per un tocco di allegria, <strong data-start=\"3429\" data-end=\"3446\">Lutins Malins<\/strong> aggiunge una nota giocosa, e <strong data-start=\"3476\" data-end=\"3498\">Promenade Nordique<\/strong>, nelle varianti ardesia e rosso, cattura l&#8217;essenza dei paesaggi invernali.<\/p>\n<p>&nbsp;<\/p>\n<div id=\"attachment_31875\" class=\"wp-caption alignleft\" style=\"width:100%;max-width:290px\"><a href=\"https:\/\/www.beauville.com\/shop\/it\/biancheria-da-cucina\/2015-strofinaccio-chalets-enchantes.html\" target=\"_blank\" rel=\"noopener\"><img decoding=\"async\" src=\"https:\/\/www.beauville.com\/wp-inside\/uploads\/2024\/09\/11845_chalets_enchantes_1_bleu_torchon-458x732.jpg\" \/><\/a><p class=\"wp-caption-text\">Asciugamano Chalets Enchant\u00e9s blu<\/p><\/div>\n<div id=\"attachment_31851\" class=\"wp-caption alignleft\" style=\"width:100%;max-width:189px\"><a href=\"https:\/\/www.beauville.com\/shop\/it\/biancheria-da-cucina\/2014-strofinaccio-casse-noisette.html\" target=\"_blank\" rel=\"noopener\"><img decoding=\"async\" src=\"https:\/\/www.beauville.com\/wp-inside\/uploads\/2024\/09\/11846_casse-noisette_1_original_torchon.jpg\" \/><\/a><p class=\"wp-caption-text\">Asciugamano Casse-Noisette<\/p><\/div>\n<div id=\"attachment_31857\" class=\"wp-caption alignleft\" style=\"width:100%;max-width:186px\"><a href=\"https:\/\/www.beauville.com\/shop\/it\/biancheria-da-cucina\/2012-strofinaccio-lutins-malins.html\" target=\"_blank\" rel=\"noopener\"><img decoding=\"async\" src=\"https:\/\/www.beauville.com\/wp-inside\/uploads\/2024\/09\/11847_lutins-malins_col.1-original.jpg\" \/><\/a><p class=\"wp-caption-text\">Asciugamano Lutins Malins<\/p><\/div>\n<div id=\"attachment_31869\" class=\"wp-caption alignleft\" style=\"width:100%;max-width:184px\"><a href=\"http:\/\/beauville.com\/shop\/it\/biancheria-da-cucina\/2013-strofinaccio-promenade-nordique.html#\/20-couleur-rouge\" target=\"_blank\" rel=\"noopener\"><img decoding=\"async\" src=\"https:\/\/www.beauville.com\/wp-inside\/uploads\/2024\/09\/11851_promenade-nordique_2_rouge_torchon.jpg\" \/><\/a><p class=\"wp-caption-text\">Asciugamano Promenade Nordique rosso<\/p><\/div>\n<p>&nbsp;<\/p>\n<p>&nbsp;<\/p>\n<p>&nbsp;<\/p>\n<p>&nbsp;<\/p>\n<p>&nbsp;<\/p>\n<p>&nbsp;<\/p>\n<p>&nbsp;<\/p>\n<p>&nbsp;<\/p>\n<p>&nbsp;<\/p>\n<p>&nbsp;<\/p>\n<p>&nbsp;<\/p>\n<p>&nbsp;<\/p>\n<p>&nbsp;<\/p>\n<p>&nbsp;<\/p>\n<p>&nbsp;<\/p>\n<p>&nbsp;<\/p>\n<p>&nbsp;<\/p>\n<p>&nbsp;<\/p>\n<p>&nbsp;<\/p>\n<p>&nbsp;<\/p>\n<p>&nbsp;<\/p>\n<p>&nbsp;<\/p>\n<p>&nbsp;<\/p>\n<p>&nbsp;<\/p>\n<p>&nbsp;<\/p>\n<p>&nbsp;<\/p>\n<p>&nbsp;<\/p>\n<p>&nbsp;<\/p>\n<p>&nbsp;<\/p>\n<p>&nbsp;<\/p>\n<p>&nbsp;<\/p>\n<p data-start=\"3724\" data-end=\"3816\">Un florilegio di asciugamani da regalare o da regalarsi per completare la vostra collezione.<\/p>\n<p data-start=\"3818\" data-end=\"3932\">Sempre fedele a atmosfere colorate e accoglienti, Beauvill\u00e9 propone nuove tovaglie per creare decorazioni inedite.<\/p>\n<p>&nbsp;<\/p>\n","protected":false},"excerpt":{"rendered":"<p>Lasciatevi incantare dai colori dell&#8217;autunno e dell&#8217;inverno L&#8217;autunno si fa lentamente strada, portando con s\u00e9 una nuova era di colori e motivi che prendono vita da Beauvill\u00e9 con la nuova [&hellip;]<\/p>\n","protected":false},"author":2,"featured_media":32602,"comment_status":"closed","ping_status":"closed","sticky":false,"template":"","format":"standard","meta":{"_acf_changed":false,"footnotes":""},"categories":[57,67],"tags":[],"class_list":["post-32600","post","type-post","status-publish","format-standard","has-post-thumbnail","hentry","category-blog","category-notizie","wp-sticky"],"acf":[],"yoast_head":"<!-- This site is optimized with the Yoast SEO plugin v27.5 - https:\/\/yoast.com\/product\/yoast-seo-wordpress\/ -->\n<title>Una stagione incantata con la nuova collezione Beauvill\u00e9<\/title>\n<meta name=\"description\" content=\"D\u00e9couvrez la nouvelle collection Automne\/Hiver 2024 Beauvill\u00e9 et laissez-vous envo\u00fbter par les couleurs et motifs inspir\u00e9s des saisons froides. Entre r\u00e9invention de classiques comme Darjeeling et Topkapi, et les nouveaux motifs enchanteurs de &quot;Balade en Hiver&quot; et &quot;Magie de No\u00ebl&quot;, chaque cr\u00e9ation invite \u00e0 sublimer vos moments de partage en associant l&#039;\u00e9l\u00e9gance et la tradition.\" \/>\n<meta name=\"robots\" content=\"index, follow, max-snippet:-1, max-image-preview:large, max-video-preview:-1\" \/>\n<link rel=\"canonical\" href=\"https:\/\/www.beauville.com\/it\/blog\/una-stagione-incantata-con-la-nuova-collezione-beauville\/\" \/>\n<meta property=\"og:locale\" content=\"it_IT\" \/>\n<meta property=\"og:type\" content=\"article\" \/>\n<meta property=\"og:title\" content=\"Una stagione incantata con la nuova collezione Beauvill\u00e9\" \/>\n<meta property=\"og:description\" content=\"D\u00e9couvrez la nouvelle collection Automne\/Hiver 2024 Beauvill\u00e9 et laissez-vous envo\u00fbter par les couleurs et motifs inspir\u00e9s des saisons froides. Entre r\u00e9invention de classiques comme Darjeeling et Topkapi, et les nouveaux motifs enchanteurs de &quot;Balade en Hiver&quot; et &quot;Magie de No\u00ebl&quot;, chaque cr\u00e9ation invite \u00e0 sublimer vos moments de partage en associant l&#039;\u00e9l\u00e9gance et la tradition.\" \/>\n<meta property=\"og:url\" content=\"https:\/\/www.beauville.com\/it\/blog\/una-stagione-incantata-con-la-nuova-collezione-beauville\/\" \/>\n<meta property=\"og:site_name\" content=\"Beauvill\u00e9\" \/>\n<meta property=\"article:publisher\" content=\"https:\/\/www.facebook.com\/beauville.createur\" \/>\n<meta property=\"article:published_time\" content=\"2024-09-04T08:30:27+00:00\" \/>\n<meta property=\"article:modified_time\" content=\"2025-09-10T14:46:36+00:00\" \/>\n<meta property=\"og:image\" content=\"https:\/\/www.beauville.com\/wp-inside\/uploads\/2024\/09\/bd_11838_darjeeling_6_vert_nappe-1.jpg\" \/>\n\t<meta property=\"og:image:width\" content=\"2000\" \/>\n\t<meta property=\"og:image:height\" content=\"1704\" \/>\n\t<meta property=\"og:image:type\" content=\"image\/jpeg\" \/>\n<meta name=\"author\" content=\"beauville-wp\" \/>\n<meta name=\"twitter:card\" content=\"summary_large_image\" \/>\n<meta name=\"twitter:label1\" content=\"Scritto da\" \/>\n\t<meta name=\"twitter:data1\" content=\"beauville-wp\" \/>\n\t<meta name=\"twitter:label2\" content=\"Tempo di lettura stimato\" \/>\n\t<meta name=\"twitter:data2\" content=\"4 minuti\" \/>\n<script type=\"application\/ld+json\" class=\"yoast-schema-graph\">{\"@context\":\"https:\\\/\\\/schema.org\",\"@graph\":[{\"@type\":\"Article\",\"@id\":\"https:\\\/\\\/www.beauville.com\\\/it\\\/blog\\\/una-stagione-incantata-con-la-nuova-collezione-beauville\\\/#article\",\"isPartOf\":{\"@id\":\"https:\\\/\\\/www.beauville.com\\\/it\\\/blog\\\/una-stagione-incantata-con-la-nuova-collezione-beauville\\\/\"},\"author\":{\"name\":\"beauville-wp\",\"@id\":\"https:\\\/\\\/www.beauville.com\\\/it\\\/#\\\/schema\\\/person\\\/ad0fa64b93a81bc4df4f8d1fb221a594\"},\"headline\":\"Una stagione incantata con la nuova collezione Beauvill\u00e9\",\"datePublished\":\"2024-09-04T08:30:27+00:00\",\"dateModified\":\"2025-09-10T14:46:36+00:00\",\"mainEntityOfPage\":{\"@id\":\"https:\\\/\\\/www.beauville.com\\\/it\\\/blog\\\/una-stagione-incantata-con-la-nuova-collezione-beauville\\\/\"},\"wordCount\":730,\"publisher\":{\"@id\":\"https:\\\/\\\/www.beauville.com\\\/it\\\/#organization\"},\"image\":{\"@id\":\"https:\\\/\\\/www.beauville.com\\\/it\\\/blog\\\/una-stagione-incantata-con-la-nuova-collezione-beauville\\\/#primaryimage\"},\"thumbnailUrl\":\"https:\\\/\\\/www.beauville.com\\\/wp-inside\\\/uploads\\\/2024\\\/09\\\/bd_11838_darjeeling_6_vert_nappe-1.jpg\",\"articleSection\":[\"Blog\",\"Notizie\"],\"inLanguage\":\"it-IT\"},{\"@type\":\"WebPage\",\"@id\":\"https:\\\/\\\/www.beauville.com\\\/it\\\/blog\\\/una-stagione-incantata-con-la-nuova-collezione-beauville\\\/\",\"url\":\"https:\\\/\\\/www.beauville.com\\\/it\\\/blog\\\/una-stagione-incantata-con-la-nuova-collezione-beauville\\\/\",\"name\":\"Una stagione incantata con la nuova collezione Beauvill\u00e9\",\"isPartOf\":{\"@id\":\"https:\\\/\\\/www.beauville.com\\\/it\\\/#website\"},\"primaryImageOfPage\":{\"@id\":\"https:\\\/\\\/www.beauville.com\\\/it\\\/blog\\\/una-stagione-incantata-con-la-nuova-collezione-beauville\\\/#primaryimage\"},\"image\":{\"@id\":\"https:\\\/\\\/www.beauville.com\\\/it\\\/blog\\\/una-stagione-incantata-con-la-nuova-collezione-beauville\\\/#primaryimage\"},\"thumbnailUrl\":\"https:\\\/\\\/www.beauville.com\\\/wp-inside\\\/uploads\\\/2024\\\/09\\\/bd_11838_darjeeling_6_vert_nappe-1.jpg\",\"datePublished\":\"2024-09-04T08:30:27+00:00\",\"dateModified\":\"2025-09-10T14:46:36+00:00\",\"description\":\"D\u00e9couvrez la nouvelle collection Automne\\\/Hiver 2024 Beauvill\u00e9 et laissez-vous envo\u00fbter par les couleurs et motifs inspir\u00e9s des saisons froides. Entre r\u00e9invention de classiques comme Darjeeling et Topkapi, et les nouveaux motifs enchanteurs de \\\"Balade en Hiver\\\" et \\\"Magie de No\u00ebl\\\", chaque cr\u00e9ation invite \u00e0 sublimer vos moments de partage en associant l'\u00e9l\u00e9gance et la tradition.\",\"breadcrumb\":{\"@id\":\"https:\\\/\\\/www.beauville.com\\\/it\\\/blog\\\/una-stagione-incantata-con-la-nuova-collezione-beauville\\\/#breadcrumb\"},\"inLanguage\":\"it-IT\",\"potentialAction\":[{\"@type\":\"ReadAction\",\"target\":[\"https:\\\/\\\/www.beauville.com\\\/it\\\/blog\\\/una-stagione-incantata-con-la-nuova-collezione-beauville\\\/\"]}]},{\"@type\":\"ImageObject\",\"inLanguage\":\"it-IT\",\"@id\":\"https:\\\/\\\/www.beauville.com\\\/it\\\/blog\\\/una-stagione-incantata-con-la-nuova-collezione-beauville\\\/#primaryimage\",\"url\":\"https:\\\/\\\/www.beauville.com\\\/wp-inside\\\/uploads\\\/2024\\\/09\\\/bd_11838_darjeeling_6_vert_nappe-1.jpg\",\"contentUrl\":\"https:\\\/\\\/www.beauville.com\\\/wp-inside\\\/uploads\\\/2024\\\/09\\\/bd_11838_darjeeling_6_vert_nappe-1.jpg\",\"width\":2000,\"height\":1704,\"caption\":\"Tovaglia verde Darjeeling di Beauvill\u00e9, con un raffinato motivo floreale e colori naturali per una tavola elegante e senza tempo.\"},{\"@type\":\"BreadcrumbList\",\"@id\":\"https:\\\/\\\/www.beauville.com\\\/it\\\/blog\\\/una-stagione-incantata-con-la-nuova-collezione-beauville\\\/#breadcrumb\",\"itemListElement\":[{\"@type\":\"ListItem\",\"position\":1,\"name\":\"Home\",\"item\":\"https:\\\/\\\/www.beauville.com\\\/it\\\/\"},{\"@type\":\"ListItem\",\"position\":2,\"name\":\"Blog\",\"item\":\"https:\\\/\\\/www.beauville.com\\\/it\\\/blog\\\/\"},{\"@type\":\"ListItem\",\"position\":3,\"name\":\"Una stagione incantata con la nuova collezione Beauvill\u00e9\"}]},{\"@type\":\"WebSite\",\"@id\":\"https:\\\/\\\/www.beauville.com\\\/it\\\/#website\",\"url\":\"https:\\\/\\\/www.beauville.com\\\/it\\\/\",\"name\":\"Beauvill\u00e9\",\"description\":\"Creator by tradition\",\"publisher\":{\"@id\":\"https:\\\/\\\/www.beauville.com\\\/it\\\/#organization\"},\"potentialAction\":[{\"@type\":\"SearchAction\",\"target\":{\"@type\":\"EntryPoint\",\"urlTemplate\":\"https:\\\/\\\/www.beauville.com\\\/it\\\/?s={search_term_string}\"},\"query-input\":{\"@type\":\"PropertyValueSpecification\",\"valueRequired\":true,\"valueName\":\"search_term_string\"}}],\"inLanguage\":\"it-IT\"},{\"@type\":\"Organization\",\"@id\":\"https:\\\/\\\/www.beauville.com\\\/it\\\/#organization\",\"name\":\"Beauvill\u00e9\",\"url\":\"https:\\\/\\\/www.beauville.com\\\/it\\\/\",\"logo\":{\"@type\":\"ImageObject\",\"inLanguage\":\"it-IT\",\"@id\":\"https:\\\/\\\/www.beauville.com\\\/it\\\/#\\\/schema\\\/logo\\\/image\\\/\",\"url\":\"https:\\\/\\\/www.beauville.com\\\/wp-inside\\\/uploads\\\/2018\\\/10\\\/beauville-logo.png\",\"contentUrl\":\"https:\\\/\\\/www.beauville.com\\\/wp-inside\\\/uploads\\\/2018\\\/10\\\/beauville-logo.png\",\"width\":230,\"height\":90,\"caption\":\"Beauvill\u00e9\"},\"image\":{\"@id\":\"https:\\\/\\\/www.beauville.com\\\/it\\\/#\\\/schema\\\/logo\\\/image\\\/\"},\"sameAs\":[\"https:\\\/\\\/www.facebook.com\\\/beauville.createur\",\"https:\\\/\\\/www.instagram.com\\\/beauville.createur\\\/\",\"https:\\\/\\\/www.pinterest.fr\\\/beauvillecreateur\\\/_created\\\/\",\"https:\\\/\\\/www.youtube.com\\\/channel\\\/UCN1DiK6SUHdildYkanOBeeA\"]},{\"@type\":\"Person\",\"@id\":\"https:\\\/\\\/www.beauville.com\\\/it\\\/#\\\/schema\\\/person\\\/ad0fa64b93a81bc4df4f8d1fb221a594\",\"name\":\"beauville-wp\",\"image\":{\"@type\":\"ImageObject\",\"inLanguage\":\"it-IT\",\"@id\":\"https:\\\/\\\/secure.gravatar.com\\\/avatar\\\/ccfc9cd9974f3b2f4684fd5d1c0698785ab3815db27e5b9be74337ccd429086e?s=96&d=mm&r=g\",\"url\":\"https:\\\/\\\/secure.gravatar.com\\\/avatar\\\/ccfc9cd9974f3b2f4684fd5d1c0698785ab3815db27e5b9be74337ccd429086e?s=96&d=mm&r=g\",\"contentUrl\":\"https:\\\/\\\/secure.gravatar.com\\\/avatar\\\/ccfc9cd9974f3b2f4684fd5d1c0698785ab3815db27e5b9be74337ccd429086e?s=96&d=mm&r=g\",\"caption\":\"beauville-wp\"}}]}<\/script>\n<!-- \/ Yoast SEO plugin. -->","yoast_head_json":{"title":"Una stagione incantata con la nuova collezione Beauvill\u00e9","description":"D\u00e9couvrez la nouvelle collection Automne\/Hiver 2024 Beauvill\u00e9 et laissez-vous envo\u00fbter par les couleurs et motifs inspir\u00e9s des saisons froides. Entre r\u00e9invention de classiques comme Darjeeling et Topkapi, et les nouveaux motifs enchanteurs de \"Balade en Hiver\" et \"Magie de No\u00ebl\", chaque cr\u00e9ation invite \u00e0 sublimer vos moments de partage en associant l'\u00e9l\u00e9gance et la tradition.","robots":{"index":"index","follow":"follow","max-snippet":"max-snippet:-1","max-image-preview":"max-image-preview:large","max-video-preview":"max-video-preview:-1"},"canonical":"https:\/\/www.beauville.com\/it\/blog\/una-stagione-incantata-con-la-nuova-collezione-beauville\/","og_locale":"it_IT","og_type":"article","og_title":"Una stagione incantata con la nuova collezione Beauvill\u00e9","og_description":"D\u00e9couvrez la nouvelle collection Automne\/Hiver 2024 Beauvill\u00e9 et laissez-vous envo\u00fbter par les couleurs et motifs inspir\u00e9s des saisons froides. Entre r\u00e9invention de classiques comme Darjeeling et Topkapi, et les nouveaux motifs enchanteurs de \"Balade en Hiver\" et \"Magie de No\u00ebl\", chaque cr\u00e9ation invite \u00e0 sublimer vos moments de partage en associant l'\u00e9l\u00e9gance et la tradition.","og_url":"https:\/\/www.beauville.com\/it\/blog\/una-stagione-incantata-con-la-nuova-collezione-beauville\/","og_site_name":"Beauvill\u00e9","article_publisher":"https:\/\/www.facebook.com\/beauville.createur","article_published_time":"2024-09-04T08:30:27+00:00","article_modified_time":"2025-09-10T14:46:36+00:00","og_image":[{"width":2000,"height":1704,"url":"https:\/\/www.beauville.com\/wp-inside\/uploads\/2024\/09\/bd_11838_darjeeling_6_vert_nappe-1.jpg","type":"image\/jpeg"}],"author":"beauville-wp","twitter_card":"summary_large_image","twitter_misc":{"Scritto da":"beauville-wp","Tempo di lettura stimato":"4 minuti"},"schema":{"@context":"https:\/\/schema.org","@graph":[{"@type":"Article","@id":"https:\/\/www.beauville.com\/it\/blog\/una-stagione-incantata-con-la-nuova-collezione-beauville\/#article","isPartOf":{"@id":"https:\/\/www.beauville.com\/it\/blog\/una-stagione-incantata-con-la-nuova-collezione-beauville\/"},"author":{"name":"beauville-wp","@id":"https:\/\/www.beauville.com\/it\/#\/schema\/person\/ad0fa64b93a81bc4df4f8d1fb221a594"},"headline":"Una stagione incantata con la nuova collezione Beauvill\u00e9","datePublished":"2024-09-04T08:30:27+00:00","dateModified":"2025-09-10T14:46:36+00:00","mainEntityOfPage":{"@id":"https:\/\/www.beauville.com\/it\/blog\/una-stagione-incantata-con-la-nuova-collezione-beauville\/"},"wordCount":730,"publisher":{"@id":"https:\/\/www.beauville.com\/it\/#organization"},"image":{"@id":"https:\/\/www.beauville.com\/it\/blog\/una-stagione-incantata-con-la-nuova-collezione-beauville\/#primaryimage"},"thumbnailUrl":"https:\/\/www.beauville.com\/wp-inside\/uploads\/2024\/09\/bd_11838_darjeeling_6_vert_nappe-1.jpg","articleSection":["Blog","Notizie"],"inLanguage":"it-IT"},{"@type":"WebPage","@id":"https:\/\/www.beauville.com\/it\/blog\/una-stagione-incantata-con-la-nuova-collezione-beauville\/","url":"https:\/\/www.beauville.com\/it\/blog\/una-stagione-incantata-con-la-nuova-collezione-beauville\/","name":"Una stagione incantata con la nuova collezione Beauvill\u00e9","isPartOf":{"@id":"https:\/\/www.beauville.com\/it\/#website"},"primaryImageOfPage":{"@id":"https:\/\/www.beauville.com\/it\/blog\/una-stagione-incantata-con-la-nuova-collezione-beauville\/#primaryimage"},"image":{"@id":"https:\/\/www.beauville.com\/it\/blog\/una-stagione-incantata-con-la-nuova-collezione-beauville\/#primaryimage"},"thumbnailUrl":"https:\/\/www.beauville.com\/wp-inside\/uploads\/2024\/09\/bd_11838_darjeeling_6_vert_nappe-1.jpg","datePublished":"2024-09-04T08:30:27+00:00","dateModified":"2025-09-10T14:46:36+00:00","description":"D\u00e9couvrez la nouvelle collection Automne\/Hiver 2024 Beauvill\u00e9 et laissez-vous envo\u00fbter par les couleurs et motifs inspir\u00e9s des saisons froides. Entre r\u00e9invention de classiques comme Darjeeling et Topkapi, et les nouveaux motifs enchanteurs de \"Balade en Hiver\" et \"Magie de No\u00ebl\", chaque cr\u00e9ation invite \u00e0 sublimer vos moments de partage en associant l'\u00e9l\u00e9gance et la tradition.","breadcrumb":{"@id":"https:\/\/www.beauville.com\/it\/blog\/una-stagione-incantata-con-la-nuova-collezione-beauville\/#breadcrumb"},"inLanguage":"it-IT","potentialAction":[{"@type":"ReadAction","target":["https:\/\/www.beauville.com\/it\/blog\/una-stagione-incantata-con-la-nuova-collezione-beauville\/"]}]},{"@type":"ImageObject","inLanguage":"it-IT","@id":"https:\/\/www.beauville.com\/it\/blog\/una-stagione-incantata-con-la-nuova-collezione-beauville\/#primaryimage","url":"https:\/\/www.beauville.com\/wp-inside\/uploads\/2024\/09\/bd_11838_darjeeling_6_vert_nappe-1.jpg","contentUrl":"https:\/\/www.beauville.com\/wp-inside\/uploads\/2024\/09\/bd_11838_darjeeling_6_vert_nappe-1.jpg","width":2000,"height":1704,"caption":"Tovaglia verde Darjeeling di Beauvill\u00e9, con un raffinato motivo floreale e colori naturali per una tavola elegante e senza tempo."},{"@type":"BreadcrumbList","@id":"https:\/\/www.beauville.com\/it\/blog\/una-stagione-incantata-con-la-nuova-collezione-beauville\/#breadcrumb","itemListElement":[{"@type":"ListItem","position":1,"name":"Home","item":"https:\/\/www.beauville.com\/it\/"},{"@type":"ListItem","position":2,"name":"Blog","item":"https:\/\/www.beauville.com\/it\/blog\/"},{"@type":"ListItem","position":3,"name":"Una stagione incantata con la nuova collezione Beauvill\u00e9"}]},{"@type":"WebSite","@id":"https:\/\/www.beauville.com\/it\/#website","url":"https:\/\/www.beauville.com\/it\/","name":"Beauvill\u00e9","description":"Creator by tradition","publisher":{"@id":"https:\/\/www.beauville.com\/it\/#organization"},"potentialAction":[{"@type":"SearchAction","target":{"@type":"EntryPoint","urlTemplate":"https:\/\/www.beauville.com\/it\/?s={search_term_string}"},"query-input":{"@type":"PropertyValueSpecification","valueRequired":true,"valueName":"search_term_string"}}],"inLanguage":"it-IT"},{"@type":"Organization","@id":"https:\/\/www.beauville.com\/it\/#organization","name":"Beauvill\u00e9","url":"https:\/\/www.beauville.com\/it\/","logo":{"@type":"ImageObject","inLanguage":"it-IT","@id":"https:\/\/www.beauville.com\/it\/#\/schema\/logo\/image\/","url":"https:\/\/www.beauville.com\/wp-inside\/uploads\/2018\/10\/beauville-logo.png","contentUrl":"https:\/\/www.beauville.com\/wp-inside\/uploads\/2018\/10\/beauville-logo.png","width":230,"height":90,"caption":"Beauvill\u00e9"},"image":{"@id":"https:\/\/www.beauville.com\/it\/#\/schema\/logo\/image\/"},"sameAs":["https:\/\/www.facebook.com\/beauville.createur","https:\/\/www.instagram.com\/beauville.createur\/","https:\/\/www.pinterest.fr\/beauvillecreateur\/_created\/","https:\/\/www.youtube.com\/channel\/UCN1DiK6SUHdildYkanOBeeA"]},{"@type":"Person","@id":"https:\/\/www.beauville.com\/it\/#\/schema\/person\/ad0fa64b93a81bc4df4f8d1fb221a594","name":"beauville-wp","image":{"@type":"ImageObject","inLanguage":"it-IT","@id":"https:\/\/secure.gravatar.com\/avatar\/ccfc9cd9974f3b2f4684fd5d1c0698785ab3815db27e5b9be74337ccd429086e?s=96&d=mm&r=g","url":"https:\/\/secure.gravatar.com\/avatar\/ccfc9cd9974f3b2f4684fd5d1c0698785ab3815db27e5b9be74337ccd429086e?s=96&d=mm&r=g","contentUrl":"https:\/\/secure.gravatar.com\/avatar\/ccfc9cd9974f3b2f4684fd5d1c0698785ab3815db27e5b9be74337ccd429086e?s=96&d=mm&r=g","caption":"beauville-wp"}}]}},"_links":{"self":[{"href":"https:\/\/www.beauville.com\/it\/wp-json\/wp\/v2\/posts\/32600","targetHints":{"allow":["GET"]}}],"collection":[{"href":"https:\/\/www.beauville.com\/it\/wp-json\/wp\/v2\/posts"}],"about":[{"href":"https:\/\/www.beauville.com\/it\/wp-json\/wp\/v2\/types\/post"}],"author":[{"embeddable":true,"href":"https:\/\/www.beauville.com\/it\/wp-json\/wp\/v2\/users\/2"}],"replies":[{"embeddable":true,"href":"https:\/\/www.beauville.com\/it\/wp-json\/wp\/v2\/comments?post=32600"}],"version-history":[{"count":3,"href":"https:\/\/www.beauville.com\/it\/wp-json\/wp\/v2\/posts\/32600\/revisions"}],"predecessor-version":[{"id":33898,"href":"https:\/\/www.beauville.com\/it\/wp-json\/wp\/v2\/posts\/32600\/revisions\/33898"}],"wp:featuredmedia":[{"embeddable":true,"href":"https:\/\/www.beauville.com\/it\/wp-json\/wp\/v2\/media\/32602"}],"wp:attachment":[{"href":"https:\/\/www.beauville.com\/it\/wp-json\/wp\/v2\/media?parent=32600"}],"wp:term":[{"taxonomy":"category","embeddable":true,"href":"https:\/\/www.beauville.com\/it\/wp-json\/wp\/v2\/categories?post=32600"},{"taxonomy":"post_tag","embeddable":true,"href":"https:\/\/www.beauville.com\/it\/wp-json\/wp\/v2\/tags?post=32600"}],"curies":[{"name":"wp","href":"https:\/\/api.w.org\/{rel}","templated":true}]}}