{"id":32674,"date":"2024-06-03T12:38:52","date_gmt":"2024-06-03T10:38:52","guid":{"rendered":"https:\/\/www.beauville.com\/senza-categoria\/un-voyage-a-travers-lhistoire-de-beauville\/"},"modified":"2025-05-12T12:12:41","modified_gmt":"2025-05-12T10:12:41","slug":"un-viaggio-nella-storia-di-beauville","status":"publish","type":"post","link":"https:\/\/www.beauville.com\/it\/blog\/un-viaggio-nella-storia-di-beauville\/","title":{"rendered":"Un viaggio nella Storia di Beauvill\u00e9"},"content":{"rendered":"<p><img decoding=\"async\" src=\"https:\/\/www.beauville.com\/wp-inside\/uploads\/2024\/06\/selectionnez-votre-produit-1.jpg\" class=\"size-full aligncenter\" \/><\/p>\n<p data-start=\"95\" data-end=\"724\">Ritorniamo indietro nel tempo ed esploriamo le origini di Beauvill\u00e9, una storia intimamente legata all&#8217;evoluzione del tessile in Alsazia. Nel XVI secolo, sotto il regno di Carlo V, re di Spagna e monarca dei Paesi Bassi, i protestanti olandesi favorevoli alla Riforma furono espulsi dai Paesi Bassi. Trovarono rifugio nel nord-est della Francia, nell&#8217;area che oggi \u00e8 conosciuta come Alsazia. Questi rifugiati portarono con s\u00e9 due preziose abilit\u00e0: la tessitura e la tintura. La tessitura si svilupp\u00f2 in Lorena, mentre la tintura si stabil\u00ec in Svizzera, in particolare a Mulhouse, che all&#8217;epoca faceva parte del comitato svizzero.<\/p>\n<p data-start=\"726\" data-end=\"1181\">L&#8217;Alsazia vide l&#8217;emergere di manifatture tessili, avviando cos\u00ec il suo sviluppo industriale. Nel 1746, tre mulhousiens fondarono una manifattura di stampa su tessuti, seguiti rapidamente da altre quindici in un periodo di 22 anni. Molti industriali si stabilirono in Alta Alsazia e nelle valli dei Vosgi, tra cui Philippe Steffan e Jean-Georges Reber, fondatori nel 1756 della societ\u00e0 Steffan et Cie, antenata dell&#8217;attuale Manifattura di Stampa su Stoffe.<\/p>\n<h3 data-start=\"1183\" data-end=\"1206\"><strong data-start=\"1183\" data-end=\"1206\">Perch\u00e9 Ribeauvill\u00e9?<\/strong><\/h3>\n<p><img decoding=\"async\" src=\"https:\/\/www.beauville.com\/wp-inside\/uploads\/2024\/06\/selectionnez-votre-produit-2.jpg\" class=\"size-full aligncenter\" \/><\/p>\n<p data-start=\"1208\" data-end=\"1596\">Philippe Steffan prese la decisione strategica di stabilire la sua manifattura a Ribeauvill\u00e9 in risposta a una richiesta specifica del conte di Ribeaupierre, che deteneva l&#8217;autorit\u00e0 sulla regione all&#8217;epoca. Questa posizione strategica offriva vantaggi significativi, tra cui l&#8217;accesso privilegiato alle risorse locali e un supporto istituzionale fondamentale per lo sviluppo dell&#8217;azienda.<\/p>\n<p data-start=\"1598\" data-end=\"1949\">Dopo la morte di Philippe Steffan nel 1778, la manifattura conobbe vari cambiamenti di propriet\u00e0. Tuttavia, nel 1839, si verific\u00f2 una svolta importante quando Charles-Emile Steiner acquis\u00ec l&#8217;impresa. Sotto la sua direzione, la manifattura adott\u00f2 un processo di tintura innovativo che segn\u00f2 l&#8217;inizio di una nuova era di prosperit\u00e0 e fama per l&#8217;azienda.<\/p>\n<p data-start=\"1951\" data-end=\"2346\">Nel corso degli anni, la manifattura pass\u00f2 nelle mani di diverse famiglie, ognuna delle quali contribu\u00ec al suo sviluppo e al suo patrimonio. Infine, la famiglia Borin prese in mano l&#8217;impresa due generazioni fa. Sotto la loro guida, l&#8217;azienda ha saputo unire tradizione e modernit\u00e0, preservando il sapere fare ancestrale mentre introduceva innovazioni tecnologiche e pratiche di gestione moderne.<\/p>\n<p data-start=\"2348\" data-end=\"2584\">Oggi, grazie all&#8217;impegno e alla visione della famiglia Borin, la manifattura Beauvill\u00e9 continua a prosperare e a perpetuare il suo eccezionale patrimonio, rimanendo fedele alle sue radici profonde nella splendida regione di Ribeauvill\u00e9.<\/p>\n<h3 data-start=\"2586\" data-end=\"2616\"><strong data-start=\"2586\" data-end=\"2616\">L&#8217;Era Moderna di Beauvill\u00e9<\/strong><\/h3>\n<p data-start=\"2618\" data-end=\"2830\">Nel 1979 inizi\u00f2 una nuova era con la nascita del marchio Beauvill\u00e9, creato da Jean-Michel Borin. Questo nome \u00e8 stato scelto con cura per riflettere il nostro attaccamento alle radici profonde della nostra storia.<\/p>\n<p data-start=\"2832\" data-end=\"3313\">Oggi, la Manifattura di Stampa su Stoffe (MIE), nostro marchio madre, \u00e8 specializzata nella stampa di tessuti destinati all&#8217;arredamento. Collabora con editori rinomati come Pierre Frey e clienti prestigiosi come il Ch\u00e2teau de Versailles. MIE \u00e8 l&#8217;ultima azienda in Europa a praticare la stampa su telaio piatto a mano. Inoltre, gestisce e controlla l&#8217;intero processo di produzione senza ricorrere a subappaltatori, offrendo un savoir-faire unico che i nostri clienti cercano da noi.<\/p>\n<h3 data-start=\"3315\" data-end=\"3341\"><strong data-start=\"3315\" data-end=\"3341\">L&#8217;Eccellenza della MIE<\/strong><\/h3>\n<p data-start=\"3343\" data-end=\"3918\">Ci\u00f2 che distingue la MIE \u00e8 la sua unicit\u00e0 come ultima azienda in Europa a praticare la stampa su telaio piatto a mano. In aggiunta a questa tecnica artigianale, la manifattura gestisce l&#8217;intero processo produttivo senza ricorrere a subappaltatori. I clienti arrivano con un&#8217;idea e un disegno, e acquisiscono la nostra esperienza per trasformare la loro visione in realt\u00e0. Recentemente, la maison Frey e il Ch\u00e2teau de Versailles hanno richiesto i nostri servizi per restaurare i piccoli appartamenti della regina, testimoniando il riconoscimento del nostro savoir-faire unico.<\/p>\n<p data-start=\"3920\" data-end=\"4151\">Cos\u00ec, la storia di Beauvill\u00e9 non \u00e8 solo quella di un&#8217;azienda, ma di un patrimonio culturale e artigianale profondamente radicato nel territorio alsaziano, che perpetua una tradizione di eccellenza e innovazione nel settore tessile.<\/p>\n<p><img decoding=\"async\" src=\"https:\/\/www.beauville.com\/wp-inside\/uploads\/2024\/06\/selectionnez-votre-produit-3.jpg\" class=\"size-full aligncenter\" \/><\/p>\n","protected":false},"excerpt":{"rendered":"<p>Ritorniamo indietro nel tempo ed esploriamo le origini di Beauvill\u00e9, una storia intimamente legata all&#8217;evoluzione del tessile in Alsazia. Nel XVI secolo, sotto il regno di Carlo V, re di [&hellip;]<\/p>\n","protected":false},"author":2,"featured_media":32676,"comment_status":"closed","ping_status":"closed","sticky":false,"template":"","format":"standard","meta":{"_acf_changed":false,"footnotes":""},"categories":[57,73,67],"tags":[],"class_list":["post-32674","post","type-post","status-publish","format-standard","has-post-thumbnail","hentry","category-blog","category-storia","category-notizie","wp-sticky"],"acf":[],"yoast_head":"<!-- This site is optimized with the Yoast SEO plugin v27.5 - https:\/\/yoast.com\/product\/yoast-seo-wordpress\/ -->\n<title>Un viaggio nella Storia di Beauvill\u00e9<\/title>\n<meta name=\"description\" content=\"Scopri la storia di Beauvill\u00e9, un patrimonio di eccellenza tessile che unisce tradizione e innovazione. Dalle origini in Alsazia alla moderna manifattura, un viaggio attraverso secoli di savoir-faire unico.\" \/>\n<meta name=\"robots\" content=\"index, follow, max-snippet:-1, max-image-preview:large, max-video-preview:-1\" \/>\n<link rel=\"canonical\" href=\"https:\/\/www.beauville.com\/it\/blog\/un-viaggio-nella-storia-di-beauville\/\" \/>\n<meta property=\"og:locale\" content=\"it_IT\" \/>\n<meta property=\"og:type\" content=\"article\" \/>\n<meta property=\"og:title\" content=\"Un viaggio nella Storia di Beauvill\u00e9\" \/>\n<meta property=\"og:description\" content=\"Scopri la storia di Beauvill\u00e9, un patrimonio di eccellenza tessile che unisce tradizione e innovazione. Dalle origini in Alsazia alla moderna manifattura, un viaggio attraverso secoli di savoir-faire unico.\" \/>\n<meta property=\"og:url\" content=\"https:\/\/www.beauville.com\/it\/blog\/un-viaggio-nella-storia-di-beauville\/\" \/>\n<meta property=\"og:site_name\" content=\"Beauvill\u00e9\" \/>\n<meta property=\"article:publisher\" content=\"https:\/\/www.facebook.com\/beauville.createur\" \/>\n<meta property=\"article:published_time\" content=\"2024-06-03T10:38:52+00:00\" \/>\n<meta property=\"article:modified_time\" content=\"2025-05-12T10:12:41+00:00\" \/>\n<meta property=\"og:image\" content=\"https:\/\/www.beauville.com\/wp-inside\/uploads\/2024\/06\/design-sans-titre-11.jpg\" \/>\n\t<meta property=\"og:image:width\" content=\"800\" \/>\n\t<meta property=\"og:image:height\" content=\"800\" \/>\n\t<meta property=\"og:image:type\" content=\"image\/jpeg\" \/>\n<meta name=\"author\" content=\"beauville-wp\" \/>\n<meta name=\"twitter:card\" content=\"summary_large_image\" \/>\n<meta name=\"twitter:label1\" content=\"Scritto da\" \/>\n\t<meta name=\"twitter:data1\" content=\"beauville-wp\" \/>\n\t<meta name=\"twitter:label2\" content=\"Tempo di lettura stimato\" \/>\n\t<meta name=\"twitter:data2\" content=\"3 minuti\" \/>\n<script type=\"application\/ld+json\" class=\"yoast-schema-graph\">{\"@context\":\"https:\\\/\\\/schema.org\",\"@graph\":[{\"@type\":\"Article\",\"@id\":\"https:\\\/\\\/www.beauville.com\\\/it\\\/blog\\\/un-viaggio-nella-storia-di-beauville\\\/#article\",\"isPartOf\":{\"@id\":\"https:\\\/\\\/www.beauville.com\\\/it\\\/blog\\\/un-viaggio-nella-storia-di-beauville\\\/\"},\"author\":{\"name\":\"beauville-wp\",\"@id\":\"https:\\\/\\\/www.beauville.com\\\/it\\\/#\\\/schema\\\/person\\\/ad0fa64b93a81bc4df4f8d1fb221a594\"},\"headline\":\"Un viaggio nella Storia di Beauvill\u00e9\",\"datePublished\":\"2024-06-03T10:38:52+00:00\",\"dateModified\":\"2025-05-12T10:12:41+00:00\",\"mainEntityOfPage\":{\"@id\":\"https:\\\/\\\/www.beauville.com\\\/it\\\/blog\\\/un-viaggio-nella-storia-di-beauville\\\/\"},\"wordCount\":617,\"publisher\":{\"@id\":\"https:\\\/\\\/www.beauville.com\\\/it\\\/#organization\"},\"image\":{\"@id\":\"https:\\\/\\\/www.beauville.com\\\/it\\\/blog\\\/un-viaggio-nella-storia-di-beauville\\\/#primaryimage\"},\"thumbnailUrl\":\"https:\\\/\\\/www.beauville.com\\\/wp-inside\\\/uploads\\\/2024\\\/06\\\/design-sans-titre-11.jpg\",\"articleSection\":[\"Blog\",\"La storia\",\"Notizie\"],\"inLanguage\":\"it-IT\"},{\"@type\":\"WebPage\",\"@id\":\"https:\\\/\\\/www.beauville.com\\\/it\\\/blog\\\/un-viaggio-nella-storia-di-beauville\\\/\",\"url\":\"https:\\\/\\\/www.beauville.com\\\/it\\\/blog\\\/un-viaggio-nella-storia-di-beauville\\\/\",\"name\":\"Un viaggio nella Storia di Beauvill\u00e9\",\"isPartOf\":{\"@id\":\"https:\\\/\\\/www.beauville.com\\\/it\\\/#website\"},\"primaryImageOfPage\":{\"@id\":\"https:\\\/\\\/www.beauville.com\\\/it\\\/blog\\\/un-viaggio-nella-storia-di-beauville\\\/#primaryimage\"},\"image\":{\"@id\":\"https:\\\/\\\/www.beauville.com\\\/it\\\/blog\\\/un-viaggio-nella-storia-di-beauville\\\/#primaryimage\"},\"thumbnailUrl\":\"https:\\\/\\\/www.beauville.com\\\/wp-inside\\\/uploads\\\/2024\\\/06\\\/design-sans-titre-11.jpg\",\"datePublished\":\"2024-06-03T10:38:52+00:00\",\"dateModified\":\"2025-05-12T10:12:41+00:00\",\"description\":\"Scopri la storia di Beauvill\u00e9, un patrimonio di eccellenza tessile che unisce tradizione e innovazione. Dalle origini in Alsazia alla moderna manifattura, un viaggio attraverso secoli di savoir-faire unico.\",\"breadcrumb\":{\"@id\":\"https:\\\/\\\/www.beauville.com\\\/it\\\/blog\\\/un-viaggio-nella-storia-di-beauville\\\/#breadcrumb\"},\"inLanguage\":\"it-IT\",\"potentialAction\":[{\"@type\":\"ReadAction\",\"target\":[\"https:\\\/\\\/www.beauville.com\\\/it\\\/blog\\\/un-viaggio-nella-storia-di-beauville\\\/\"]}]},{\"@type\":\"ImageObject\",\"inLanguage\":\"it-IT\",\"@id\":\"https:\\\/\\\/www.beauville.com\\\/it\\\/blog\\\/un-viaggio-nella-storia-di-beauville\\\/#primaryimage\",\"url\":\"https:\\\/\\\/www.beauville.com\\\/wp-inside\\\/uploads\\\/2024\\\/06\\\/design-sans-titre-11.jpg\",\"contentUrl\":\"https:\\\/\\\/www.beauville.com\\\/wp-inside\\\/uploads\\\/2024\\\/06\\\/design-sans-titre-11.jpg\",\"width\":800,\"height\":800,\"caption\":\"Beauvill\u00e9 Archives - Collezione Topkapi blue: un design raffinato e senza tempo, caratterizzato da motivi eleganti e tonalit\u00e0 di blu intenso, simbolo della maestria e dell'esperienza di Beauvill\u00e9.\"},{\"@type\":\"BreadcrumbList\",\"@id\":\"https:\\\/\\\/www.beauville.com\\\/it\\\/blog\\\/un-viaggio-nella-storia-di-beauville\\\/#breadcrumb\",\"itemListElement\":[{\"@type\":\"ListItem\",\"position\":1,\"name\":\"Home\",\"item\":\"https:\\\/\\\/www.beauville.com\\\/it\\\/\"},{\"@type\":\"ListItem\",\"position\":2,\"name\":\"Blog\",\"item\":\"https:\\\/\\\/www.beauville.com\\\/it\\\/blog\\\/\"},{\"@type\":\"ListItem\",\"position\":3,\"name\":\"Un viaggio nella Storia di Beauvill\u00e9\"}]},{\"@type\":\"WebSite\",\"@id\":\"https:\\\/\\\/www.beauville.com\\\/it\\\/#website\",\"url\":\"https:\\\/\\\/www.beauville.com\\\/it\\\/\",\"name\":\"Beauvill\u00e9\",\"description\":\"Creator by tradition\",\"publisher\":{\"@id\":\"https:\\\/\\\/www.beauville.com\\\/it\\\/#organization\"},\"potentialAction\":[{\"@type\":\"SearchAction\",\"target\":{\"@type\":\"EntryPoint\",\"urlTemplate\":\"https:\\\/\\\/www.beauville.com\\\/it\\\/?s={search_term_string}\"},\"query-input\":{\"@type\":\"PropertyValueSpecification\",\"valueRequired\":true,\"valueName\":\"search_term_string\"}}],\"inLanguage\":\"it-IT\"},{\"@type\":\"Organization\",\"@id\":\"https:\\\/\\\/www.beauville.com\\\/it\\\/#organization\",\"name\":\"Beauvill\u00e9\",\"url\":\"https:\\\/\\\/www.beauville.com\\\/it\\\/\",\"logo\":{\"@type\":\"ImageObject\",\"inLanguage\":\"it-IT\",\"@id\":\"https:\\\/\\\/www.beauville.com\\\/it\\\/#\\\/schema\\\/logo\\\/image\\\/\",\"url\":\"https:\\\/\\\/www.beauville.com\\\/wp-inside\\\/uploads\\\/2018\\\/10\\\/beauville-logo.png\",\"contentUrl\":\"https:\\\/\\\/www.beauville.com\\\/wp-inside\\\/uploads\\\/2018\\\/10\\\/beauville-logo.png\",\"width\":230,\"height\":90,\"caption\":\"Beauvill\u00e9\"},\"image\":{\"@id\":\"https:\\\/\\\/www.beauville.com\\\/it\\\/#\\\/schema\\\/logo\\\/image\\\/\"},\"sameAs\":[\"https:\\\/\\\/www.facebook.com\\\/beauville.createur\",\"https:\\\/\\\/www.instagram.com\\\/beauville.createur\\\/\",\"https:\\\/\\\/www.pinterest.fr\\\/beauvillecreateur\\\/_created\\\/\",\"https:\\\/\\\/www.youtube.com\\\/channel\\\/UCN1DiK6SUHdildYkanOBeeA\"]},{\"@type\":\"Person\",\"@id\":\"https:\\\/\\\/www.beauville.com\\\/it\\\/#\\\/schema\\\/person\\\/ad0fa64b93a81bc4df4f8d1fb221a594\",\"name\":\"beauville-wp\",\"image\":{\"@type\":\"ImageObject\",\"inLanguage\":\"it-IT\",\"@id\":\"https:\\\/\\\/secure.gravatar.com\\\/avatar\\\/ccfc9cd9974f3b2f4684fd5d1c0698785ab3815db27e5b9be74337ccd429086e?s=96&d=mm&r=g\",\"url\":\"https:\\\/\\\/secure.gravatar.com\\\/avatar\\\/ccfc9cd9974f3b2f4684fd5d1c0698785ab3815db27e5b9be74337ccd429086e?s=96&d=mm&r=g\",\"contentUrl\":\"https:\\\/\\\/secure.gravatar.com\\\/avatar\\\/ccfc9cd9974f3b2f4684fd5d1c0698785ab3815db27e5b9be74337ccd429086e?s=96&d=mm&r=g\",\"caption\":\"beauville-wp\"}}]}<\/script>\n<!-- \/ Yoast SEO plugin. -->","yoast_head_json":{"title":"Un viaggio nella Storia di Beauvill\u00e9","description":"Scopri la storia di Beauvill\u00e9, un patrimonio di eccellenza tessile che unisce tradizione e innovazione. Dalle origini in Alsazia alla moderna manifattura, un viaggio attraverso secoli di savoir-faire unico.","robots":{"index":"index","follow":"follow","max-snippet":"max-snippet:-1","max-image-preview":"max-image-preview:large","max-video-preview":"max-video-preview:-1"},"canonical":"https:\/\/www.beauville.com\/it\/blog\/un-viaggio-nella-storia-di-beauville\/","og_locale":"it_IT","og_type":"article","og_title":"Un viaggio nella Storia di Beauvill\u00e9","og_description":"Scopri la storia di Beauvill\u00e9, un patrimonio di eccellenza tessile che unisce tradizione e innovazione. Dalle origini in Alsazia alla moderna manifattura, un viaggio attraverso secoli di savoir-faire unico.","og_url":"https:\/\/www.beauville.com\/it\/blog\/un-viaggio-nella-storia-di-beauville\/","og_site_name":"Beauvill\u00e9","article_publisher":"https:\/\/www.facebook.com\/beauville.createur","article_published_time":"2024-06-03T10:38:52+00:00","article_modified_time":"2025-05-12T10:12:41+00:00","og_image":[{"width":800,"height":800,"url":"https:\/\/www.beauville.com\/wp-inside\/uploads\/2024\/06\/design-sans-titre-11.jpg","type":"image\/jpeg"}],"author":"beauville-wp","twitter_card":"summary_large_image","twitter_misc":{"Scritto da":"beauville-wp","Tempo di lettura stimato":"3 minuti"},"schema":{"@context":"https:\/\/schema.org","@graph":[{"@type":"Article","@id":"https:\/\/www.beauville.com\/it\/blog\/un-viaggio-nella-storia-di-beauville\/#article","isPartOf":{"@id":"https:\/\/www.beauville.com\/it\/blog\/un-viaggio-nella-storia-di-beauville\/"},"author":{"name":"beauville-wp","@id":"https:\/\/www.beauville.com\/it\/#\/schema\/person\/ad0fa64b93a81bc4df4f8d1fb221a594"},"headline":"Un viaggio nella Storia di Beauvill\u00e9","datePublished":"2024-06-03T10:38:52+00:00","dateModified":"2025-05-12T10:12:41+00:00","mainEntityOfPage":{"@id":"https:\/\/www.beauville.com\/it\/blog\/un-viaggio-nella-storia-di-beauville\/"},"wordCount":617,"publisher":{"@id":"https:\/\/www.beauville.com\/it\/#organization"},"image":{"@id":"https:\/\/www.beauville.com\/it\/blog\/un-viaggio-nella-storia-di-beauville\/#primaryimage"},"thumbnailUrl":"https:\/\/www.beauville.com\/wp-inside\/uploads\/2024\/06\/design-sans-titre-11.jpg","articleSection":["Blog","La storia","Notizie"],"inLanguage":"it-IT"},{"@type":"WebPage","@id":"https:\/\/www.beauville.com\/it\/blog\/un-viaggio-nella-storia-di-beauville\/","url":"https:\/\/www.beauville.com\/it\/blog\/un-viaggio-nella-storia-di-beauville\/","name":"Un viaggio nella Storia di Beauvill\u00e9","isPartOf":{"@id":"https:\/\/www.beauville.com\/it\/#website"},"primaryImageOfPage":{"@id":"https:\/\/www.beauville.com\/it\/blog\/un-viaggio-nella-storia-di-beauville\/#primaryimage"},"image":{"@id":"https:\/\/www.beauville.com\/it\/blog\/un-viaggio-nella-storia-di-beauville\/#primaryimage"},"thumbnailUrl":"https:\/\/www.beauville.com\/wp-inside\/uploads\/2024\/06\/design-sans-titre-11.jpg","datePublished":"2024-06-03T10:38:52+00:00","dateModified":"2025-05-12T10:12:41+00:00","description":"Scopri la storia di Beauvill\u00e9, un patrimonio di eccellenza tessile che unisce tradizione e innovazione. Dalle origini in Alsazia alla moderna manifattura, un viaggio attraverso secoli di savoir-faire unico.","breadcrumb":{"@id":"https:\/\/www.beauville.com\/it\/blog\/un-viaggio-nella-storia-di-beauville\/#breadcrumb"},"inLanguage":"it-IT","potentialAction":[{"@type":"ReadAction","target":["https:\/\/www.beauville.com\/it\/blog\/un-viaggio-nella-storia-di-beauville\/"]}]},{"@type":"ImageObject","inLanguage":"it-IT","@id":"https:\/\/www.beauville.com\/it\/blog\/un-viaggio-nella-storia-di-beauville\/#primaryimage","url":"https:\/\/www.beauville.com\/wp-inside\/uploads\/2024\/06\/design-sans-titre-11.jpg","contentUrl":"https:\/\/www.beauville.com\/wp-inside\/uploads\/2024\/06\/design-sans-titre-11.jpg","width":800,"height":800,"caption":"Beauvill\u00e9 Archives - Collezione Topkapi blue: un design raffinato e senza tempo, caratterizzato da motivi eleganti e tonalit\u00e0 di blu intenso, simbolo della maestria e dell'esperienza di Beauvill\u00e9."},{"@type":"BreadcrumbList","@id":"https:\/\/www.beauville.com\/it\/blog\/un-viaggio-nella-storia-di-beauville\/#breadcrumb","itemListElement":[{"@type":"ListItem","position":1,"name":"Home","item":"https:\/\/www.beauville.com\/it\/"},{"@type":"ListItem","position":2,"name":"Blog","item":"https:\/\/www.beauville.com\/it\/blog\/"},{"@type":"ListItem","position":3,"name":"Un viaggio nella Storia di Beauvill\u00e9"}]},{"@type":"WebSite","@id":"https:\/\/www.beauville.com\/it\/#website","url":"https:\/\/www.beauville.com\/it\/","name":"Beauvill\u00e9","description":"Creator by tradition","publisher":{"@id":"https:\/\/www.beauville.com\/it\/#organization"},"potentialAction":[{"@type":"SearchAction","target":{"@type":"EntryPoint","urlTemplate":"https:\/\/www.beauville.com\/it\/?s={search_term_string}"},"query-input":{"@type":"PropertyValueSpecification","valueRequired":true,"valueName":"search_term_string"}}],"inLanguage":"it-IT"},{"@type":"Organization","@id":"https:\/\/www.beauville.com\/it\/#organization","name":"Beauvill\u00e9","url":"https:\/\/www.beauville.com\/it\/","logo":{"@type":"ImageObject","inLanguage":"it-IT","@id":"https:\/\/www.beauville.com\/it\/#\/schema\/logo\/image\/","url":"https:\/\/www.beauville.com\/wp-inside\/uploads\/2018\/10\/beauville-logo.png","contentUrl":"https:\/\/www.beauville.com\/wp-inside\/uploads\/2018\/10\/beauville-logo.png","width":230,"height":90,"caption":"Beauvill\u00e9"},"image":{"@id":"https:\/\/www.beauville.com\/it\/#\/schema\/logo\/image\/"},"sameAs":["https:\/\/www.facebook.com\/beauville.createur","https:\/\/www.instagram.com\/beauville.createur\/","https:\/\/www.pinterest.fr\/beauvillecreateur\/_created\/","https:\/\/www.youtube.com\/channel\/UCN1DiK6SUHdildYkanOBeeA"]},{"@type":"Person","@id":"https:\/\/www.beauville.com\/it\/#\/schema\/person\/ad0fa64b93a81bc4df4f8d1fb221a594","name":"beauville-wp","image":{"@type":"ImageObject","inLanguage":"it-IT","@id":"https:\/\/secure.gravatar.com\/avatar\/ccfc9cd9974f3b2f4684fd5d1c0698785ab3815db27e5b9be74337ccd429086e?s=96&d=mm&r=g","url":"https:\/\/secure.gravatar.com\/avatar\/ccfc9cd9974f3b2f4684fd5d1c0698785ab3815db27e5b9be74337ccd429086e?s=96&d=mm&r=g","contentUrl":"https:\/\/secure.gravatar.com\/avatar\/ccfc9cd9974f3b2f4684fd5d1c0698785ab3815db27e5b9be74337ccd429086e?s=96&d=mm&r=g","caption":"beauville-wp"}}]}},"_links":{"self":[{"href":"https:\/\/www.beauville.com\/it\/wp-json\/wp\/v2\/posts\/32674","targetHints":{"allow":["GET"]}}],"collection":[{"href":"https:\/\/www.beauville.com\/it\/wp-json\/wp\/v2\/posts"}],"about":[{"href":"https:\/\/www.beauville.com\/it\/wp-json\/wp\/v2\/types\/post"}],"author":[{"embeddable":true,"href":"https:\/\/www.beauville.com\/it\/wp-json\/wp\/v2\/users\/2"}],"replies":[{"embeddable":true,"href":"https:\/\/www.beauville.com\/it\/wp-json\/wp\/v2\/comments?post=32674"}],"version-history":[{"count":2,"href":"https:\/\/www.beauville.com\/it\/wp-json\/wp\/v2\/posts\/32674\/revisions"}],"predecessor-version":[{"id":32684,"href":"https:\/\/www.beauville.com\/it\/wp-json\/wp\/v2\/posts\/32674\/revisions\/32684"}],"wp:featuredmedia":[{"embeddable":true,"href":"https:\/\/www.beauville.com\/it\/wp-json\/wp\/v2\/media\/32676"}],"wp:attachment":[{"href":"https:\/\/www.beauville.com\/it\/wp-json\/wp\/v2\/media?parent=32674"}],"wp:term":[{"taxonomy":"category","embeddable":true,"href":"https:\/\/www.beauville.com\/it\/wp-json\/wp\/v2\/categories?post=32674"},{"taxonomy":"post_tag","embeddable":true,"href":"https:\/\/www.beauville.com\/it\/wp-json\/wp\/v2\/tags?post=32674"}],"curies":[{"name":"wp","href":"https:\/\/api.w.org\/{rel}","templated":true}]}}