{"id":32687,"date":"2024-05-30T12:15:02","date_gmt":"2024-05-30T10:15:02","guid":{"rendered":"https:\/\/www.beauville.com\/senza-categoria\/le-motif-arne-un-hommage-eternel-a-lheritage-de-beauville\/"},"modified":"2025-05-12T12:14:48","modified_gmt":"2025-05-12T10:14:48","slug":"il-motivo-arne-un-omaggio-eterno-alleredita-di-beauville","status":"publish","type":"post","link":"https:\/\/www.beauville.com\/it\/blog\/il-motivo-arne-un-omaggio-eterno-alleredita-di-beauville\/","title":{"rendered":"Il motivo Arn\u00e9: Un omaggio eterno all&#8217;eredit\u00e0 di Beauvill\u00e9"},"content":{"rendered":"<div class=\"flex-1 overflow-hidden\">\n<div class=\"react-scroll-to-bottom--css-fyoob-79elbk h-full\">\n<div class=\"react-scroll-to-bottom--css-fyoob-1n7m0yu\">\n<div>\n<div class=\"flex flex-col text-sm pb-9\">\n<div class=\"w-full text-token-text-primary\" dir=\"auto\" data-testid=\"conversation-turn-5\" data-scroll-anchor=\"true\">\n<div class=\"py-2 juice:py-[18px] px-3 text-base md:px-4 m-auto md:px-5 lg:px-1 xl:px-5\">\n<div class=\"mx-auto flex flex-1 gap-3 text-base juice:gap-4 juice:md:gap-6 md:max-w-3xl lg:max-w-[40rem] xl:max-w-[48rem]\">\n<div class=\"group\/conversation-turn relative flex w-full min-w-0 flex-col agent-turn\">\n<div class=\"flex-col gap-1 md:gap-3\">\n<div class=\"flex flex-grow flex-col max-w-full\">\n<div class=\"min-h-[20px] text-message flex flex-col items-start whitespace-pre-wrap break-words [.text-message+&amp;]:mt-5 juice:w-full juice:items-end overflow-x-auto gap-2\" dir=\"auto\" data-message-author-role=\"assistant\" data-message-id=\"d96911fd-bfbf-4d77-b624-fb603767e69b\">\n<div class=\"flex w-full flex-col gap-1 juice:empty:hidden juice:first:pt-[3px]\">\n<div class=\"markdown prose w-full break-words dark:prose-invert light\">\n<p><img decoding=\"async\" src=\"https:\/\/www.beauville.com\/wp-inside\/uploads\/2024\/05\/selectionnez-votre-produit.jpg\" class=\"size-full aligncenter\" \/><\/p>\n<p data-start=\"132\" data-end=\"571\">Nel cuore dei laboratori di Beauvill\u00e9, una storia di eredit\u00e0 e passione prende vita attraverso il motivo Arn\u00e9. Questo motivo, creato in omaggio ad Arn\u00e9 Borin, fondatore di Beauvill\u00e9, incarna tutta l&#8217;eccellenza e il savoir-faire artigianale che hanno reso celebre il marchio. Arn\u00e9 Borin, visionario e artigiano eccezionale, ha saputo infondere a Beauvill\u00e9 valori di qualit\u00e0 e perfezione che continuano a perdurare attraverso le generazioni.<\/p>\n<p data-start=\"573\" data-end=\"1053\">Il motivo Arn\u00e9, con le sue linee eleganti e i dettagli accurati, \u00e8 molto pi\u00f9 di un semplice design. \u00c8 una testimonianza viva dell&#8217;impegno incrollabile di Beauvill\u00e9 verso l&#8217;eccellenza e la bellezza senza tempo. Ogni pezzo decorato con questo motivo \u00e8 il frutto di un lavoro meticoloso, dove ogni fase della produzione \u00e8 eseguita con una cura e una precisione esemplari. Dalle sontuose tovaglie ai cuscini decorativi, ogni prodotto riflette l&#8217;anima e l&#8217;eredit\u00e0 della casa Beauvill\u00e9.<\/p>\n<p data-start=\"1055\" data-end=\"1445\">L&#8217;ispirazione dietro il motivo Arn\u00e9 attinge dalla ricca e appassionata storia del marchio. Arn\u00e9 Borin, fin dai primi giorni di Beauvill\u00e9, ha posto le basi di un&#8217;azienda in cui l&#8217;artigianato e la creativit\u00e0 si incontrano per dar vita a creazioni uniche. Oggi, il motivo Arn\u00e9 perpetua questa tradizione, offrendo agli amanti degli oggetti belli un tocco di eleganza e raffinatezza senza pari.<\/p>\n<p data-start=\"1447\" data-end=\"1829\">Gli artigiani di Beauvill\u00e9, custodi di questo prezioso savoir-faire, lavorano con dedizione per preservare e arricchire quest&#8217;eredit\u00e0. Il motivo Arn\u00e9, con le sue sfumature sottili e le sue forme armoniose, \u00e8 il riflesso della loro maestria e della loro passione. Ogni prodotto \u00e8 cos\u00ec un&#8217;opera d&#8217;arte, capace di trasformare un ambiente in uno spazio intriso di fascino e distinzione.<\/p>\n<p data-start=\"1831\" data-end=\"2307\">Scegliendo un pezzo decorato con il motivo Arn\u00e9, non si fa solo un investimento per decorare la propria casa, ma si adotta una parte della storia di Beauvill\u00e9, si sostiene un savoir-faire ancestrale e si abbraccia una filosofia in cui l&#8217;eccellenza e la bellezza sono al centro di ogni creazione. \u00c8 un omaggio ad Arn\u00e9 Borin e a tutti coloro che, nel corso degli anni, hanno contribuito a fare di Beauvill\u00e9 un punto di riferimento mondiale nel settore del tessile di alta gamma.<\/p>\n<p data-start=\"2309\" data-end=\"2648\">Per chi desidera condividere questa bellezza senza tempo con i propri cari, Beauvill\u00e9 offre anche la possibilit\u00e0 di consegnare questi preziosi regali direttamente a domicilio. Ordinate sul nostro e-shop e godetevi la consegna Express in Francia, affinch\u00e9 ogni occasione sia contraddistinta dall&#8217;eleganza e dal raffinamento del motivo Arn\u00e9.<\/p>\n<p data-start=\"2650\" data-end=\"2957\">Cos\u00ec, il motivo Arn\u00e9 non \u00e8 solo un design, ma una vera e propria dichiarazione d&#8217;amore per l&#8217;eredit\u00e0 di Beauvill\u00e9. Simboleggia l&#8217;impegno perpetuo del marchio verso l&#8217;eccellenza artigianale e la bellezza senza tempo, un&#8217;eredit\u00e0 che continua ad incantare gli appassionati di stoffe pregiate in tutto il mondo.<\/p>\n<p><img decoding=\"async\" src=\"https:\/\/www.beauville.com\/wp-inside\/uploads\/2024\/05\/arne-col-opera-780x602.jpg\" alt=\"Arn\u00e9 col. op\u00e9ra\" class=\"aligncenter size-w780\" \/><\/p>\n<\/div>\n<\/div>\n<\/div>\n<\/div>\n<\/div>\n<\/div>\n<\/div>\n<\/div>\n<\/div>\n<\/div>\n<\/div>\n<\/div>\n<\/div>\n<\/div>\n<div class=\"w-full md:pt-0 dark:border-white\/20 md:border-transparent md:dark:border-transparent md:w-[calc(100%-.5rem)] juice:w-full\">\n<div class=\"px-3 text-base md:px-4 m-auto md:px-5 lg:px-1 xl:px-5\">\n<div class=\"mx-auto flex flex-1 gap-3 text-base juice:gap-4 juice:md:gap-6 md:max-w-3xl lg:max-w-[40rem] xl:max-w-[48rem]\">\n<form class=\"w-full\">\n<div class=\"relative flex h-full max-w-full flex-1 flex-col\">\n<div class=\"flex w-full items-center\">\n<div class=\"flex w-full flex-col gap-1.5 rounded-[26px] p-1.5 transition-colors bg-[#f4f4f4] dark:bg-token-main-surface-secondary\">\n<div class=\"flex items-end gap-1.5 md:gap-3.5\"><\/div>\n<\/div>\n<\/div>\n<\/div>\n<\/form>\n<\/div>\n<\/div>\n<\/div>\n","protected":false},"excerpt":{"rendered":"<p>Nel cuore dei laboratori di Beauvill\u00e9, una storia di eredit\u00e0 e passione prende vita attraverso il motivo Arn\u00e9. Questo motivo, creato in omaggio ad Arn\u00e9 Borin, fondatore di Beauvill\u00e9, incarna [&hellip;]<\/p>\n","protected":false},"author":2,"featured_media":32689,"comment_status":"closed","ping_status":"closed","sticky":false,"template":"","format":"standard","meta":{"_acf_changed":false,"footnotes":""},"categories":[57,73,67],"tags":[],"class_list":["post-32687","post","type-post","status-publish","format-standard","has-post-thumbnail","hentry","category-blog","category-storia","category-notizie","wp-sticky"],"acf":[],"yoast_head":"<!-- This site is optimized with the Yoast SEO plugin v27.5 - https:\/\/yoast.com\/product\/yoast-seo-wordpress\/ -->\n<title>Il motivo Arn\u00e9: Un omaggio eterno all&#039;eredit\u00e0 di Beauvill\u00e9<\/title>\n<meta name=\"description\" content=\"Scopri il motivo Arn\u00e9 di Beauvill\u00e9, un omaggio all&#039;eccellenza artigianale e alla bellezza senza tempo. Un design elegante che celebra l&#039;eredit\u00e0 di Arn\u00e9 Borin e trasforma ogni ambiente con raffinatezza.\" \/>\n<meta name=\"robots\" content=\"index, follow, max-snippet:-1, max-image-preview:large, max-video-preview:-1\" \/>\n<link rel=\"canonical\" href=\"https:\/\/www.beauville.com\/it\/blog\/il-motivo-arne-un-omaggio-eterno-alleredita-di-beauville\/\" \/>\n<meta property=\"og:locale\" content=\"it_IT\" \/>\n<meta property=\"og:type\" content=\"article\" \/>\n<meta property=\"og:title\" content=\"Il motivo Arn\u00e9: Un omaggio eterno all&#039;eredit\u00e0 di Beauvill\u00e9\" \/>\n<meta property=\"og:description\" content=\"Scopri il motivo Arn\u00e9 di Beauvill\u00e9, un omaggio all&#039;eccellenza artigianale e alla bellezza senza tempo. Un design elegante che celebra l&#039;eredit\u00e0 di Arn\u00e9 Borin e trasforma ogni ambiente con raffinatezza.\" \/>\n<meta property=\"og:url\" content=\"https:\/\/www.beauville.com\/it\/blog\/il-motivo-arne-un-omaggio-eterno-alleredita-di-beauville\/\" \/>\n<meta property=\"og:site_name\" content=\"Beauvill\u00e9\" \/>\n<meta property=\"article:publisher\" content=\"https:\/\/www.facebook.com\/beauville.createur\" \/>\n<meta property=\"article:published_time\" content=\"2024-05-30T10:15:02+00:00\" \/>\n<meta property=\"article:modified_time\" content=\"2025-05-12T10:14:48+00:00\" \/>\n<meta property=\"og:image\" content=\"https:\/\/www.beauville.com\/wp-inside\/uploads\/2024\/05\/arne-col-opera.jpg\" \/>\n\t<meta property=\"og:image:width\" content=\"2000\" \/>\n\t<meta property=\"og:image:height\" content=\"1544\" \/>\n\t<meta property=\"og:image:type\" content=\"image\/jpeg\" \/>\n<meta name=\"author\" content=\"beauville-wp\" \/>\n<meta name=\"twitter:card\" content=\"summary_large_image\" \/>\n<meta name=\"twitter:label1\" content=\"Scritto da\" \/>\n\t<meta name=\"twitter:data1\" content=\"beauville-wp\" \/>\n\t<meta name=\"twitter:label2\" content=\"Tempo di lettura stimato\" \/>\n\t<meta name=\"twitter:data2\" content=\"2 minuti\" \/>\n<script type=\"application\/ld+json\" class=\"yoast-schema-graph\">{\"@context\":\"https:\\\/\\\/schema.org\",\"@graph\":[{\"@type\":\"Article\",\"@id\":\"https:\\\/\\\/www.beauville.com\\\/it\\\/blog\\\/il-motivo-arne-un-omaggio-eterno-alleredita-di-beauville\\\/#article\",\"isPartOf\":{\"@id\":\"https:\\\/\\\/www.beauville.com\\\/it\\\/blog\\\/il-motivo-arne-un-omaggio-eterno-alleredita-di-beauville\\\/\"},\"author\":{\"name\":\"beauville-wp\",\"@id\":\"https:\\\/\\\/www.beauville.com\\\/it\\\/#\\\/schema\\\/person\\\/ad0fa64b93a81bc4df4f8d1fb221a594\"},\"headline\":\"Il motivo Arn\u00e9: Un omaggio eterno all&#8217;eredit\u00e0 di Beauvill\u00e9\",\"datePublished\":\"2024-05-30T10:15:02+00:00\",\"dateModified\":\"2025-05-12T10:14:48+00:00\",\"mainEntityOfPage\":{\"@id\":\"https:\\\/\\\/www.beauville.com\\\/it\\\/blog\\\/il-motivo-arne-un-omaggio-eterno-alleredita-di-beauville\\\/\"},\"wordCount\":460,\"publisher\":{\"@id\":\"https:\\\/\\\/www.beauville.com\\\/it\\\/#organization\"},\"image\":{\"@id\":\"https:\\\/\\\/www.beauville.com\\\/it\\\/blog\\\/il-motivo-arne-un-omaggio-eterno-alleredita-di-beauville\\\/#primaryimage\"},\"thumbnailUrl\":\"https:\\\/\\\/www.beauville.com\\\/wp-inside\\\/uploads\\\/2024\\\/05\\\/arne-col-opera.jpg\",\"articleSection\":[\"Blog\",\"La storia\",\"Notizie\"],\"inLanguage\":\"it-IT\"},{\"@type\":\"WebPage\",\"@id\":\"https:\\\/\\\/www.beauville.com\\\/it\\\/blog\\\/il-motivo-arne-un-omaggio-eterno-alleredita-di-beauville\\\/\",\"url\":\"https:\\\/\\\/www.beauville.com\\\/it\\\/blog\\\/il-motivo-arne-un-omaggio-eterno-alleredita-di-beauville\\\/\",\"name\":\"Il motivo Arn\u00e9: Un omaggio eterno all'eredit\u00e0 di Beauvill\u00e9\",\"isPartOf\":{\"@id\":\"https:\\\/\\\/www.beauville.com\\\/it\\\/#website\"},\"primaryImageOfPage\":{\"@id\":\"https:\\\/\\\/www.beauville.com\\\/it\\\/blog\\\/il-motivo-arne-un-omaggio-eterno-alleredita-di-beauville\\\/#primaryimage\"},\"image\":{\"@id\":\"https:\\\/\\\/www.beauville.com\\\/it\\\/blog\\\/il-motivo-arne-un-omaggio-eterno-alleredita-di-beauville\\\/#primaryimage\"},\"thumbnailUrl\":\"https:\\\/\\\/www.beauville.com\\\/wp-inside\\\/uploads\\\/2024\\\/05\\\/arne-col-opera.jpg\",\"datePublished\":\"2024-05-30T10:15:02+00:00\",\"dateModified\":\"2025-05-12T10:14:48+00:00\",\"description\":\"Scopri il motivo Arn\u00e9 di Beauvill\u00e9, un omaggio all'eccellenza artigianale e alla bellezza senza tempo. Un design elegante che celebra l'eredit\u00e0 di Arn\u00e9 Borin e trasforma ogni ambiente con raffinatezza.\",\"breadcrumb\":{\"@id\":\"https:\\\/\\\/www.beauville.com\\\/it\\\/blog\\\/il-motivo-arne-un-omaggio-eterno-alleredita-di-beauville\\\/#breadcrumb\"},\"inLanguage\":\"it-IT\",\"potentialAction\":[{\"@type\":\"ReadAction\",\"target\":[\"https:\\\/\\\/www.beauville.com\\\/it\\\/blog\\\/il-motivo-arne-un-omaggio-eterno-alleredita-di-beauville\\\/\"]}]},{\"@type\":\"ImageObject\",\"inLanguage\":\"it-IT\",\"@id\":\"https:\\\/\\\/www.beauville.com\\\/it\\\/blog\\\/il-motivo-arne-un-omaggio-eterno-alleredita-di-beauville\\\/#primaryimage\",\"url\":\"https:\\\/\\\/www.beauville.com\\\/wp-inside\\\/uploads\\\/2024\\\/05\\\/arne-col-opera.jpg\",\"contentUrl\":\"https:\\\/\\\/www.beauville.com\\\/wp-inside\\\/uploads\\\/2024\\\/05\\\/arne-col-opera.jpg\",\"width\":2000,\"height\":1544,\"caption\":\"Tovaglia Arn\u00e9 Op\u00e9ra: un'elegante tovaglia in tessuto di alta gamma, ornata da sofisticati motivi ispirati all'opera lirica, che dona un tocco di raffinatezza e lusso alla vostra tavola. Perfetta per le occasioni speciali e i pasti festivi.\"},{\"@type\":\"BreadcrumbList\",\"@id\":\"https:\\\/\\\/www.beauville.com\\\/it\\\/blog\\\/il-motivo-arne-un-omaggio-eterno-alleredita-di-beauville\\\/#breadcrumb\",\"itemListElement\":[{\"@type\":\"ListItem\",\"position\":1,\"name\":\"Home\",\"item\":\"https:\\\/\\\/www.beauville.com\\\/it\\\/\"},{\"@type\":\"ListItem\",\"position\":2,\"name\":\"Blog\",\"item\":\"https:\\\/\\\/www.beauville.com\\\/it\\\/blog\\\/\"},{\"@type\":\"ListItem\",\"position\":3,\"name\":\"Il motivo Arn\u00e9: Un omaggio eterno all&#8217;eredit\u00e0 di Beauvill\u00e9\"}]},{\"@type\":\"WebSite\",\"@id\":\"https:\\\/\\\/www.beauville.com\\\/it\\\/#website\",\"url\":\"https:\\\/\\\/www.beauville.com\\\/it\\\/\",\"name\":\"Beauvill\u00e9\",\"description\":\"Creator by tradition\",\"publisher\":{\"@id\":\"https:\\\/\\\/www.beauville.com\\\/it\\\/#organization\"},\"potentialAction\":[{\"@type\":\"SearchAction\",\"target\":{\"@type\":\"EntryPoint\",\"urlTemplate\":\"https:\\\/\\\/www.beauville.com\\\/it\\\/?s={search_term_string}\"},\"query-input\":{\"@type\":\"PropertyValueSpecification\",\"valueRequired\":true,\"valueName\":\"search_term_string\"}}],\"inLanguage\":\"it-IT\"},{\"@type\":\"Organization\",\"@id\":\"https:\\\/\\\/www.beauville.com\\\/it\\\/#organization\",\"name\":\"Beauvill\u00e9\",\"url\":\"https:\\\/\\\/www.beauville.com\\\/it\\\/\",\"logo\":{\"@type\":\"ImageObject\",\"inLanguage\":\"it-IT\",\"@id\":\"https:\\\/\\\/www.beauville.com\\\/it\\\/#\\\/schema\\\/logo\\\/image\\\/\",\"url\":\"https:\\\/\\\/www.beauville.com\\\/wp-inside\\\/uploads\\\/2018\\\/10\\\/beauville-logo.png\",\"contentUrl\":\"https:\\\/\\\/www.beauville.com\\\/wp-inside\\\/uploads\\\/2018\\\/10\\\/beauville-logo.png\",\"width\":230,\"height\":90,\"caption\":\"Beauvill\u00e9\"},\"image\":{\"@id\":\"https:\\\/\\\/www.beauville.com\\\/it\\\/#\\\/schema\\\/logo\\\/image\\\/\"},\"sameAs\":[\"https:\\\/\\\/www.facebook.com\\\/beauville.createur\",\"https:\\\/\\\/www.instagram.com\\\/beauville.createur\\\/\",\"https:\\\/\\\/www.pinterest.fr\\\/beauvillecreateur\\\/_created\\\/\",\"https:\\\/\\\/www.youtube.com\\\/channel\\\/UCN1DiK6SUHdildYkanOBeeA\"]},{\"@type\":\"Person\",\"@id\":\"https:\\\/\\\/www.beauville.com\\\/it\\\/#\\\/schema\\\/person\\\/ad0fa64b93a81bc4df4f8d1fb221a594\",\"name\":\"beauville-wp\",\"image\":{\"@type\":\"ImageObject\",\"inLanguage\":\"it-IT\",\"@id\":\"https:\\\/\\\/secure.gravatar.com\\\/avatar\\\/ccfc9cd9974f3b2f4684fd5d1c0698785ab3815db27e5b9be74337ccd429086e?s=96&d=mm&r=g\",\"url\":\"https:\\\/\\\/secure.gravatar.com\\\/avatar\\\/ccfc9cd9974f3b2f4684fd5d1c0698785ab3815db27e5b9be74337ccd429086e?s=96&d=mm&r=g\",\"contentUrl\":\"https:\\\/\\\/secure.gravatar.com\\\/avatar\\\/ccfc9cd9974f3b2f4684fd5d1c0698785ab3815db27e5b9be74337ccd429086e?s=96&d=mm&r=g\",\"caption\":\"beauville-wp\"}}]}<\/script>\n<!-- \/ Yoast SEO plugin. -->","yoast_head_json":{"title":"Il motivo Arn\u00e9: Un omaggio eterno all'eredit\u00e0 di Beauvill\u00e9","description":"Scopri il motivo Arn\u00e9 di Beauvill\u00e9, un omaggio all'eccellenza artigianale e alla bellezza senza tempo. Un design elegante che celebra l'eredit\u00e0 di Arn\u00e9 Borin e trasforma ogni ambiente con raffinatezza.","robots":{"index":"index","follow":"follow","max-snippet":"max-snippet:-1","max-image-preview":"max-image-preview:large","max-video-preview":"max-video-preview:-1"},"canonical":"https:\/\/www.beauville.com\/it\/blog\/il-motivo-arne-un-omaggio-eterno-alleredita-di-beauville\/","og_locale":"it_IT","og_type":"article","og_title":"Il motivo Arn\u00e9: Un omaggio eterno all'eredit\u00e0 di Beauvill\u00e9","og_description":"Scopri il motivo Arn\u00e9 di Beauvill\u00e9, un omaggio all'eccellenza artigianale e alla bellezza senza tempo. Un design elegante che celebra l'eredit\u00e0 di Arn\u00e9 Borin e trasforma ogni ambiente con raffinatezza.","og_url":"https:\/\/www.beauville.com\/it\/blog\/il-motivo-arne-un-omaggio-eterno-alleredita-di-beauville\/","og_site_name":"Beauvill\u00e9","article_publisher":"https:\/\/www.facebook.com\/beauville.createur","article_published_time":"2024-05-30T10:15:02+00:00","article_modified_time":"2025-05-12T10:14:48+00:00","og_image":[{"width":2000,"height":1544,"url":"https:\/\/www.beauville.com\/wp-inside\/uploads\/2024\/05\/arne-col-opera.jpg","type":"image\/jpeg"}],"author":"beauville-wp","twitter_card":"summary_large_image","twitter_misc":{"Scritto da":"beauville-wp","Tempo di lettura stimato":"2 minuti"},"schema":{"@context":"https:\/\/schema.org","@graph":[{"@type":"Article","@id":"https:\/\/www.beauville.com\/it\/blog\/il-motivo-arne-un-omaggio-eterno-alleredita-di-beauville\/#article","isPartOf":{"@id":"https:\/\/www.beauville.com\/it\/blog\/il-motivo-arne-un-omaggio-eterno-alleredita-di-beauville\/"},"author":{"name":"beauville-wp","@id":"https:\/\/www.beauville.com\/it\/#\/schema\/person\/ad0fa64b93a81bc4df4f8d1fb221a594"},"headline":"Il motivo Arn\u00e9: Un omaggio eterno all&#8217;eredit\u00e0 di Beauvill\u00e9","datePublished":"2024-05-30T10:15:02+00:00","dateModified":"2025-05-12T10:14:48+00:00","mainEntityOfPage":{"@id":"https:\/\/www.beauville.com\/it\/blog\/il-motivo-arne-un-omaggio-eterno-alleredita-di-beauville\/"},"wordCount":460,"publisher":{"@id":"https:\/\/www.beauville.com\/it\/#organization"},"image":{"@id":"https:\/\/www.beauville.com\/it\/blog\/il-motivo-arne-un-omaggio-eterno-alleredita-di-beauville\/#primaryimage"},"thumbnailUrl":"https:\/\/www.beauville.com\/wp-inside\/uploads\/2024\/05\/arne-col-opera.jpg","articleSection":["Blog","La storia","Notizie"],"inLanguage":"it-IT"},{"@type":"WebPage","@id":"https:\/\/www.beauville.com\/it\/blog\/il-motivo-arne-un-omaggio-eterno-alleredita-di-beauville\/","url":"https:\/\/www.beauville.com\/it\/blog\/il-motivo-arne-un-omaggio-eterno-alleredita-di-beauville\/","name":"Il motivo Arn\u00e9: Un omaggio eterno all'eredit\u00e0 di Beauvill\u00e9","isPartOf":{"@id":"https:\/\/www.beauville.com\/it\/#website"},"primaryImageOfPage":{"@id":"https:\/\/www.beauville.com\/it\/blog\/il-motivo-arne-un-omaggio-eterno-alleredita-di-beauville\/#primaryimage"},"image":{"@id":"https:\/\/www.beauville.com\/it\/blog\/il-motivo-arne-un-omaggio-eterno-alleredita-di-beauville\/#primaryimage"},"thumbnailUrl":"https:\/\/www.beauville.com\/wp-inside\/uploads\/2024\/05\/arne-col-opera.jpg","datePublished":"2024-05-30T10:15:02+00:00","dateModified":"2025-05-12T10:14:48+00:00","description":"Scopri il motivo Arn\u00e9 di Beauvill\u00e9, un omaggio all'eccellenza artigianale e alla bellezza senza tempo. Un design elegante che celebra l'eredit\u00e0 di Arn\u00e9 Borin e trasforma ogni ambiente con raffinatezza.","breadcrumb":{"@id":"https:\/\/www.beauville.com\/it\/blog\/il-motivo-arne-un-omaggio-eterno-alleredita-di-beauville\/#breadcrumb"},"inLanguage":"it-IT","potentialAction":[{"@type":"ReadAction","target":["https:\/\/www.beauville.com\/it\/blog\/il-motivo-arne-un-omaggio-eterno-alleredita-di-beauville\/"]}]},{"@type":"ImageObject","inLanguage":"it-IT","@id":"https:\/\/www.beauville.com\/it\/blog\/il-motivo-arne-un-omaggio-eterno-alleredita-di-beauville\/#primaryimage","url":"https:\/\/www.beauville.com\/wp-inside\/uploads\/2024\/05\/arne-col-opera.jpg","contentUrl":"https:\/\/www.beauville.com\/wp-inside\/uploads\/2024\/05\/arne-col-opera.jpg","width":2000,"height":1544,"caption":"Tovaglia Arn\u00e9 Op\u00e9ra: un'elegante tovaglia in tessuto di alta gamma, ornata da sofisticati motivi ispirati all'opera lirica, che dona un tocco di raffinatezza e lusso alla vostra tavola. Perfetta per le occasioni speciali e i pasti festivi."},{"@type":"BreadcrumbList","@id":"https:\/\/www.beauville.com\/it\/blog\/il-motivo-arne-un-omaggio-eterno-alleredita-di-beauville\/#breadcrumb","itemListElement":[{"@type":"ListItem","position":1,"name":"Home","item":"https:\/\/www.beauville.com\/it\/"},{"@type":"ListItem","position":2,"name":"Blog","item":"https:\/\/www.beauville.com\/it\/blog\/"},{"@type":"ListItem","position":3,"name":"Il motivo Arn\u00e9: Un omaggio eterno all&#8217;eredit\u00e0 di Beauvill\u00e9"}]},{"@type":"WebSite","@id":"https:\/\/www.beauville.com\/it\/#website","url":"https:\/\/www.beauville.com\/it\/","name":"Beauvill\u00e9","description":"Creator by tradition","publisher":{"@id":"https:\/\/www.beauville.com\/it\/#organization"},"potentialAction":[{"@type":"SearchAction","target":{"@type":"EntryPoint","urlTemplate":"https:\/\/www.beauville.com\/it\/?s={search_term_string}"},"query-input":{"@type":"PropertyValueSpecification","valueRequired":true,"valueName":"search_term_string"}}],"inLanguage":"it-IT"},{"@type":"Organization","@id":"https:\/\/www.beauville.com\/it\/#organization","name":"Beauvill\u00e9","url":"https:\/\/www.beauville.com\/it\/","logo":{"@type":"ImageObject","inLanguage":"it-IT","@id":"https:\/\/www.beauville.com\/it\/#\/schema\/logo\/image\/","url":"https:\/\/www.beauville.com\/wp-inside\/uploads\/2018\/10\/beauville-logo.png","contentUrl":"https:\/\/www.beauville.com\/wp-inside\/uploads\/2018\/10\/beauville-logo.png","width":230,"height":90,"caption":"Beauvill\u00e9"},"image":{"@id":"https:\/\/www.beauville.com\/it\/#\/schema\/logo\/image\/"},"sameAs":["https:\/\/www.facebook.com\/beauville.createur","https:\/\/www.instagram.com\/beauville.createur\/","https:\/\/www.pinterest.fr\/beauvillecreateur\/_created\/","https:\/\/www.youtube.com\/channel\/UCN1DiK6SUHdildYkanOBeeA"]},{"@type":"Person","@id":"https:\/\/www.beauville.com\/it\/#\/schema\/person\/ad0fa64b93a81bc4df4f8d1fb221a594","name":"beauville-wp","image":{"@type":"ImageObject","inLanguage":"it-IT","@id":"https:\/\/secure.gravatar.com\/avatar\/ccfc9cd9974f3b2f4684fd5d1c0698785ab3815db27e5b9be74337ccd429086e?s=96&d=mm&r=g","url":"https:\/\/secure.gravatar.com\/avatar\/ccfc9cd9974f3b2f4684fd5d1c0698785ab3815db27e5b9be74337ccd429086e?s=96&d=mm&r=g","contentUrl":"https:\/\/secure.gravatar.com\/avatar\/ccfc9cd9974f3b2f4684fd5d1c0698785ab3815db27e5b9be74337ccd429086e?s=96&d=mm&r=g","caption":"beauville-wp"}}]}},"_links":{"self":[{"href":"https:\/\/www.beauville.com\/it\/wp-json\/wp\/v2\/posts\/32687","targetHints":{"allow":["GET"]}}],"collection":[{"href":"https:\/\/www.beauville.com\/it\/wp-json\/wp\/v2\/posts"}],"about":[{"href":"https:\/\/www.beauville.com\/it\/wp-json\/wp\/v2\/types\/post"}],"author":[{"embeddable":true,"href":"https:\/\/www.beauville.com\/it\/wp-json\/wp\/v2\/users\/2"}],"replies":[{"embeddable":true,"href":"https:\/\/www.beauville.com\/it\/wp-json\/wp\/v2\/comments?post=32687"}],"version-history":[{"count":1,"href":"https:\/\/www.beauville.com\/it\/wp-json\/wp\/v2\/posts\/32687\/revisions"}],"predecessor-version":[{"id":32690,"href":"https:\/\/www.beauville.com\/it\/wp-json\/wp\/v2\/posts\/32687\/revisions\/32690"}],"wp:featuredmedia":[{"embeddable":true,"href":"https:\/\/www.beauville.com\/it\/wp-json\/wp\/v2\/media\/32689"}],"wp:attachment":[{"href":"https:\/\/www.beauville.com\/it\/wp-json\/wp\/v2\/media?parent=32687"}],"wp:term":[{"taxonomy":"category","embeddable":true,"href":"https:\/\/www.beauville.com\/it\/wp-json\/wp\/v2\/categories?post=32687"},{"taxonomy":"post_tag","embeddable":true,"href":"https:\/\/www.beauville.com\/it\/wp-json\/wp\/v2\/tags?post=32687"}],"curies":[{"name":"wp","href":"https:\/\/api.w.org\/{rel}","templated":true}]}}