{"id":32733,"date":"2024-03-19T15:38:26","date_gmt":"2024-03-19T14:38:26","guid":{"rendered":"https:\/\/www.beauville.com\/senza-categoria\/celebrer-paques-en-alsace-avec-beauville-une-fusion-de-traditions-et-de-raffinement\/"},"modified":"2025-05-12T13:54:08","modified_gmt":"2025-05-12T11:54:08","slug":"celebrare-la-pasqua-in-alsazia-con-beauville-una-fusione-di-tradizioni-e-raffinatezza","status":"publish","type":"post","link":"https:\/\/www.beauville.com\/it\/blog\/celebrare-la-pasqua-in-alsazia-con-beauville-una-fusione-di-tradizioni-e-raffinatezza\/","title":{"rendered":"Celebrare la Pasqua in Alsazia con Beauvill\u00e9: una fusione di tradizioni e raffinatezza"},"content":{"rendered":"<p data-start=\"166\" data-end=\"561\">In Alsazia, la stagione pasquale \u00e8 molto pi\u00f9 di una semplice festivit\u00e0 religiosa. \u00c8 una celebrazione gioiosa che unisce il rinnovamento primaverile alle antiche tradizioni tramandate di generazione in generazione. Al centro di queste festivit\u00e0 si trova una ricca fusione di usanze germaniche e scandinave, intrise dell\u2019arte di vivere alsaziana e valorizzate dall\u2019eleganza dei prodotti Beauvill\u00e9.<\/p>\n<h3 data-start=\"563\" data-end=\"609\"><strong data-start=\"563\" data-end=\"609\">Mercatini di Pasqua: una festa per i sensi<\/strong><\/h3>\n<p><img decoding=\"async\" src=\"https:\/\/www.beauville.com\/wp-inside\/uploads\/2024\/03\/1.jpg\" class=\"alignnone size-full\" \/><\/p>\n<p data-start=\"611\" data-end=\"921\">I mercatini di Pasqua, o &#8220;Osterm\u00e4rkte&#8221;, sono un appuntamento imperdibile della stagione alsaziana. Questi vivaci mercati offrono decorazioni pasquali artigianali, specialit\u00e0 culinarie tradizionali e prodotti locali. Un\u2019occasione ideale per immergersi nell\u2019atmosfera festosa e scoprire le delizie della regione.<\/p>\n<h3 data-start=\"923\" data-end=\"974\"><strong data-start=\"923\" data-end=\"974\">Osterhase e Ostara: leggende e simboli pasquali<\/strong><\/h3>\n<p><img decoding=\"async\" src=\"https:\/\/www.beauville.com\/wp-inside\/uploads\/2024\/03\/3.png\" class=\"alignnone size-full\" \/><\/p>\n<p data-start=\"976\" data-end=\"1329\">L\u2019Osterhase, il tradizionale coniglio di Pasqua, \u00e8 una figura emblematica delle tradizioni pasquali alsaziane. Simbolo di fertilit\u00e0 e rinascita, porta uova colorate e dolci ai bambini buoni. Questa usanza affonda le sue radici nelle tradizioni germaniche e scandinave, dove il coniglio era legato alla dea Ostara, divinit\u00e0 dell\u2019aurora e della fertilit\u00e0.<\/p>\n<h3 data-start=\"1331\" data-end=\"1370\"><strong data-start=\"1331\" data-end=\"1370\">Lamala: dolcezze pasquali alsaziane<\/strong><\/h3>\n<p><img decoding=\"async\" src=\"https:\/\/www.beauville.com\/wp-inside\/uploads\/2024\/03\/2.jpg\" class=\"alignnone size-full\" \/><\/p>\n<p data-start=\"1372\" data-end=\"1663\">Il Lamala, o \u201cAgnello di Pasqua\u201d, \u00e8 un delizioso dolce tradizionale alsaziano. Questa piccola figura a forma di agnello viene preparata con amore per celebrare la resurrezione di Cristo. Simbolo di purezza e rinnovamento, il Lamala \u00e8 spesso offerto ai propri cari durante il pranzo pasquale.<\/p>\n<h3 data-start=\"1665\" data-end=\"1710\"><strong data-start=\"1665\" data-end=\"1710\">Osterputz: le grandi pulizie di primavera<\/strong><\/h3>\n<p><img decoding=\"async\" src=\"https:\/\/www.beauville.com\/wp-inside\/uploads\/2024\/03\/4.jpg\" class=\"alignnone size-full\" \/><\/p>\n<p data-start=\"1712\" data-end=\"1970\">Prima del giorno di Pasqua, in Alsazia si pratica l\u2019Osterputz, ovvero le \u201cgrandi pulizie di Pasqua\u201d. \u00c8 il momento per rinfrescare la casa, eliminare le ultime tracce dell\u2019inverno e preparare l\u2019ambiente domestico ad accogliere la nuova stagione con splendore.<\/p>\n<h3 data-start=\"1972\" data-end=\"2032\"><strong data-start=\"1972\" data-end=\"2032\">Il pranzo di Pasqua con Beauvill\u00e9: eleganza e tradizione<\/strong><\/h3>\n<p><img decoding=\"async\" src=\"https:\/\/www.beauville.com\/wp-inside\/uploads\/2024\/03\/5.jpg\" class=\"alignnone size-full\" \/><\/p>\n<p data-start=\"2034\" data-end=\"2355\">Per valorizzare la tavola di Pasqua, niente \u00e8 pi\u00f9 indicato delle splendide creazioni Beauvill\u00e9. Tovaglie, tovaglioli e set da tavola dai motivi delicati e raffinati donano un tocco di eleganza e raffinatezza al pranzo festivo. Ogni pezzo riflette il savoir-faire artigianale alsaziano, intriso di storia e cultura locale.<\/p>\n<p data-start=\"2357\" data-end=\"2620\">Celebrare la Pasqua in Alsazia con Beauvill\u00e9 significa perpetuare una tradizione secolare, abbracciando al contempo la raffinatezza contemporanea. \u00c8 un modo unico per onorare il rinnovamento della vita, l\u2019unit\u00e0 familiare e la ricchezza delle tradizioni alsaziane.<\/p>\n","protected":false},"excerpt":{"rendered":"<p>In Alsazia, la stagione pasquale \u00e8 molto pi\u00f9 di una semplice festivit\u00e0 religiosa. \u00c8 una celebrazione gioiosa che unisce il rinnovamento primaverile alle antiche tradizioni tramandate di generazione in generazione. [&hellip;]<\/p>\n","protected":false},"author":2,"featured_media":32734,"comment_status":"closed","ping_status":"closed","sticky":false,"template":"","format":"standard","meta":{"_acf_changed":false,"footnotes":""},"categories":[57,67,69],"tags":[],"class_list":["post-32733","post","type-post","status-publish","format-standard","has-post-thumbnail","hentry","category-blog","category-notizie","category-pasqua","wp-sticky"],"acf":[],"yoast_head":"<!-- This site is optimized with the Yoast SEO plugin v27.5 - https:\/\/yoast.com\/product\/yoast-seo-wordpress\/ -->\n<title>Celebrare la Pasqua in Alsazia con Beauvill\u00e9: una fusione di tradizioni e raffinatezza<\/title>\n<meta name=\"description\" content=\"Scopri come la Pasqua in Alsazia diventa un&#039;esperienza unica con Beauvill\u00e9: tradizioni ancestrali, simboli pasquali e raffinatezza artigianale si uniscono per celebrare la primavera con eleganza.\" \/>\n<meta name=\"robots\" content=\"index, follow, max-snippet:-1, max-image-preview:large, max-video-preview:-1\" \/>\n<link rel=\"canonical\" href=\"https:\/\/www.beauville.com\/it\/blog\/celebrare-la-pasqua-in-alsazia-con-beauville-una-fusione-di-tradizioni-e-raffinatezza\/\" \/>\n<meta property=\"og:locale\" content=\"it_IT\" \/>\n<meta property=\"og:type\" content=\"article\" \/>\n<meta property=\"og:title\" content=\"Celebrare la Pasqua in Alsazia con Beauvill\u00e9: una fusione di tradizioni e raffinatezza\" \/>\n<meta property=\"og:description\" content=\"Scopri come la Pasqua in Alsazia diventa un&#039;esperienza unica con Beauvill\u00e9: tradizioni ancestrali, simboli pasquali e raffinatezza artigianale si uniscono per celebrare la primavera con eleganza.\" \/>\n<meta property=\"og:url\" content=\"https:\/\/www.beauville.com\/it\/blog\/celebrare-la-pasqua-in-alsazia-con-beauville-una-fusione-di-tradizioni-e-raffinatezza\/\" \/>\n<meta property=\"og:site_name\" content=\"Beauvill\u00e9\" \/>\n<meta property=\"article:publisher\" content=\"https:\/\/www.facebook.com\/beauville.createur\" \/>\n<meta property=\"article:published_time\" content=\"2024-03-19T14:38:26+00:00\" \/>\n<meta property=\"article:modified_time\" content=\"2025-05-12T11:54:08+00:00\" \/>\n<meta property=\"og:image\" content=\"https:\/\/www.beauville.com\/wp-inside\/uploads\/2024\/03\/img_e3159-scaled.jpg\" \/>\n\t<meta property=\"og:image:width\" content=\"1920\" \/>\n\t<meta property=\"og:image:height\" content=\"2560\" \/>\n\t<meta property=\"og:image:type\" content=\"image\/jpeg\" \/>\n<meta name=\"author\" content=\"beauville-wp\" \/>\n<meta name=\"twitter:card\" content=\"summary_large_image\" \/>\n<meta name=\"twitter:label1\" content=\"Scritto da\" \/>\n\t<meta name=\"twitter:data1\" content=\"beauville-wp\" \/>\n\t<meta name=\"twitter:label2\" content=\"Tempo di lettura stimato\" \/>\n\t<meta name=\"twitter:data2\" content=\"2 minuti\" \/>\n<script type=\"application\/ld+json\" class=\"yoast-schema-graph\">{\"@context\":\"https:\\\/\\\/schema.org\",\"@graph\":[{\"@type\":\"Article\",\"@id\":\"https:\\\/\\\/www.beauville.com\\\/it\\\/blog\\\/celebrare-la-pasqua-in-alsazia-con-beauville-una-fusione-di-tradizioni-e-raffinatezza\\\/#article\",\"isPartOf\":{\"@id\":\"https:\\\/\\\/www.beauville.com\\\/it\\\/blog\\\/celebrare-la-pasqua-in-alsazia-con-beauville-una-fusione-di-tradizioni-e-raffinatezza\\\/\"},\"author\":{\"name\":\"beauville-wp\",\"@id\":\"https:\\\/\\\/www.beauville.com\\\/it\\\/#\\\/schema\\\/person\\\/ad0fa64b93a81bc4df4f8d1fb221a594\"},\"headline\":\"Celebrare la Pasqua in Alsazia con Beauvill\u00e9: una fusione di tradizioni e raffinatezza\",\"datePublished\":\"2024-03-19T14:38:26+00:00\",\"dateModified\":\"2025-05-12T11:54:08+00:00\",\"mainEntityOfPage\":{\"@id\":\"https:\\\/\\\/www.beauville.com\\\/it\\\/blog\\\/celebrare-la-pasqua-in-alsazia-con-beauville-una-fusione-di-tradizioni-e-raffinatezza\\\/\"},\"wordCount\":364,\"publisher\":{\"@id\":\"https:\\\/\\\/www.beauville.com\\\/it\\\/#organization\"},\"image\":{\"@id\":\"https:\\\/\\\/www.beauville.com\\\/it\\\/blog\\\/celebrare-la-pasqua-in-alsazia-con-beauville-una-fusione-di-tradizioni-e-raffinatezza\\\/#primaryimage\"},\"thumbnailUrl\":\"https:\\\/\\\/www.beauville.com\\\/wp-inside\\\/uploads\\\/2024\\\/03\\\/img_e3159-scaled.jpg\",\"articleSection\":[\"Blog\",\"Notizie\",\"Pasqua\"],\"inLanguage\":\"it-IT\"},{\"@type\":\"WebPage\",\"@id\":\"https:\\\/\\\/www.beauville.com\\\/it\\\/blog\\\/celebrare-la-pasqua-in-alsazia-con-beauville-una-fusione-di-tradizioni-e-raffinatezza\\\/\",\"url\":\"https:\\\/\\\/www.beauville.com\\\/it\\\/blog\\\/celebrare-la-pasqua-in-alsazia-con-beauville-una-fusione-di-tradizioni-e-raffinatezza\\\/\",\"name\":\"Celebrare la Pasqua in Alsazia con Beauvill\u00e9: una fusione di tradizioni e raffinatezza\",\"isPartOf\":{\"@id\":\"https:\\\/\\\/www.beauville.com\\\/it\\\/#website\"},\"primaryImageOfPage\":{\"@id\":\"https:\\\/\\\/www.beauville.com\\\/it\\\/blog\\\/celebrare-la-pasqua-in-alsazia-con-beauville-una-fusione-di-tradizioni-e-raffinatezza\\\/#primaryimage\"},\"image\":{\"@id\":\"https:\\\/\\\/www.beauville.com\\\/it\\\/blog\\\/celebrare-la-pasqua-in-alsazia-con-beauville-una-fusione-di-tradizioni-e-raffinatezza\\\/#primaryimage\"},\"thumbnailUrl\":\"https:\\\/\\\/www.beauville.com\\\/wp-inside\\\/uploads\\\/2024\\\/03\\\/img_e3159-scaled.jpg\",\"datePublished\":\"2024-03-19T14:38:26+00:00\",\"dateModified\":\"2025-05-12T11:54:08+00:00\",\"description\":\"Scopri come la Pasqua in Alsazia diventa un'esperienza unica con Beauvill\u00e9: tradizioni ancestrali, simboli pasquali e raffinatezza artigianale si uniscono per celebrare la primavera con eleganza.\",\"breadcrumb\":{\"@id\":\"https:\\\/\\\/www.beauville.com\\\/it\\\/blog\\\/celebrare-la-pasqua-in-alsazia-con-beauville-una-fusione-di-tradizioni-e-raffinatezza\\\/#breadcrumb\"},\"inLanguage\":\"it-IT\",\"potentialAction\":[{\"@type\":\"ReadAction\",\"target\":[\"https:\\\/\\\/www.beauville.com\\\/it\\\/blog\\\/celebrare-la-pasqua-in-alsazia-con-beauville-una-fusione-di-tradizioni-e-raffinatezza\\\/\"]}]},{\"@type\":\"ImageObject\",\"inLanguage\":\"it-IT\",\"@id\":\"https:\\\/\\\/www.beauville.com\\\/it\\\/blog\\\/celebrare-la-pasqua-in-alsazia-con-beauville-una-fusione-di-tradizioni-e-raffinatezza\\\/#primaryimage\",\"url\":\"https:\\\/\\\/www.beauville.com\\\/wp-inside\\\/uploads\\\/2024\\\/03\\\/img_e3159-scaled.jpg\",\"contentUrl\":\"https:\\\/\\\/www.beauville.com\\\/wp-inside\\\/uploads\\\/2024\\\/03\\\/img_e3159-scaled.jpg\",\"width\":1920,\"height\":2560,\"caption\":\"Tovaglia Darjeeling Ciel: un elegante motivo floreale nelle delicate tonalit\u00e0 del blu cielo, che dona un tocco di raffinatezza e freschezza alla vostra tavola. Un design senza tempo che esalta l'atmosfera dei vostri pasti.\"},{\"@type\":\"BreadcrumbList\",\"@id\":\"https:\\\/\\\/www.beauville.com\\\/it\\\/blog\\\/celebrare-la-pasqua-in-alsazia-con-beauville-una-fusione-di-tradizioni-e-raffinatezza\\\/#breadcrumb\",\"itemListElement\":[{\"@type\":\"ListItem\",\"position\":1,\"name\":\"Home\",\"item\":\"https:\\\/\\\/www.beauville.com\\\/it\\\/\"},{\"@type\":\"ListItem\",\"position\":2,\"name\":\"Blog\",\"item\":\"https:\\\/\\\/www.beauville.com\\\/it\\\/blog\\\/\"},{\"@type\":\"ListItem\",\"position\":3,\"name\":\"Celebrare la Pasqua in Alsazia con Beauvill\u00e9: una fusione di tradizioni e raffinatezza\"}]},{\"@type\":\"WebSite\",\"@id\":\"https:\\\/\\\/www.beauville.com\\\/it\\\/#website\",\"url\":\"https:\\\/\\\/www.beauville.com\\\/it\\\/\",\"name\":\"Beauvill\u00e9\",\"description\":\"Creator by tradition\",\"publisher\":{\"@id\":\"https:\\\/\\\/www.beauville.com\\\/it\\\/#organization\"},\"potentialAction\":[{\"@type\":\"SearchAction\",\"target\":{\"@type\":\"EntryPoint\",\"urlTemplate\":\"https:\\\/\\\/www.beauville.com\\\/it\\\/?s={search_term_string}\"},\"query-input\":{\"@type\":\"PropertyValueSpecification\",\"valueRequired\":true,\"valueName\":\"search_term_string\"}}],\"inLanguage\":\"it-IT\"},{\"@type\":\"Organization\",\"@id\":\"https:\\\/\\\/www.beauville.com\\\/it\\\/#organization\",\"name\":\"Beauvill\u00e9\",\"url\":\"https:\\\/\\\/www.beauville.com\\\/it\\\/\",\"logo\":{\"@type\":\"ImageObject\",\"inLanguage\":\"it-IT\",\"@id\":\"https:\\\/\\\/www.beauville.com\\\/it\\\/#\\\/schema\\\/logo\\\/image\\\/\",\"url\":\"https:\\\/\\\/www.beauville.com\\\/wp-inside\\\/uploads\\\/2018\\\/10\\\/beauville-logo.png\",\"contentUrl\":\"https:\\\/\\\/www.beauville.com\\\/wp-inside\\\/uploads\\\/2018\\\/10\\\/beauville-logo.png\",\"width\":230,\"height\":90,\"caption\":\"Beauvill\u00e9\"},\"image\":{\"@id\":\"https:\\\/\\\/www.beauville.com\\\/it\\\/#\\\/schema\\\/logo\\\/image\\\/\"},\"sameAs\":[\"https:\\\/\\\/www.facebook.com\\\/beauville.createur\",\"https:\\\/\\\/www.instagram.com\\\/beauville.createur\\\/\",\"https:\\\/\\\/www.pinterest.fr\\\/beauvillecreateur\\\/_created\\\/\",\"https:\\\/\\\/www.youtube.com\\\/channel\\\/UCN1DiK6SUHdildYkanOBeeA\"]},{\"@type\":\"Person\",\"@id\":\"https:\\\/\\\/www.beauville.com\\\/it\\\/#\\\/schema\\\/person\\\/ad0fa64b93a81bc4df4f8d1fb221a594\",\"name\":\"beauville-wp\",\"image\":{\"@type\":\"ImageObject\",\"inLanguage\":\"it-IT\",\"@id\":\"https:\\\/\\\/secure.gravatar.com\\\/avatar\\\/ccfc9cd9974f3b2f4684fd5d1c0698785ab3815db27e5b9be74337ccd429086e?s=96&d=mm&r=g\",\"url\":\"https:\\\/\\\/secure.gravatar.com\\\/avatar\\\/ccfc9cd9974f3b2f4684fd5d1c0698785ab3815db27e5b9be74337ccd429086e?s=96&d=mm&r=g\",\"contentUrl\":\"https:\\\/\\\/secure.gravatar.com\\\/avatar\\\/ccfc9cd9974f3b2f4684fd5d1c0698785ab3815db27e5b9be74337ccd429086e?s=96&d=mm&r=g\",\"caption\":\"beauville-wp\"}}]}<\/script>\n<!-- \/ Yoast SEO plugin. -->","yoast_head_json":{"title":"Celebrare la Pasqua in Alsazia con Beauvill\u00e9: una fusione di tradizioni e raffinatezza","description":"Scopri come la Pasqua in Alsazia diventa un'esperienza unica con Beauvill\u00e9: tradizioni ancestrali, simboli pasquali e raffinatezza artigianale si uniscono per celebrare la primavera con eleganza.","robots":{"index":"index","follow":"follow","max-snippet":"max-snippet:-1","max-image-preview":"max-image-preview:large","max-video-preview":"max-video-preview:-1"},"canonical":"https:\/\/www.beauville.com\/it\/blog\/celebrare-la-pasqua-in-alsazia-con-beauville-una-fusione-di-tradizioni-e-raffinatezza\/","og_locale":"it_IT","og_type":"article","og_title":"Celebrare la Pasqua in Alsazia con Beauvill\u00e9: una fusione di tradizioni e raffinatezza","og_description":"Scopri come la Pasqua in Alsazia diventa un'esperienza unica con Beauvill\u00e9: tradizioni ancestrali, simboli pasquali e raffinatezza artigianale si uniscono per celebrare la primavera con eleganza.","og_url":"https:\/\/www.beauville.com\/it\/blog\/celebrare-la-pasqua-in-alsazia-con-beauville-una-fusione-di-tradizioni-e-raffinatezza\/","og_site_name":"Beauvill\u00e9","article_publisher":"https:\/\/www.facebook.com\/beauville.createur","article_published_time":"2024-03-19T14:38:26+00:00","article_modified_time":"2025-05-12T11:54:08+00:00","og_image":[{"width":1920,"height":2560,"url":"https:\/\/www.beauville.com\/wp-inside\/uploads\/2024\/03\/img_e3159-scaled.jpg","type":"image\/jpeg"}],"author":"beauville-wp","twitter_card":"summary_large_image","twitter_misc":{"Scritto da":"beauville-wp","Tempo di lettura stimato":"2 minuti"},"schema":{"@context":"https:\/\/schema.org","@graph":[{"@type":"Article","@id":"https:\/\/www.beauville.com\/it\/blog\/celebrare-la-pasqua-in-alsazia-con-beauville-una-fusione-di-tradizioni-e-raffinatezza\/#article","isPartOf":{"@id":"https:\/\/www.beauville.com\/it\/blog\/celebrare-la-pasqua-in-alsazia-con-beauville-una-fusione-di-tradizioni-e-raffinatezza\/"},"author":{"name":"beauville-wp","@id":"https:\/\/www.beauville.com\/it\/#\/schema\/person\/ad0fa64b93a81bc4df4f8d1fb221a594"},"headline":"Celebrare la Pasqua in Alsazia con Beauvill\u00e9: una fusione di tradizioni e raffinatezza","datePublished":"2024-03-19T14:38:26+00:00","dateModified":"2025-05-12T11:54:08+00:00","mainEntityOfPage":{"@id":"https:\/\/www.beauville.com\/it\/blog\/celebrare-la-pasqua-in-alsazia-con-beauville-una-fusione-di-tradizioni-e-raffinatezza\/"},"wordCount":364,"publisher":{"@id":"https:\/\/www.beauville.com\/it\/#organization"},"image":{"@id":"https:\/\/www.beauville.com\/it\/blog\/celebrare-la-pasqua-in-alsazia-con-beauville-una-fusione-di-tradizioni-e-raffinatezza\/#primaryimage"},"thumbnailUrl":"https:\/\/www.beauville.com\/wp-inside\/uploads\/2024\/03\/img_e3159-scaled.jpg","articleSection":["Blog","Notizie","Pasqua"],"inLanguage":"it-IT"},{"@type":"WebPage","@id":"https:\/\/www.beauville.com\/it\/blog\/celebrare-la-pasqua-in-alsazia-con-beauville-una-fusione-di-tradizioni-e-raffinatezza\/","url":"https:\/\/www.beauville.com\/it\/blog\/celebrare-la-pasqua-in-alsazia-con-beauville-una-fusione-di-tradizioni-e-raffinatezza\/","name":"Celebrare la Pasqua in Alsazia con Beauvill\u00e9: una fusione di tradizioni e raffinatezza","isPartOf":{"@id":"https:\/\/www.beauville.com\/it\/#website"},"primaryImageOfPage":{"@id":"https:\/\/www.beauville.com\/it\/blog\/celebrare-la-pasqua-in-alsazia-con-beauville-una-fusione-di-tradizioni-e-raffinatezza\/#primaryimage"},"image":{"@id":"https:\/\/www.beauville.com\/it\/blog\/celebrare-la-pasqua-in-alsazia-con-beauville-una-fusione-di-tradizioni-e-raffinatezza\/#primaryimage"},"thumbnailUrl":"https:\/\/www.beauville.com\/wp-inside\/uploads\/2024\/03\/img_e3159-scaled.jpg","datePublished":"2024-03-19T14:38:26+00:00","dateModified":"2025-05-12T11:54:08+00:00","description":"Scopri come la Pasqua in Alsazia diventa un'esperienza unica con Beauvill\u00e9: tradizioni ancestrali, simboli pasquali e raffinatezza artigianale si uniscono per celebrare la primavera con eleganza.","breadcrumb":{"@id":"https:\/\/www.beauville.com\/it\/blog\/celebrare-la-pasqua-in-alsazia-con-beauville-una-fusione-di-tradizioni-e-raffinatezza\/#breadcrumb"},"inLanguage":"it-IT","potentialAction":[{"@type":"ReadAction","target":["https:\/\/www.beauville.com\/it\/blog\/celebrare-la-pasqua-in-alsazia-con-beauville-una-fusione-di-tradizioni-e-raffinatezza\/"]}]},{"@type":"ImageObject","inLanguage":"it-IT","@id":"https:\/\/www.beauville.com\/it\/blog\/celebrare-la-pasqua-in-alsazia-con-beauville-una-fusione-di-tradizioni-e-raffinatezza\/#primaryimage","url":"https:\/\/www.beauville.com\/wp-inside\/uploads\/2024\/03\/img_e3159-scaled.jpg","contentUrl":"https:\/\/www.beauville.com\/wp-inside\/uploads\/2024\/03\/img_e3159-scaled.jpg","width":1920,"height":2560,"caption":"Tovaglia Darjeeling Ciel: un elegante motivo floreale nelle delicate tonalit\u00e0 del blu cielo, che dona un tocco di raffinatezza e freschezza alla vostra tavola. Un design senza tempo che esalta l'atmosfera dei vostri pasti."},{"@type":"BreadcrumbList","@id":"https:\/\/www.beauville.com\/it\/blog\/celebrare-la-pasqua-in-alsazia-con-beauville-una-fusione-di-tradizioni-e-raffinatezza\/#breadcrumb","itemListElement":[{"@type":"ListItem","position":1,"name":"Home","item":"https:\/\/www.beauville.com\/it\/"},{"@type":"ListItem","position":2,"name":"Blog","item":"https:\/\/www.beauville.com\/it\/blog\/"},{"@type":"ListItem","position":3,"name":"Celebrare la Pasqua in Alsazia con Beauvill\u00e9: una fusione di tradizioni e raffinatezza"}]},{"@type":"WebSite","@id":"https:\/\/www.beauville.com\/it\/#website","url":"https:\/\/www.beauville.com\/it\/","name":"Beauvill\u00e9","description":"Creator by tradition","publisher":{"@id":"https:\/\/www.beauville.com\/it\/#organization"},"potentialAction":[{"@type":"SearchAction","target":{"@type":"EntryPoint","urlTemplate":"https:\/\/www.beauville.com\/it\/?s={search_term_string}"},"query-input":{"@type":"PropertyValueSpecification","valueRequired":true,"valueName":"search_term_string"}}],"inLanguage":"it-IT"},{"@type":"Organization","@id":"https:\/\/www.beauville.com\/it\/#organization","name":"Beauvill\u00e9","url":"https:\/\/www.beauville.com\/it\/","logo":{"@type":"ImageObject","inLanguage":"it-IT","@id":"https:\/\/www.beauville.com\/it\/#\/schema\/logo\/image\/","url":"https:\/\/www.beauville.com\/wp-inside\/uploads\/2018\/10\/beauville-logo.png","contentUrl":"https:\/\/www.beauville.com\/wp-inside\/uploads\/2018\/10\/beauville-logo.png","width":230,"height":90,"caption":"Beauvill\u00e9"},"image":{"@id":"https:\/\/www.beauville.com\/it\/#\/schema\/logo\/image\/"},"sameAs":["https:\/\/www.facebook.com\/beauville.createur","https:\/\/www.instagram.com\/beauville.createur\/","https:\/\/www.pinterest.fr\/beauvillecreateur\/_created\/","https:\/\/www.youtube.com\/channel\/UCN1DiK6SUHdildYkanOBeeA"]},{"@type":"Person","@id":"https:\/\/www.beauville.com\/it\/#\/schema\/person\/ad0fa64b93a81bc4df4f8d1fb221a594","name":"beauville-wp","image":{"@type":"ImageObject","inLanguage":"it-IT","@id":"https:\/\/secure.gravatar.com\/avatar\/ccfc9cd9974f3b2f4684fd5d1c0698785ab3815db27e5b9be74337ccd429086e?s=96&d=mm&r=g","url":"https:\/\/secure.gravatar.com\/avatar\/ccfc9cd9974f3b2f4684fd5d1c0698785ab3815db27e5b9be74337ccd429086e?s=96&d=mm&r=g","contentUrl":"https:\/\/secure.gravatar.com\/avatar\/ccfc9cd9974f3b2f4684fd5d1c0698785ab3815db27e5b9be74337ccd429086e?s=96&d=mm&r=g","caption":"beauville-wp"}}]}},"_links":{"self":[{"href":"https:\/\/www.beauville.com\/it\/wp-json\/wp\/v2\/posts\/32733","targetHints":{"allow":["GET"]}}],"collection":[{"href":"https:\/\/www.beauville.com\/it\/wp-json\/wp\/v2\/posts"}],"about":[{"href":"https:\/\/www.beauville.com\/it\/wp-json\/wp\/v2\/types\/post"}],"author":[{"embeddable":true,"href":"https:\/\/www.beauville.com\/it\/wp-json\/wp\/v2\/users\/2"}],"replies":[{"embeddable":true,"href":"https:\/\/www.beauville.com\/it\/wp-json\/wp\/v2\/comments?post=32733"}],"version-history":[{"count":2,"href":"https:\/\/www.beauville.com\/it\/wp-json\/wp\/v2\/posts\/32733\/revisions"}],"predecessor-version":[{"id":32740,"href":"https:\/\/www.beauville.com\/it\/wp-json\/wp\/v2\/posts\/32733\/revisions\/32740"}],"wp:featuredmedia":[{"embeddable":true,"href":"https:\/\/www.beauville.com\/it\/wp-json\/wp\/v2\/media\/32734"}],"wp:attachment":[{"href":"https:\/\/www.beauville.com\/it\/wp-json\/wp\/v2\/media?parent=32733"}],"wp:term":[{"taxonomy":"category","embeddable":true,"href":"https:\/\/www.beauville.com\/it\/wp-json\/wp\/v2\/categories?post=32733"},{"taxonomy":"post_tag","embeddable":true,"href":"https:\/\/www.beauville.com\/it\/wp-json\/wp\/v2\/tags?post=32733"}],"curies":[{"name":"wp","href":"https:\/\/api.w.org\/{rel}","templated":true}]}}