{"id":33384,"date":"2023-10-23T14:43:07","date_gmt":"2023-10-23T12:43:07","guid":{"rendered":"https:\/\/www.beauville.com\/senza-categoria\/nouvelle-collection-automne-hiver-2023\/"},"modified":"2025-09-10T15:31:28","modified_gmt":"2025-09-10T13:31:28","slug":"nuova-collezione-autunno-inverno-2023","status":"publish","type":"post","link":"https:\/\/www.beauville.com\/it\/blog\/nuova-collezione-autunno-inverno-2023\/","title":{"rendered":"Nuova Collezione Autunno\/Inverno 2023"},"content":{"rendered":"<h3 data-start=\"189\" data-end=\"271\"><strong data-start=\"189\" data-end=\"271\">Scoprite l\u2019Eleganza Autunnale di Beauvill\u00e9: La Collezione Autunno\/Inverno 2023<\/strong><\/h3>\n<p data-start=\"273\" data-end=\"790\">Il cambio di stagione porta con s\u00e9 non solo temperature pi\u00f9 fresche, ma anche l\u2019entusiasmo di rinnovare la casa per accogliere l\u2019autunno e l\u2019inverno.<br data-start=\"422\" data-end=\"425\" \/>In Beauvill\u00e9, siamo orgogliosi di presentarvi la nostra nuova collezione autunno\/inverno 2023, pensata per trasformare la vostra casa in un rifugio di calore, stile ed eleganza.<br data-start=\"602\" data-end=\"605\" \/>Questa stagione, abbiamo aggiunto un tocco ecologico alla nostra gamma con l\u2019introduzione del satin di cotone biologico. Scopriamo insieme cosa rende questa collezione davvero speciale.<\/p>\n<p>&nbsp;<\/p>\n<h3 data-start=\"792\" data-end=\"827\">L\u2019Eleganza Autunnale Ridefinita<\/h3>\n<p data-start=\"829\" data-end=\"1241\">Beauvill\u00e9 \u00e8 sinonimo di eleganza senza tempo, e la nuova collezione autunno\/inverno 2023 ne \u00e8 la perfetta dimostrazione.<br data-start=\"949\" data-end=\"952\" \/>Ispirati dai colori caldi e avvolgenti dell\u2019autunno, abbiamo creato disegni affascinanti che aggiungono un tocco di raffinatezza agli ambienti.<br data-start=\"1095\" data-end=\"1098\" \/>Dai motivi floreali delicati alle geometrie moderne, ogni pezzo \u00e8 stato realizzato con cura per evocare l\u2019atmosfera accogliente della stagione.<\/p>\n<p><img decoding=\"async\" src=\"https:\/\/www.beauville.com\/wp-inside\/uploads\/2023\/10\/banniere-e-shop-4.jpg\" class=\"alignnone size-full\" \/><\/p>\n<h3 data-start=\"1243\" data-end=\"1281\">Tovaglie per Ricevimenti Raffinati<\/h3>\n<p data-start=\"1283\" data-end=\"1615\">Le nostre tovaglie sono il punto di partenza ideale per una tavola elegante.<br data-start=\"1359\" data-end=\"1362\" \/>La collezione autunno\/inverno 2023 offre una selezione di tovaglie dai colori ricchi e dai motivi raffinati.<br data-start=\"1470\" data-end=\"1473\" \/>Che si tratti di una cena formale o di un pasto conviviale in famiglia, le nostre tovaglie aggiungeranno un tocco di classe ad ogni occasione.<\/p>\n<h3 data-start=\"1617\" data-end=\"1651\">Tovaglioli e Runner Coordinati<\/h3>\n<p data-start=\"1653\" data-end=\"1871\">Per completare la mise en place, troverete tovaglioli abbinati e runner eleganti che impreziosiscono la tavola con dettagli raffinati e finiture impeccabili.<br data-start=\"1810\" data-end=\"1813\" \/>Ogni pasto diventa cos\u00ec un\u2019esperienza anche per gli occhi.<a href=\"https:\/\/www.beauville.com\/shop\/it\/26-runner-da-tavola\"><img decoding=\"async\" src=\"https:\/\/www.beauville.com\/wp-inside\/uploads\/2023\/10\/banniere-e-shop-5.jpg\" class=\"alignnone size-full\" \/><\/a><\/p>\n<h3 data-start=\"1873\" data-end=\"1925\">Set Americani e Strofinacci: Pratici ed Eleganti<\/h3>\n<p data-start=\"1927\" data-end=\"2194\">I nostri set americani e strofinacci uniscono praticit\u00e0 e stile.<br data-start=\"1991\" data-end=\"1994\" \/>Proteggono le superfici con eleganza e donano un tocco di lusso quotidiano alla cucina.<br data-start=\"2081\" data-end=\"2084\" \/>I motivi della collezione si declinano armoniosamente su questi articoli, creando continuit\u00e0 in tutta la casa.<\/p>\n<p><a href=\"https:\/\/www.beauville.com\/shop\/it\/25-set-da-tavola\"><img decoding=\"async\" src=\"https:\/\/www.beauville.com\/wp-inside\/uploads\/2023\/10\/banniere-e-shop-6.jpg\" class=\"alignnone size-full\" \/><\/a><\/p>\n<h3 data-start=\"2196\" data-end=\"2233\">Cuscini per un Comfort Avvolgente<\/h3>\n<p data-start=\"2235\" data-end=\"2506\">Per un\u2019atmosfera calda e accogliente, non dimenticate i nostri cuscini coordinati.<br data-start=\"2317\" data-end=\"2320\" \/>Perfetti su divani, letti o poltrone, aggiungono comfort e stile con un solo gesto.<br data-start=\"2403\" data-end=\"2406\" \/>I cuscini Beauvill\u00e9 sono l\u2019accessorio ideale per trasformare ogni spazio in un rifugio di benessere.<\/p>\n<h3 data-start=\"2508\" data-end=\"2538\">Eleganti Confezioni Regalo<\/h3>\n<p data-start=\"2540\" data-end=\"2753\">Alla ricerca del regalo perfetto?<br data-start=\"2573\" data-end=\"2576\" \/>Le nostre confezioni regalo racchiudono una selezione curata dei nostri strofinacci, presentati con eleganza.<br data-start=\"2685\" data-end=\"2688\" \/>Un\u2019idea preziosa per far scoprire il mondo Beauvill\u00e9 a chi amate.<\/p>\n<p><a href=\"https:\/\/www.beauville.com\/shop\/it\/36-cofanetto-regalo-strofinaccio\"><img decoding=\"async\" src=\"https:\/\/www.beauville.com\/wp-inside\/uploads\/2023\/10\/banniere-e-shop-7.jpg\" class=\"alignnone size-full\" \/><\/a><\/p>\n<h3 data-start=\"2755\" data-end=\"2807\">Satin di Cotone Biologico: La Novit\u00e0 Sostenibile<\/h3>\n<p data-start=\"2809\" data-end=\"3013\">Il nostro impegno per l\u2019ambiente si traduce in una grande novit\u00e0 per l\u2019autunno\/inverno 2023: l\u2019introduzione del satin di cotone biologico.<br data-start=\"2947\" data-end=\"2950\" \/>Un tessuto morbido e lussuoso, ma anche rispettoso del pianeta.<\/p>\n<hr data-start=\"3015\" data-end=\"3018\" \/>\n<p data-start=\"3020\" data-end=\"3321\">La nuova collezione autunno\/inverno 2023 firmata Beauvill\u00e9 porta eleganza e calore in ogni casa, confermando il nostro impegno per la qualit\u00e0, la sostenibilit\u00e0 e l\u2019arte di vivere alla francese.<br data-start=\"3213\" data-end=\"3216\" \/>Scopritela ora e lasciatevi ispirare per rinnovare i vostri ambienti o per fare un dono davvero speciale.<\/p>\n<h3><\/h3>\n","protected":false},"excerpt":{"rendered":"<p>Scoprite l\u2019Eleganza Autunnale di Beauvill\u00e9: La Collezione Autunno\/Inverno 2023 Il cambio di stagione porta con s\u00e9 non solo temperature pi\u00f9 fresche, ma anche l\u2019entusiasmo di rinnovare la casa per accogliere [&hellip;]<\/p>\n","protected":false},"author":2,"featured_media":0,"comment_status":"closed","ping_status":"closed","sticky":false,"template":"","format":"standard","meta":{"_acf_changed":false,"footnotes":""},"categories":[57,71,67],"tags":[],"class_list":["post-33384","post","type-post","status-publish","format-standard","hentry","category-blog","category-natale-capodanno","category-notizie","wp-sticky"],"acf":[],"yoast_head":"<!-- This site is optimized with the Yoast SEO plugin v27.5 - https:\/\/yoast.com\/product\/yoast-seo-wordpress\/ -->\n<title>Nuova Collezione Autunno\/Inverno 2023<\/title>\n<meta name=\"description\" content=\"Scopri la nuova collezione Autunno\/Inverno 2023 di Beauvill\u00e9: tessuti eleganti, colori caldi, design raffinati e novit\u00e0 eco-friendly in satin di cotone biologico. Arreda con stile e sostenibilit\u00e0.\" \/>\n<meta name=\"robots\" content=\"index, follow, max-snippet:-1, max-image-preview:large, max-video-preview:-1\" \/>\n<link rel=\"canonical\" href=\"https:\/\/www.beauville.com\/it\/blog\/nuova-collezione-autunno-inverno-2023\/\" \/>\n<meta property=\"og:locale\" content=\"it_IT\" \/>\n<meta property=\"og:type\" content=\"article\" \/>\n<meta property=\"og:title\" content=\"Nuova Collezione Autunno\/Inverno 2023\" \/>\n<meta property=\"og:description\" content=\"Scopri la nuova collezione Autunno\/Inverno 2023 di Beauvill\u00e9: tessuti eleganti, colori caldi, design raffinati e novit\u00e0 eco-friendly in satin di cotone biologico. Arreda con stile e sostenibilit\u00e0.\" \/>\n<meta property=\"og:url\" content=\"https:\/\/www.beauville.com\/it\/blog\/nuova-collezione-autunno-inverno-2023\/\" \/>\n<meta property=\"og:site_name\" content=\"Beauvill\u00e9\" \/>\n<meta property=\"article:publisher\" content=\"https:\/\/www.facebook.com\/beauville.createur\" \/>\n<meta property=\"article:published_time\" content=\"2023-10-23T12:43:07+00:00\" \/>\n<meta property=\"article:modified_time\" content=\"2025-09-10T13:31:28+00:00\" \/>\n<meta property=\"og:image\" content=\"https:\/\/www.beauville.com\/wp-inside\/uploads\/2023\/10\/banniere-e-shop-4.jpg\" \/>\n<meta name=\"author\" content=\"beauville-wp\" \/>\n<meta name=\"twitter:card\" content=\"summary_large_image\" \/>\n<meta name=\"twitter:label1\" content=\"Scritto da\" \/>\n\t<meta name=\"twitter:data1\" content=\"beauville-wp\" \/>\n\t<meta name=\"twitter:label2\" content=\"Tempo di lettura stimato\" \/>\n\t<meta name=\"twitter:data2\" content=\"2 minuti\" \/>\n<script type=\"application\/ld+json\" class=\"yoast-schema-graph\">{\"@context\":\"https:\\\/\\\/schema.org\",\"@graph\":[{\"@type\":\"Article\",\"@id\":\"https:\\\/\\\/www.beauville.com\\\/it\\\/blog\\\/nuova-collezione-autunno-inverno-2023\\\/#article\",\"isPartOf\":{\"@id\":\"https:\\\/\\\/www.beauville.com\\\/it\\\/blog\\\/nuova-collezione-autunno-inverno-2023\\\/\"},\"author\":{\"name\":\"beauville-wp\",\"@id\":\"https:\\\/\\\/www.beauville.com\\\/it\\\/#\\\/schema\\\/person\\\/ad0fa64b93a81bc4df4f8d1fb221a594\"},\"headline\":\"Nuova Collezione Autunno\\\/Inverno 2023\",\"datePublished\":\"2023-10-23T12:43:07+00:00\",\"dateModified\":\"2025-09-10T13:31:28+00:00\",\"mainEntityOfPage\":{\"@id\":\"https:\\\/\\\/www.beauville.com\\\/it\\\/blog\\\/nuova-collezione-autunno-inverno-2023\\\/\"},\"wordCount\":463,\"publisher\":{\"@id\":\"https:\\\/\\\/www.beauville.com\\\/it\\\/#organization\"},\"image\":{\"@id\":\"https:\\\/\\\/www.beauville.com\\\/it\\\/blog\\\/nuova-collezione-autunno-inverno-2023\\\/#primaryimage\"},\"thumbnailUrl\":\"https:\\\/\\\/www.beauville.com\\\/wp-inside\\\/uploads\\\/2023\\\/10\\\/banniere-e-shop-4.jpg\",\"articleSection\":[\"Blog\",\"Natale e Capodanno\",\"Notizie\"],\"inLanguage\":\"it-IT\"},{\"@type\":\"WebPage\",\"@id\":\"https:\\\/\\\/www.beauville.com\\\/it\\\/blog\\\/nuova-collezione-autunno-inverno-2023\\\/\",\"url\":\"https:\\\/\\\/www.beauville.com\\\/it\\\/blog\\\/nuova-collezione-autunno-inverno-2023\\\/\",\"name\":\"Nuova Collezione Autunno\\\/Inverno 2023\",\"isPartOf\":{\"@id\":\"https:\\\/\\\/www.beauville.com\\\/it\\\/#website\"},\"primaryImageOfPage\":{\"@id\":\"https:\\\/\\\/www.beauville.com\\\/it\\\/blog\\\/nuova-collezione-autunno-inverno-2023\\\/#primaryimage\"},\"image\":{\"@id\":\"https:\\\/\\\/www.beauville.com\\\/it\\\/blog\\\/nuova-collezione-autunno-inverno-2023\\\/#primaryimage\"},\"thumbnailUrl\":\"https:\\\/\\\/www.beauville.com\\\/wp-inside\\\/uploads\\\/2023\\\/10\\\/banniere-e-shop-4.jpg\",\"datePublished\":\"2023-10-23T12:43:07+00:00\",\"dateModified\":\"2025-09-10T13:31:28+00:00\",\"description\":\"Scopri la nuova collezione Autunno\\\/Inverno 2023 di Beauvill\u00e9: tessuti eleganti, colori caldi, design raffinati e novit\u00e0 eco-friendly in satin di cotone biologico. Arreda con stile e sostenibilit\u00e0.\",\"breadcrumb\":{\"@id\":\"https:\\\/\\\/www.beauville.com\\\/it\\\/blog\\\/nuova-collezione-autunno-inverno-2023\\\/#breadcrumb\"},\"inLanguage\":\"it-IT\",\"potentialAction\":[{\"@type\":\"ReadAction\",\"target\":[\"https:\\\/\\\/www.beauville.com\\\/it\\\/blog\\\/nuova-collezione-autunno-inverno-2023\\\/\"]}]},{\"@type\":\"ImageObject\",\"inLanguage\":\"it-IT\",\"@id\":\"https:\\\/\\\/www.beauville.com\\\/it\\\/blog\\\/nuova-collezione-autunno-inverno-2023\\\/#primaryimage\",\"url\":\"https:\\\/\\\/www.beauville.com\\\/wp-inside\\\/uploads\\\/2023\\\/10\\\/banniere-e-shop-4.jpg\",\"contentUrl\":\"https:\\\/\\\/www.beauville.com\\\/wp-inside\\\/uploads\\\/2023\\\/10\\\/banniere-e-shop-4.jpg\"},{\"@type\":\"BreadcrumbList\",\"@id\":\"https:\\\/\\\/www.beauville.com\\\/it\\\/blog\\\/nuova-collezione-autunno-inverno-2023\\\/#breadcrumb\",\"itemListElement\":[{\"@type\":\"ListItem\",\"position\":1,\"name\":\"Home\",\"item\":\"https:\\\/\\\/www.beauville.com\\\/it\\\/\"},{\"@type\":\"ListItem\",\"position\":2,\"name\":\"Blog\",\"item\":\"https:\\\/\\\/www.beauville.com\\\/it\\\/blog\\\/\"},{\"@type\":\"ListItem\",\"position\":3,\"name\":\"Nuova Collezione Autunno\\\/Inverno 2023\"}]},{\"@type\":\"WebSite\",\"@id\":\"https:\\\/\\\/www.beauville.com\\\/it\\\/#website\",\"url\":\"https:\\\/\\\/www.beauville.com\\\/it\\\/\",\"name\":\"Beauvill\u00e9\",\"description\":\"Creator by tradition\",\"publisher\":{\"@id\":\"https:\\\/\\\/www.beauville.com\\\/it\\\/#organization\"},\"potentialAction\":[{\"@type\":\"SearchAction\",\"target\":{\"@type\":\"EntryPoint\",\"urlTemplate\":\"https:\\\/\\\/www.beauville.com\\\/it\\\/?s={search_term_string}\"},\"query-input\":{\"@type\":\"PropertyValueSpecification\",\"valueRequired\":true,\"valueName\":\"search_term_string\"}}],\"inLanguage\":\"it-IT\"},{\"@type\":\"Organization\",\"@id\":\"https:\\\/\\\/www.beauville.com\\\/it\\\/#organization\",\"name\":\"Beauvill\u00e9\",\"url\":\"https:\\\/\\\/www.beauville.com\\\/it\\\/\",\"logo\":{\"@type\":\"ImageObject\",\"inLanguage\":\"it-IT\",\"@id\":\"https:\\\/\\\/www.beauville.com\\\/it\\\/#\\\/schema\\\/logo\\\/image\\\/\",\"url\":\"https:\\\/\\\/www.beauville.com\\\/wp-inside\\\/uploads\\\/2018\\\/10\\\/beauville-logo.png\",\"contentUrl\":\"https:\\\/\\\/www.beauville.com\\\/wp-inside\\\/uploads\\\/2018\\\/10\\\/beauville-logo.png\",\"width\":230,\"height\":90,\"caption\":\"Beauvill\u00e9\"},\"image\":{\"@id\":\"https:\\\/\\\/www.beauville.com\\\/it\\\/#\\\/schema\\\/logo\\\/image\\\/\"},\"sameAs\":[\"https:\\\/\\\/www.facebook.com\\\/beauville.createur\",\"https:\\\/\\\/www.instagram.com\\\/beauville.createur\\\/\",\"https:\\\/\\\/www.pinterest.fr\\\/beauvillecreateur\\\/_created\\\/\",\"https:\\\/\\\/www.youtube.com\\\/channel\\\/UCN1DiK6SUHdildYkanOBeeA\"]},{\"@type\":\"Person\",\"@id\":\"https:\\\/\\\/www.beauville.com\\\/it\\\/#\\\/schema\\\/person\\\/ad0fa64b93a81bc4df4f8d1fb221a594\",\"name\":\"beauville-wp\",\"image\":{\"@type\":\"ImageObject\",\"inLanguage\":\"it-IT\",\"@id\":\"https:\\\/\\\/secure.gravatar.com\\\/avatar\\\/ccfc9cd9974f3b2f4684fd5d1c0698785ab3815db27e5b9be74337ccd429086e?s=96&d=mm&r=g\",\"url\":\"https:\\\/\\\/secure.gravatar.com\\\/avatar\\\/ccfc9cd9974f3b2f4684fd5d1c0698785ab3815db27e5b9be74337ccd429086e?s=96&d=mm&r=g\",\"contentUrl\":\"https:\\\/\\\/secure.gravatar.com\\\/avatar\\\/ccfc9cd9974f3b2f4684fd5d1c0698785ab3815db27e5b9be74337ccd429086e?s=96&d=mm&r=g\",\"caption\":\"beauville-wp\"}}]}<\/script>\n<!-- \/ Yoast SEO plugin. -->","yoast_head_json":{"title":"Nuova Collezione Autunno\/Inverno 2023","description":"Scopri la nuova collezione Autunno\/Inverno 2023 di Beauvill\u00e9: tessuti eleganti, colori caldi, design raffinati e novit\u00e0 eco-friendly in satin di cotone biologico. Arreda con stile e sostenibilit\u00e0.","robots":{"index":"index","follow":"follow","max-snippet":"max-snippet:-1","max-image-preview":"max-image-preview:large","max-video-preview":"max-video-preview:-1"},"canonical":"https:\/\/www.beauville.com\/it\/blog\/nuova-collezione-autunno-inverno-2023\/","og_locale":"it_IT","og_type":"article","og_title":"Nuova Collezione Autunno\/Inverno 2023","og_description":"Scopri la nuova collezione Autunno\/Inverno 2023 di Beauvill\u00e9: tessuti eleganti, colori caldi, design raffinati e novit\u00e0 eco-friendly in satin di cotone biologico. Arreda con stile e sostenibilit\u00e0.","og_url":"https:\/\/www.beauville.com\/it\/blog\/nuova-collezione-autunno-inverno-2023\/","og_site_name":"Beauvill\u00e9","article_publisher":"https:\/\/www.facebook.com\/beauville.createur","article_published_time":"2023-10-23T12:43:07+00:00","article_modified_time":"2025-09-10T13:31:28+00:00","og_image":[{"url":"https:\/\/www.beauville.com\/wp-inside\/uploads\/2023\/10\/banniere-e-shop-4.jpg","type":"","width":"","height":""}],"author":"beauville-wp","twitter_card":"summary_large_image","twitter_misc":{"Scritto da":"beauville-wp","Tempo di lettura stimato":"2 minuti"},"schema":{"@context":"https:\/\/schema.org","@graph":[{"@type":"Article","@id":"https:\/\/www.beauville.com\/it\/blog\/nuova-collezione-autunno-inverno-2023\/#article","isPartOf":{"@id":"https:\/\/www.beauville.com\/it\/blog\/nuova-collezione-autunno-inverno-2023\/"},"author":{"name":"beauville-wp","@id":"https:\/\/www.beauville.com\/it\/#\/schema\/person\/ad0fa64b93a81bc4df4f8d1fb221a594"},"headline":"Nuova Collezione Autunno\/Inverno 2023","datePublished":"2023-10-23T12:43:07+00:00","dateModified":"2025-09-10T13:31:28+00:00","mainEntityOfPage":{"@id":"https:\/\/www.beauville.com\/it\/blog\/nuova-collezione-autunno-inverno-2023\/"},"wordCount":463,"publisher":{"@id":"https:\/\/www.beauville.com\/it\/#organization"},"image":{"@id":"https:\/\/www.beauville.com\/it\/blog\/nuova-collezione-autunno-inverno-2023\/#primaryimage"},"thumbnailUrl":"https:\/\/www.beauville.com\/wp-inside\/uploads\/2023\/10\/banniere-e-shop-4.jpg","articleSection":["Blog","Natale e Capodanno","Notizie"],"inLanguage":"it-IT"},{"@type":"WebPage","@id":"https:\/\/www.beauville.com\/it\/blog\/nuova-collezione-autunno-inverno-2023\/","url":"https:\/\/www.beauville.com\/it\/blog\/nuova-collezione-autunno-inverno-2023\/","name":"Nuova Collezione Autunno\/Inverno 2023","isPartOf":{"@id":"https:\/\/www.beauville.com\/it\/#website"},"primaryImageOfPage":{"@id":"https:\/\/www.beauville.com\/it\/blog\/nuova-collezione-autunno-inverno-2023\/#primaryimage"},"image":{"@id":"https:\/\/www.beauville.com\/it\/blog\/nuova-collezione-autunno-inverno-2023\/#primaryimage"},"thumbnailUrl":"https:\/\/www.beauville.com\/wp-inside\/uploads\/2023\/10\/banniere-e-shop-4.jpg","datePublished":"2023-10-23T12:43:07+00:00","dateModified":"2025-09-10T13:31:28+00:00","description":"Scopri la nuova collezione Autunno\/Inverno 2023 di Beauvill\u00e9: tessuti eleganti, colori caldi, design raffinati e novit\u00e0 eco-friendly in satin di cotone biologico. Arreda con stile e sostenibilit\u00e0.","breadcrumb":{"@id":"https:\/\/www.beauville.com\/it\/blog\/nuova-collezione-autunno-inverno-2023\/#breadcrumb"},"inLanguage":"it-IT","potentialAction":[{"@type":"ReadAction","target":["https:\/\/www.beauville.com\/it\/blog\/nuova-collezione-autunno-inverno-2023\/"]}]},{"@type":"ImageObject","inLanguage":"it-IT","@id":"https:\/\/www.beauville.com\/it\/blog\/nuova-collezione-autunno-inverno-2023\/#primaryimage","url":"https:\/\/www.beauville.com\/wp-inside\/uploads\/2023\/10\/banniere-e-shop-4.jpg","contentUrl":"https:\/\/www.beauville.com\/wp-inside\/uploads\/2023\/10\/banniere-e-shop-4.jpg"},{"@type":"BreadcrumbList","@id":"https:\/\/www.beauville.com\/it\/blog\/nuova-collezione-autunno-inverno-2023\/#breadcrumb","itemListElement":[{"@type":"ListItem","position":1,"name":"Home","item":"https:\/\/www.beauville.com\/it\/"},{"@type":"ListItem","position":2,"name":"Blog","item":"https:\/\/www.beauville.com\/it\/blog\/"},{"@type":"ListItem","position":3,"name":"Nuova Collezione Autunno\/Inverno 2023"}]},{"@type":"WebSite","@id":"https:\/\/www.beauville.com\/it\/#website","url":"https:\/\/www.beauville.com\/it\/","name":"Beauvill\u00e9","description":"Creator by tradition","publisher":{"@id":"https:\/\/www.beauville.com\/it\/#organization"},"potentialAction":[{"@type":"SearchAction","target":{"@type":"EntryPoint","urlTemplate":"https:\/\/www.beauville.com\/it\/?s={search_term_string}"},"query-input":{"@type":"PropertyValueSpecification","valueRequired":true,"valueName":"search_term_string"}}],"inLanguage":"it-IT"},{"@type":"Organization","@id":"https:\/\/www.beauville.com\/it\/#organization","name":"Beauvill\u00e9","url":"https:\/\/www.beauville.com\/it\/","logo":{"@type":"ImageObject","inLanguage":"it-IT","@id":"https:\/\/www.beauville.com\/it\/#\/schema\/logo\/image\/","url":"https:\/\/www.beauville.com\/wp-inside\/uploads\/2018\/10\/beauville-logo.png","contentUrl":"https:\/\/www.beauville.com\/wp-inside\/uploads\/2018\/10\/beauville-logo.png","width":230,"height":90,"caption":"Beauvill\u00e9"},"image":{"@id":"https:\/\/www.beauville.com\/it\/#\/schema\/logo\/image\/"},"sameAs":["https:\/\/www.facebook.com\/beauville.createur","https:\/\/www.instagram.com\/beauville.createur\/","https:\/\/www.pinterest.fr\/beauvillecreateur\/_created\/","https:\/\/www.youtube.com\/channel\/UCN1DiK6SUHdildYkanOBeeA"]},{"@type":"Person","@id":"https:\/\/www.beauville.com\/it\/#\/schema\/person\/ad0fa64b93a81bc4df4f8d1fb221a594","name":"beauville-wp","image":{"@type":"ImageObject","inLanguage":"it-IT","@id":"https:\/\/secure.gravatar.com\/avatar\/ccfc9cd9974f3b2f4684fd5d1c0698785ab3815db27e5b9be74337ccd429086e?s=96&d=mm&r=g","url":"https:\/\/secure.gravatar.com\/avatar\/ccfc9cd9974f3b2f4684fd5d1c0698785ab3815db27e5b9be74337ccd429086e?s=96&d=mm&r=g","contentUrl":"https:\/\/secure.gravatar.com\/avatar\/ccfc9cd9974f3b2f4684fd5d1c0698785ab3815db27e5b9be74337ccd429086e?s=96&d=mm&r=g","caption":"beauville-wp"}}]}},"_links":{"self":[{"href":"https:\/\/www.beauville.com\/it\/wp-json\/wp\/v2\/posts\/33384","targetHints":{"allow":["GET"]}}],"collection":[{"href":"https:\/\/www.beauville.com\/it\/wp-json\/wp\/v2\/posts"}],"about":[{"href":"https:\/\/www.beauville.com\/it\/wp-json\/wp\/v2\/types\/post"}],"author":[{"embeddable":true,"href":"https:\/\/www.beauville.com\/it\/wp-json\/wp\/v2\/users\/2"}],"replies":[{"embeddable":true,"href":"https:\/\/www.beauville.com\/it\/wp-json\/wp\/v2\/comments?post=33384"}],"version-history":[{"count":3,"href":"https:\/\/www.beauville.com\/it\/wp-json\/wp\/v2\/posts\/33384\/revisions"}],"predecessor-version":[{"id":33857,"href":"https:\/\/www.beauville.com\/it\/wp-json\/wp\/v2\/posts\/33384\/revisions\/33857"}],"wp:attachment":[{"href":"https:\/\/www.beauville.com\/it\/wp-json\/wp\/v2\/media?parent=33384"}],"wp:term":[{"taxonomy":"category","embeddable":true,"href":"https:\/\/www.beauville.com\/it\/wp-json\/wp\/v2\/categories?post=33384"},{"taxonomy":"post_tag","embeddable":true,"href":"https:\/\/www.beauville.com\/it\/wp-json\/wp\/v2\/tags?post=33384"}],"curies":[{"name":"wp","href":"https:\/\/api.w.org\/{rel}","templated":true}]}}