{"id":33514,"date":"2021-12-16T09:00:58","date_gmt":"2021-12-16T08:00:58","guid":{"rendered":"https:\/\/www.beauville.com\/senza-categoria\/inspirations-de-fetes-episode-3-et-pourquoi-pas-du-noir\/"},"modified":"2025-05-21T16:47:25","modified_gmt":"2025-05-21T14:47:25","slug":"ispirazioni-per-le-feste-episodio-3-e-perche-non-il-nero","status":"publish","type":"post","link":"https:\/\/www.beauville.com\/it\/blog\/ispirazioni-per-le-feste-episodio-3-e-perche-non-il-nero\/","title":{"rendered":"Ispirazioni per le Feste \u2013 Episodio 3: E perch\u00e9 non il Nero?"},"content":{"rendered":"<p data-start=\"280\" data-end=\"453\">\u00c8 il momento del nero di entrare in scena nella decorazione:<br data-start=\"340\" data-end=\"343\" \/>scoprite tutti i nostri consigli per apparecchiare una tavola delle feste con un colore deciso e sorprendente.<\/p>\n<h3 data-start=\"460\" data-end=\"519\"><strong data-start=\"464\" data-end=\"519\">FASE 1: Scegliere una tovaglia dai dettagli festivi<\/strong><\/h3>\n<p data-start=\"521\" data-end=\"813\">Se desiderate stupire i vostri ospiti, osate il nero per la vostra mise en place.<br data-start=\"602\" data-end=\"605\" \/>Per celebrare le festivit\u00e0 di fine anno, vi consigliamo le nostre tovaglie <strong data-start=\"680\" data-end=\"695\">F\u00e9erie Onyx<\/strong> e <strong data-start=\"698\" data-end=\"718\">Meg\u00e8ve Antracite<\/strong>: i dettagli moderni di questi modelli illumineranno all\u2019istante l\u2019atmosfera della vostra casa.<\/p>\n<p><img decoding=\"async\" src=\"https:\/\/www.beauville.com\/wp-inside\/uploads\/2021\/01\/nappe-feerie-beauville-350x350.jpg\" alt=\"Nappe f\u00e9\u00e9rie Beauvill\u00e9\" class=\"aligncenter size-medium\" \/><\/p>\n<h3 data-start=\"820\" data-end=\"879\"><strong data-start=\"824\" data-end=\"879\">FASE 2: Comporre una decorazione chic e sofisticata<\/strong><\/h3>\n<p data-start=\"881\" data-end=\"1124\">Il tovagliolo \u00e8 il dettaglio che dona eleganza alla tavola, come nei migliori ristoranti stellati.<br data-start=\"979\" data-end=\"982\" \/>Abbinate la tovaglia ai tovaglioli coordinati oppure scegliete i nostri <strong data-start=\"1054\" data-end=\"1077\">tovaglioli bicolore<\/strong> per un effetto sobrio ma ricercato, garantito!<\/p>\n<h4><\/h4>\n<p><img decoding=\"async\" src=\"https:\/\/www.beauville.com\/wp-inside\/uploads\/2021\/10\/nappe-megeve-beauville-2-350x350.jpg\" class=\"size-medium aligncenter\" \/><\/p>\n<h3 data-start=\"1131\" data-end=\"1182\"><strong data-start=\"1135\" data-end=\"1182\">FASE 3: Creare un\u2019atmosfera calda e festosa<\/strong><\/h3>\n<p data-start=\"1184\" data-end=\"1395\">Scaldate l\u2019ambiente aggiungendo <strong data-start=\"1216\" data-end=\"1251\">bicchieri o candelabri colorati<\/strong>.<br data-start=\"1252\" data-end=\"1255\" \/>Per un centrotavola originale, potete disporre <strong data-start=\"1302\" data-end=\"1324\">pigne scintillanti<\/strong> su un ampio vassoio dorato o argentato: un tocco naturale e brillante.<\/p>\n<h3 data-start=\"1402\" data-end=\"1439\"><strong data-start=\"1406\" data-end=\"1439\">Il consiglio della settimana:<\/strong><\/h3>\n<p data-start=\"1441\" data-end=\"1617\">Per un Natale indimenticabile, puntate su <strong data-start=\"1483\" data-end=\"1506\">accessori argentati<\/strong>!<br data-start=\"1507\" data-end=\"1510\" \/>Potete, ad esempio, sovrapporre piatti dorati e bianchi per dare profondit\u00e0 ed eleganza alla vostra tavola.<\/p>\n<h4><\/h4>\n<p><strong><img decoding=\"async\" src=\"https:\/\/www.beauville.com\/wp-inside\/uploads\/2021\/10\/feerie-onyx-350x350.jpg\" class=\"size-medium aligncenter\" \/><\/strong><\/p>\n<p>Vi \u00e8 piaciuto questo articolo? Scoprite anche i nostri consigli per <strong data-start=\"1697\" data-end=\"1750\">apparecchiare una tavola tradizionale delle feste<\/strong> o lasciatevi ispirare dal nostro stile <strong data-start=\"1790\" data-end=\"1804\">scandinavo<\/strong>, perfetto per un inverno accogliente e raffinato.<\/p>\n","protected":false},"excerpt":{"rendered":"<p>\u00c8 il momento del nero di entrare in scena nella decorazione:scoprite tutti i nostri consigli per apparecchiare una tavola delle feste con un colore deciso e sorprendente. FASE 1: Scegliere [&hellip;]<\/p>\n","protected":false},"author":2,"featured_media":33031,"comment_status":"closed","ping_status":"closed","sticky":false,"template":"","format":"standard","meta":{"_acf_changed":false,"footnotes":""},"categories":[57,71],"tags":[],"class_list":["post-33514","post","type-post","status-publish","format-standard","has-post-thumbnail","hentry","category-blog","category-natale-capodanno","wp-sticky"],"acf":[],"yoast_head":"<!-- This site is optimized with the Yoast SEO plugin v27.5 - https:\/\/yoast.com\/product\/yoast-seo-wordpress\/ -->\n<title>Ispirazioni per le Feste \u2013 Episodio 3: E perch\u00e9 non il Nero?<\/title>\n<meta name=\"description\" content=\"Scopri come apparecchiare una tavola natalizia elegante e sorprendente con il nero: tovaglie festive, decorazioni raffinate e consigli per un\u2019atmosfera calda e sofisticata.\" \/>\n<meta name=\"robots\" content=\"index, follow, max-snippet:-1, max-image-preview:large, max-video-preview:-1\" \/>\n<link rel=\"canonical\" href=\"https:\/\/www.beauville.com\/it\/blog\/ispirazioni-per-le-feste-episodio-3-e-perche-non-il-nero\/\" \/>\n<meta property=\"og:locale\" content=\"it_IT\" \/>\n<meta property=\"og:type\" content=\"article\" \/>\n<meta property=\"og:title\" content=\"Ispirazioni per le Feste \u2013 Episodio 3: E perch\u00e9 non il Nero?\" \/>\n<meta property=\"og:description\" content=\"Scopri come apparecchiare una tavola natalizia elegante e sorprendente con il nero: tovaglie festive, decorazioni raffinate e consigli per un\u2019atmosfera calda e sofisticata.\" \/>\n<meta property=\"og:url\" content=\"https:\/\/www.beauville.com\/it\/blog\/ispirazioni-per-le-feste-episodio-3-e-perche-non-il-nero\/\" \/>\n<meta property=\"og:site_name\" content=\"Beauvill\u00e9\" \/>\n<meta property=\"article:publisher\" content=\"https:\/\/www.facebook.com\/beauville.createur\" \/>\n<meta property=\"article:published_time\" content=\"2021-12-16T08:00:58+00:00\" \/>\n<meta property=\"article:modified_time\" content=\"2025-05-21T14:47:25+00:00\" \/>\n<meta property=\"og:image\" content=\"https:\/\/www.beauville.com\/wp-inside\/uploads\/2021\/12\/img_2920-350x350-1.jpg\" \/>\n\t<meta property=\"og:image:width\" content=\"350\" \/>\n\t<meta property=\"og:image:height\" content=\"350\" \/>\n\t<meta property=\"og:image:type\" content=\"image\/jpeg\" \/>\n<meta name=\"author\" content=\"beauville-wp\" \/>\n<meta name=\"twitter:card\" content=\"summary_large_image\" \/>\n<meta name=\"twitter:label1\" content=\"Scritto da\" \/>\n\t<meta name=\"twitter:data1\" content=\"beauville-wp\" \/>\n\t<meta name=\"twitter:label2\" content=\"Tempo di lettura stimato\" \/>\n\t<meta name=\"twitter:data2\" content=\"1 minuto\" \/>\n<script type=\"application\/ld+json\" class=\"yoast-schema-graph\">{\"@context\":\"https:\\\/\\\/schema.org\",\"@graph\":[{\"@type\":\"Article\",\"@id\":\"https:\\\/\\\/www.beauville.com\\\/it\\\/blog\\\/ispirazioni-per-le-feste-episodio-3-e-perche-non-il-nero\\\/#article\",\"isPartOf\":{\"@id\":\"https:\\\/\\\/www.beauville.com\\\/it\\\/blog\\\/ispirazioni-per-le-feste-episodio-3-e-perche-non-il-nero\\\/\"},\"author\":{\"name\":\"beauville-wp\",\"@id\":\"https:\\\/\\\/www.beauville.com\\\/it\\\/#\\\/schema\\\/person\\\/ad0fa64b93a81bc4df4f8d1fb221a594\"},\"headline\":\"Ispirazioni per le Feste \u2013 Episodio 3: E perch\u00e9 non il Nero?\",\"datePublished\":\"2021-12-16T08:00:58+00:00\",\"dateModified\":\"2025-05-21T14:47:25+00:00\",\"mainEntityOfPage\":{\"@id\":\"https:\\\/\\\/www.beauville.com\\\/it\\\/blog\\\/ispirazioni-per-le-feste-episodio-3-e-perche-non-il-nero\\\/\"},\"wordCount\":225,\"publisher\":{\"@id\":\"https:\\\/\\\/www.beauville.com\\\/it\\\/#organization\"},\"image\":{\"@id\":\"https:\\\/\\\/www.beauville.com\\\/it\\\/blog\\\/ispirazioni-per-le-feste-episodio-3-e-perche-non-il-nero\\\/#primaryimage\"},\"thumbnailUrl\":\"https:\\\/\\\/www.beauville.com\\\/wp-inside\\\/uploads\\\/2021\\\/12\\\/img_2920-350x350-1.jpg\",\"articleSection\":[\"Blog\",\"Natale e Capodanno\"],\"inLanguage\":\"it-IT\"},{\"@type\":\"WebPage\",\"@id\":\"https:\\\/\\\/www.beauville.com\\\/it\\\/blog\\\/ispirazioni-per-le-feste-episodio-3-e-perche-non-il-nero\\\/\",\"url\":\"https:\\\/\\\/www.beauville.com\\\/it\\\/blog\\\/ispirazioni-per-le-feste-episodio-3-e-perche-non-il-nero\\\/\",\"name\":\"Ispirazioni per le Feste \u2013 Episodio 3: E perch\u00e9 non il Nero?\",\"isPartOf\":{\"@id\":\"https:\\\/\\\/www.beauville.com\\\/it\\\/#website\"},\"primaryImageOfPage\":{\"@id\":\"https:\\\/\\\/www.beauville.com\\\/it\\\/blog\\\/ispirazioni-per-le-feste-episodio-3-e-perche-non-il-nero\\\/#primaryimage\"},\"image\":{\"@id\":\"https:\\\/\\\/www.beauville.com\\\/it\\\/blog\\\/ispirazioni-per-le-feste-episodio-3-e-perche-non-il-nero\\\/#primaryimage\"},\"thumbnailUrl\":\"https:\\\/\\\/www.beauville.com\\\/wp-inside\\\/uploads\\\/2021\\\/12\\\/img_2920-350x350-1.jpg\",\"datePublished\":\"2021-12-16T08:00:58+00:00\",\"dateModified\":\"2025-05-21T14:47:25+00:00\",\"description\":\"Scopri come apparecchiare una tavola natalizia elegante e sorprendente con il nero: tovaglie festive, decorazioni raffinate e consigli per un\u2019atmosfera calda e sofisticata.\",\"breadcrumb\":{\"@id\":\"https:\\\/\\\/www.beauville.com\\\/it\\\/blog\\\/ispirazioni-per-le-feste-episodio-3-e-perche-non-il-nero\\\/#breadcrumb\"},\"inLanguage\":\"it-IT\",\"potentialAction\":[{\"@type\":\"ReadAction\",\"target\":[\"https:\\\/\\\/www.beauville.com\\\/it\\\/blog\\\/ispirazioni-per-le-feste-episodio-3-e-perche-non-il-nero\\\/\"]}]},{\"@type\":\"ImageObject\",\"inLanguage\":\"it-IT\",\"@id\":\"https:\\\/\\\/www.beauville.com\\\/it\\\/blog\\\/ispirazioni-per-le-feste-episodio-3-e-perche-non-il-nero\\\/#primaryimage\",\"url\":\"https:\\\/\\\/www.beauville.com\\\/wp-inside\\\/uploads\\\/2021\\\/12\\\/img_2920-350x350-1.jpg\",\"contentUrl\":\"https:\\\/\\\/www.beauville.com\\\/wp-inside\\\/uploads\\\/2021\\\/12\\\/img_2920-350x350-1.jpg\",\"width\":350,\"height\":350,\"caption\":\"Tovagliolo in tessuto F\u00e9erie antracite con eleganti motivi festivi, ripiegato ordinatamente su un piatto per una tavola natalizia sofisticata.\"},{\"@type\":\"BreadcrumbList\",\"@id\":\"https:\\\/\\\/www.beauville.com\\\/it\\\/blog\\\/ispirazioni-per-le-feste-episodio-3-e-perche-non-il-nero\\\/#breadcrumb\",\"itemListElement\":[{\"@type\":\"ListItem\",\"position\":1,\"name\":\"Home\",\"item\":\"https:\\\/\\\/www.beauville.com\\\/it\\\/\"},{\"@type\":\"ListItem\",\"position\":2,\"name\":\"Blog\",\"item\":\"https:\\\/\\\/www.beauville.com\\\/it\\\/blog\\\/\"},{\"@type\":\"ListItem\",\"position\":3,\"name\":\"Natale e Capodanno\",\"item\":\"https:\\\/\\\/www.beauville.com\\\/it\\\/blog\\\/natale-capodanno\\\/\"},{\"@type\":\"ListItem\",\"position\":4,\"name\":\"Ispirazioni per le Feste \u2013 Episodio 3: E perch\u00e9 non il Nero?\"}]},{\"@type\":\"WebSite\",\"@id\":\"https:\\\/\\\/www.beauville.com\\\/it\\\/#website\",\"url\":\"https:\\\/\\\/www.beauville.com\\\/it\\\/\",\"name\":\"Beauvill\u00e9\",\"description\":\"Creator by tradition\",\"publisher\":{\"@id\":\"https:\\\/\\\/www.beauville.com\\\/it\\\/#organization\"},\"potentialAction\":[{\"@type\":\"SearchAction\",\"target\":{\"@type\":\"EntryPoint\",\"urlTemplate\":\"https:\\\/\\\/www.beauville.com\\\/it\\\/?s={search_term_string}\"},\"query-input\":{\"@type\":\"PropertyValueSpecification\",\"valueRequired\":true,\"valueName\":\"search_term_string\"}}],\"inLanguage\":\"it-IT\"},{\"@type\":\"Organization\",\"@id\":\"https:\\\/\\\/www.beauville.com\\\/it\\\/#organization\",\"name\":\"Beauvill\u00e9\",\"url\":\"https:\\\/\\\/www.beauville.com\\\/it\\\/\",\"logo\":{\"@type\":\"ImageObject\",\"inLanguage\":\"it-IT\",\"@id\":\"https:\\\/\\\/www.beauville.com\\\/it\\\/#\\\/schema\\\/logo\\\/image\\\/\",\"url\":\"https:\\\/\\\/www.beauville.com\\\/wp-inside\\\/uploads\\\/2018\\\/10\\\/beauville-logo.png\",\"contentUrl\":\"https:\\\/\\\/www.beauville.com\\\/wp-inside\\\/uploads\\\/2018\\\/10\\\/beauville-logo.png\",\"width\":230,\"height\":90,\"caption\":\"Beauvill\u00e9\"},\"image\":{\"@id\":\"https:\\\/\\\/www.beauville.com\\\/it\\\/#\\\/schema\\\/logo\\\/image\\\/\"},\"sameAs\":[\"https:\\\/\\\/www.facebook.com\\\/beauville.createur\",\"https:\\\/\\\/www.instagram.com\\\/beauville.createur\\\/\",\"https:\\\/\\\/www.pinterest.fr\\\/beauvillecreateur\\\/_created\\\/\",\"https:\\\/\\\/www.youtube.com\\\/channel\\\/UCN1DiK6SUHdildYkanOBeeA\"]},{\"@type\":\"Person\",\"@id\":\"https:\\\/\\\/www.beauville.com\\\/it\\\/#\\\/schema\\\/person\\\/ad0fa64b93a81bc4df4f8d1fb221a594\",\"name\":\"beauville-wp\",\"image\":{\"@type\":\"ImageObject\",\"inLanguage\":\"it-IT\",\"@id\":\"https:\\\/\\\/secure.gravatar.com\\\/avatar\\\/ccfc9cd9974f3b2f4684fd5d1c0698785ab3815db27e5b9be74337ccd429086e?s=96&d=mm&r=g\",\"url\":\"https:\\\/\\\/secure.gravatar.com\\\/avatar\\\/ccfc9cd9974f3b2f4684fd5d1c0698785ab3815db27e5b9be74337ccd429086e?s=96&d=mm&r=g\",\"contentUrl\":\"https:\\\/\\\/secure.gravatar.com\\\/avatar\\\/ccfc9cd9974f3b2f4684fd5d1c0698785ab3815db27e5b9be74337ccd429086e?s=96&d=mm&r=g\",\"caption\":\"beauville-wp\"}}]}<\/script>\n<!-- \/ Yoast SEO plugin. -->","yoast_head_json":{"title":"Ispirazioni per le Feste \u2013 Episodio 3: E perch\u00e9 non il Nero?","description":"Scopri come apparecchiare una tavola natalizia elegante e sorprendente con il nero: tovaglie festive, decorazioni raffinate e consigli per un\u2019atmosfera calda e sofisticata.","robots":{"index":"index","follow":"follow","max-snippet":"max-snippet:-1","max-image-preview":"max-image-preview:large","max-video-preview":"max-video-preview:-1"},"canonical":"https:\/\/www.beauville.com\/it\/blog\/ispirazioni-per-le-feste-episodio-3-e-perche-non-il-nero\/","og_locale":"it_IT","og_type":"article","og_title":"Ispirazioni per le Feste \u2013 Episodio 3: E perch\u00e9 non il Nero?","og_description":"Scopri come apparecchiare una tavola natalizia elegante e sorprendente con il nero: tovaglie festive, decorazioni raffinate e consigli per un\u2019atmosfera calda e sofisticata.","og_url":"https:\/\/www.beauville.com\/it\/blog\/ispirazioni-per-le-feste-episodio-3-e-perche-non-il-nero\/","og_site_name":"Beauvill\u00e9","article_publisher":"https:\/\/www.facebook.com\/beauville.createur","article_published_time":"2021-12-16T08:00:58+00:00","article_modified_time":"2025-05-21T14:47:25+00:00","og_image":[{"width":350,"height":350,"url":"https:\/\/www.beauville.com\/wp-inside\/uploads\/2021\/12\/img_2920-350x350-1.jpg","type":"image\/jpeg"}],"author":"beauville-wp","twitter_card":"summary_large_image","twitter_misc":{"Scritto da":"beauville-wp","Tempo di lettura stimato":"1 minuto"},"schema":{"@context":"https:\/\/schema.org","@graph":[{"@type":"Article","@id":"https:\/\/www.beauville.com\/it\/blog\/ispirazioni-per-le-feste-episodio-3-e-perche-non-il-nero\/#article","isPartOf":{"@id":"https:\/\/www.beauville.com\/it\/blog\/ispirazioni-per-le-feste-episodio-3-e-perche-non-il-nero\/"},"author":{"name":"beauville-wp","@id":"https:\/\/www.beauville.com\/it\/#\/schema\/person\/ad0fa64b93a81bc4df4f8d1fb221a594"},"headline":"Ispirazioni per le Feste \u2013 Episodio 3: E perch\u00e9 non il Nero?","datePublished":"2021-12-16T08:00:58+00:00","dateModified":"2025-05-21T14:47:25+00:00","mainEntityOfPage":{"@id":"https:\/\/www.beauville.com\/it\/blog\/ispirazioni-per-le-feste-episodio-3-e-perche-non-il-nero\/"},"wordCount":225,"publisher":{"@id":"https:\/\/www.beauville.com\/it\/#organization"},"image":{"@id":"https:\/\/www.beauville.com\/it\/blog\/ispirazioni-per-le-feste-episodio-3-e-perche-non-il-nero\/#primaryimage"},"thumbnailUrl":"https:\/\/www.beauville.com\/wp-inside\/uploads\/2021\/12\/img_2920-350x350-1.jpg","articleSection":["Blog","Natale e Capodanno"],"inLanguage":"it-IT"},{"@type":"WebPage","@id":"https:\/\/www.beauville.com\/it\/blog\/ispirazioni-per-le-feste-episodio-3-e-perche-non-il-nero\/","url":"https:\/\/www.beauville.com\/it\/blog\/ispirazioni-per-le-feste-episodio-3-e-perche-non-il-nero\/","name":"Ispirazioni per le Feste \u2013 Episodio 3: E perch\u00e9 non il Nero?","isPartOf":{"@id":"https:\/\/www.beauville.com\/it\/#website"},"primaryImageOfPage":{"@id":"https:\/\/www.beauville.com\/it\/blog\/ispirazioni-per-le-feste-episodio-3-e-perche-non-il-nero\/#primaryimage"},"image":{"@id":"https:\/\/www.beauville.com\/it\/blog\/ispirazioni-per-le-feste-episodio-3-e-perche-non-il-nero\/#primaryimage"},"thumbnailUrl":"https:\/\/www.beauville.com\/wp-inside\/uploads\/2021\/12\/img_2920-350x350-1.jpg","datePublished":"2021-12-16T08:00:58+00:00","dateModified":"2025-05-21T14:47:25+00:00","description":"Scopri come apparecchiare una tavola natalizia elegante e sorprendente con il nero: tovaglie festive, decorazioni raffinate e consigli per un\u2019atmosfera calda e sofisticata.","breadcrumb":{"@id":"https:\/\/www.beauville.com\/it\/blog\/ispirazioni-per-le-feste-episodio-3-e-perche-non-il-nero\/#breadcrumb"},"inLanguage":"it-IT","potentialAction":[{"@type":"ReadAction","target":["https:\/\/www.beauville.com\/it\/blog\/ispirazioni-per-le-feste-episodio-3-e-perche-non-il-nero\/"]}]},{"@type":"ImageObject","inLanguage":"it-IT","@id":"https:\/\/www.beauville.com\/it\/blog\/ispirazioni-per-le-feste-episodio-3-e-perche-non-il-nero\/#primaryimage","url":"https:\/\/www.beauville.com\/wp-inside\/uploads\/2021\/12\/img_2920-350x350-1.jpg","contentUrl":"https:\/\/www.beauville.com\/wp-inside\/uploads\/2021\/12\/img_2920-350x350-1.jpg","width":350,"height":350,"caption":"Tovagliolo in tessuto F\u00e9erie antracite con eleganti motivi festivi, ripiegato ordinatamente su un piatto per una tavola natalizia sofisticata."},{"@type":"BreadcrumbList","@id":"https:\/\/www.beauville.com\/it\/blog\/ispirazioni-per-le-feste-episodio-3-e-perche-non-il-nero\/#breadcrumb","itemListElement":[{"@type":"ListItem","position":1,"name":"Home","item":"https:\/\/www.beauville.com\/it\/"},{"@type":"ListItem","position":2,"name":"Blog","item":"https:\/\/www.beauville.com\/it\/blog\/"},{"@type":"ListItem","position":3,"name":"Natale e Capodanno","item":"https:\/\/www.beauville.com\/it\/blog\/natale-capodanno\/"},{"@type":"ListItem","position":4,"name":"Ispirazioni per le Feste \u2013 Episodio 3: E perch\u00e9 non il Nero?"}]},{"@type":"WebSite","@id":"https:\/\/www.beauville.com\/it\/#website","url":"https:\/\/www.beauville.com\/it\/","name":"Beauvill\u00e9","description":"Creator by tradition","publisher":{"@id":"https:\/\/www.beauville.com\/it\/#organization"},"potentialAction":[{"@type":"SearchAction","target":{"@type":"EntryPoint","urlTemplate":"https:\/\/www.beauville.com\/it\/?s={search_term_string}"},"query-input":{"@type":"PropertyValueSpecification","valueRequired":true,"valueName":"search_term_string"}}],"inLanguage":"it-IT"},{"@type":"Organization","@id":"https:\/\/www.beauville.com\/it\/#organization","name":"Beauvill\u00e9","url":"https:\/\/www.beauville.com\/it\/","logo":{"@type":"ImageObject","inLanguage":"it-IT","@id":"https:\/\/www.beauville.com\/it\/#\/schema\/logo\/image\/","url":"https:\/\/www.beauville.com\/wp-inside\/uploads\/2018\/10\/beauville-logo.png","contentUrl":"https:\/\/www.beauville.com\/wp-inside\/uploads\/2018\/10\/beauville-logo.png","width":230,"height":90,"caption":"Beauvill\u00e9"},"image":{"@id":"https:\/\/www.beauville.com\/it\/#\/schema\/logo\/image\/"},"sameAs":["https:\/\/www.facebook.com\/beauville.createur","https:\/\/www.instagram.com\/beauville.createur\/","https:\/\/www.pinterest.fr\/beauvillecreateur\/_created\/","https:\/\/www.youtube.com\/channel\/UCN1DiK6SUHdildYkanOBeeA"]},{"@type":"Person","@id":"https:\/\/www.beauville.com\/it\/#\/schema\/person\/ad0fa64b93a81bc4df4f8d1fb221a594","name":"beauville-wp","image":{"@type":"ImageObject","inLanguage":"it-IT","@id":"https:\/\/secure.gravatar.com\/avatar\/ccfc9cd9974f3b2f4684fd5d1c0698785ab3815db27e5b9be74337ccd429086e?s=96&d=mm&r=g","url":"https:\/\/secure.gravatar.com\/avatar\/ccfc9cd9974f3b2f4684fd5d1c0698785ab3815db27e5b9be74337ccd429086e?s=96&d=mm&r=g","contentUrl":"https:\/\/secure.gravatar.com\/avatar\/ccfc9cd9974f3b2f4684fd5d1c0698785ab3815db27e5b9be74337ccd429086e?s=96&d=mm&r=g","caption":"beauville-wp"}}]}},"_links":{"self":[{"href":"https:\/\/www.beauville.com\/it\/wp-json\/wp\/v2\/posts\/33514","targetHints":{"allow":["GET"]}}],"collection":[{"href":"https:\/\/www.beauville.com\/it\/wp-json\/wp\/v2\/posts"}],"about":[{"href":"https:\/\/www.beauville.com\/it\/wp-json\/wp\/v2\/types\/post"}],"author":[{"embeddable":true,"href":"https:\/\/www.beauville.com\/it\/wp-json\/wp\/v2\/users\/2"}],"replies":[{"embeddable":true,"href":"https:\/\/www.beauville.com\/it\/wp-json\/wp\/v2\/comments?post=33514"}],"version-history":[{"count":3,"href":"https:\/\/www.beauville.com\/it\/wp-json\/wp\/v2\/posts\/33514\/revisions"}],"predecessor-version":[{"id":33523,"href":"https:\/\/www.beauville.com\/it\/wp-json\/wp\/v2\/posts\/33514\/revisions\/33523"}],"wp:featuredmedia":[{"embeddable":true,"href":"https:\/\/www.beauville.com\/it\/wp-json\/wp\/v2\/media\/33031"}],"wp:attachment":[{"href":"https:\/\/www.beauville.com\/it\/wp-json\/wp\/v2\/media?parent=33514"}],"wp:term":[{"taxonomy":"category","embeddable":true,"href":"https:\/\/www.beauville.com\/it\/wp-json\/wp\/v2\/categories?post=33514"},{"taxonomy":"post_tag","embeddable":true,"href":"https:\/\/www.beauville.com\/it\/wp-json\/wp\/v2\/tags?post=33514"}],"curies":[{"name":"wp","href":"https:\/\/api.w.org\/{rel}","templated":true}]}}