{"id":33533,"date":"2021-12-02T09:00:27","date_gmt":"2021-12-02T08:00:27","guid":{"rendered":"https:\/\/www.beauville.com\/senza-categoria\/inspiration-de-fetes-episode-1-noel-dans-le-grand-nord\/"},"modified":"2025-05-21T17:08:03","modified_gmt":"2025-05-21T15:08:03","slug":"ispirazioni-per-le-feste-episodio-1-un-natale-dal-grande-nord","status":"publish","type":"post","link":"https:\/\/www.beauville.com\/it\/blog\/ispirazioni-per-le-feste-episodio-1-un-natale-dal-grande-nord\/","title":{"rendered":"Ispirazioni per le Feste \u2013 Episodio 1: Un Natale dal Grande Nord"},"content":{"rendered":"<p data-start=\"296\" data-end=\"510\">Questa settimana, un\u2019atmosfera ispirata al Grande Nord soffia sulla decorazione.<br data-start=\"376\" data-end=\"379\" \/>Scoprite tutti i nostri consigli per creare un ambiente natalizio nei toni del blu e del bianco: direzione tendenza <strong data-start=\"495\" data-end=\"509\">scandinava<\/strong>!<\/p>\n<h3 data-start=\"517\" data-end=\"576\"><strong data-start=\"521\" data-end=\"576\">FASE 1: Scegliere una tovaglia dai dettagli onirici<\/strong><\/h3>\n<p data-start=\"578\" data-end=\"858\">Se desiderate rivisitare i classici del Natale con un tocco fiabesco, vi consigliamo la <strong data-start=\"666\" data-end=\"695\">tovaglia Nuit \u00c9toil\u00e9e blu<\/strong> per vestire la vostra tavola.<br data-start=\"725\" data-end=\"728\" \/>I suoi dettagli grafici e le casette innevate vi trasporteranno in un paesaggio incantato, degno delle pi\u00f9 belle storie d\u2019inverno.<\/p>\n<p><img decoding=\"async\" src=\"https:\/\/www.beauville.com\/wp-inside\/uploads\/2020\/10\/nappe-nuit-etoilee-beauville.jpg\" alt=\"Nappe Nuit \u00e9toil\u00e9e Beauvill\u00e9\" class=\"aligncenter\" \/><\/p>\n<h3 data-start=\"865\" data-end=\"927\"><strong data-start=\"869\" data-end=\"927\">FASE 2: Comporre una mise en place in stile scandinavo<\/strong><\/h3>\n<p data-start=\"929\" data-end=\"1179\">Apparecchiate con <strong data-start=\"947\" data-end=\"979\">piatti bianchi o trasparenti<\/strong>, <strong data-start=\"981\" data-end=\"1001\">posate argentate<\/strong> e <strong data-start=\"1004\" data-end=\"1030\">bicchieri in cristallo<\/strong>.<br data-start=\"1031\" data-end=\"1034\" \/>Avvolgete i nostri <strong data-start=\"1053\" data-end=\"1093\">tovaglioli bicolore bianco\/blu notte<\/strong> con un <strong data-start=\"1101\" data-end=\"1142\">porta tovagliolo dai riflessi perlati<\/strong>, poi adagiateli con cura sui piatti.<\/p>\n<p>&nbsp;<\/p>\n<p><img decoding=\"async\" src=\"https:\/\/www.beauville.com\/wp-inside\/uploads\/2021\/10\/nuit-etoilee-bleu-5-350x350.jpeg\" class=\"aligncenter size-medium\" \/><\/p>\n<h3 data-start=\"1186\" data-end=\"1241\"><strong data-start=\"1190\" data-end=\"1241\">FASE 3: Creare un\u2019atmosfera calda e accogliente<\/strong><\/h3>\n<p data-start=\"1243\" data-end=\"1470\">Per un\u2019atmosfera nordica autentica, arricchite le sedute con <strong data-start=\"1304\" data-end=\"1323\">cuscini e plaid<\/strong> e illuminate la tavola con <strong data-start=\"1351\" data-end=\"1373\">ghirlande luminose<\/strong>.<br data-start=\"1374\" data-end=\"1377\" \/>Aggiungete piccoli <strong data-start=\"1396\" data-end=\"1417\">dettagli in legno<\/strong> e <strong data-start=\"1420\" data-end=\"1431\">candele<\/strong> per un effetto irresistibilmente cosy.<img decoding=\"async\" src=\"https:\/\/www.beauville.com\/wp-inside\/uploads\/2021\/10\/nuit-etoilee-bleu-350x350.jpg\" class=\"aligncenter size-medium\" \/><\/p>\n<p>&nbsp;<\/p>\n<h3 data-start=\"1477\" data-end=\"1534\"><strong data-start=\"1481\" data-end=\"1534\">FASE 4: Prolungare l\u2019effetto cosy anche in cucina<\/strong><\/h3>\n<p data-start=\"1536\" data-end=\"1788\">Lo spirito scandinavo conquista anche la cucina grazie ai nostri <strong data-start=\"1601\" data-end=\"1635\">canovacci dai motivi invernali<\/strong>.<br data-start=\"1636\" data-end=\"1639\" \/>Potreste abbinarli alla tavola con il <strong data-start=\"1677\" data-end=\"1709\">canovaccio Nuit F\u00e9erique blu<\/strong>, oppure scegliere altri modelli natalizi come il <strong data-start=\"1759\" data-end=\"1787\">canovaccio \u00c0 la montagne<\/strong>.<\/p>\n<p><img decoding=\"async\" src=\"https:\/\/www.beauville.com\/wp-inside\/uploads\/2021\/10\/nuit-feerique-350x350.jpg\" class=\"aligncenter size-medium\" \/><\/p>\n<h3 data-start=\"1795\" data-end=\"1832\"><strong data-start=\"1799\" data-end=\"1832\">Il consiglio della settimana:<\/strong><\/h3>\n<p data-start=\"1834\" data-end=\"2080\">Durante le feste, i pasti in famiglia sono sinonimo di convivialit\u00e0 e dolcezza.<br data-start=\"1913\" data-end=\"1916\" \/>Non esitate ad aggiungere <strong data-start=\"1942\" data-end=\"1981\">piccoli dolci o biscotti decorativi<\/strong> sulla tavola: oltre a personalizzare la decorazione, saranno molto apprezzati da grandi e piccini!<\/p>\n<p><img decoding=\"async\" src=\"https:\/\/www.beauville.com\/wp-inside\/uploads\/2021\/10\/nuit-etoilee-bleu-6-350x350.jpeg\" class=\"aligncenter size-medium\" \/><\/p>\n<p>Vi \u00e8 piaciuto questo articolo? Seguiteci <strong data-start=\"2133\" data-end=\"2163\">ogni gioved\u00ec fino a Natale<\/strong> per scoprire tutte le nostre ispirazioni decorative per le Feste!<\/p>\n","protected":false},"excerpt":{"rendered":"<p>Questa settimana, un\u2019atmosfera ispirata al Grande Nord soffia sulla decorazione.Scoprite tutti i nostri consigli per creare un ambiente natalizio nei toni del blu e del bianco: direzione tendenza scandinava! FASE [&hellip;]<\/p>\n","protected":false},"author":2,"featured_media":33035,"comment_status":"closed","ping_status":"closed","sticky":false,"template":"","format":"standard","meta":{"_acf_changed":false,"footnotes":""},"categories":[57,71],"tags":[],"class_list":["post-33533","post","type-post","status-publish","format-standard","has-post-thumbnail","hentry","category-blog","category-natale-capodanno","wp-sticky"],"acf":[],"yoast_head":"<!-- This site is optimized with the Yoast SEO plugin v27.5 - https:\/\/yoast.com\/product\/yoast-seo-wordpress\/ -->\n<title>Ispirazioni per le Feste \u2013 Episodio 1: Un Natale dal Grande Nord<\/title>\n<meta name=\"description\" content=\"Scopri come ricreare l\u2019atmosfera magica del Grande Nord con i consigli Beauvill\u00e9: tovaglie oniriche, decorazioni scandinave e dettagli caldi per una tavola di Natale elegante e accogliente.\" \/>\n<meta name=\"robots\" content=\"index, follow, max-snippet:-1, max-image-preview:large, max-video-preview:-1\" \/>\n<link rel=\"canonical\" href=\"https:\/\/www.beauville.com\/it\/blog\/ispirazioni-per-le-feste-episodio-1-un-natale-dal-grande-nord\/\" \/>\n<meta property=\"og:locale\" content=\"it_IT\" \/>\n<meta property=\"og:type\" content=\"article\" \/>\n<meta property=\"og:title\" content=\"Ispirazioni per le Feste \u2013 Episodio 1: Un Natale dal Grande Nord\" \/>\n<meta property=\"og:description\" content=\"Scopri come ricreare l\u2019atmosfera magica del Grande Nord con i consigli Beauvill\u00e9: tovaglie oniriche, decorazioni scandinave e dettagli caldi per una tavola di Natale elegante e accogliente.\" \/>\n<meta property=\"og:url\" content=\"https:\/\/www.beauville.com\/it\/blog\/ispirazioni-per-le-feste-episodio-1-un-natale-dal-grande-nord\/\" \/>\n<meta property=\"og:site_name\" content=\"Beauvill\u00e9\" \/>\n<meta property=\"article:publisher\" content=\"https:\/\/www.facebook.com\/beauville.createur\" \/>\n<meta property=\"article:published_time\" content=\"2021-12-02T08:00:27+00:00\" \/>\n<meta property=\"article:modified_time\" content=\"2025-05-21T15:08:03+00:00\" \/>\n<meta property=\"og:image\" content=\"https:\/\/www.beauville.com\/wp-inside\/uploads\/2021\/10\/nuit-etoilee-bleu-3.jpeg\" \/>\n\t<meta property=\"og:image:width\" content=\"2000\" \/>\n\t<meta property=\"og:image:height\" content=\"2000\" \/>\n\t<meta property=\"og:image:type\" content=\"image\/jpeg\" \/>\n<meta name=\"author\" content=\"beauville-wp\" \/>\n<meta name=\"twitter:card\" content=\"summary_large_image\" \/>\n<meta name=\"twitter:label1\" content=\"Scritto da\" \/>\n\t<meta name=\"twitter:data1\" content=\"beauville-wp\" \/>\n\t<meta name=\"twitter:label2\" content=\"Tempo di lettura stimato\" \/>\n\t<meta name=\"twitter:data2\" content=\"1 minuto\" \/>\n<script type=\"application\/ld+json\" class=\"yoast-schema-graph\">{\"@context\":\"https:\\\/\\\/schema.org\",\"@graph\":[{\"@type\":\"Article\",\"@id\":\"https:\\\/\\\/www.beauville.com\\\/it\\\/blog\\\/ispirazioni-per-le-feste-episodio-1-un-natale-dal-grande-nord\\\/#article\",\"isPartOf\":{\"@id\":\"https:\\\/\\\/www.beauville.com\\\/it\\\/blog\\\/ispirazioni-per-le-feste-episodio-1-un-natale-dal-grande-nord\\\/\"},\"author\":{\"name\":\"beauville-wp\",\"@id\":\"https:\\\/\\\/www.beauville.com\\\/it\\\/#\\\/schema\\\/person\\\/ad0fa64b93a81bc4df4f8d1fb221a594\"},\"headline\":\"Ispirazioni per le Feste \u2013 Episodio 1: Un Natale dal Grande Nord\",\"datePublished\":\"2021-12-02T08:00:27+00:00\",\"dateModified\":\"2025-05-21T15:08:03+00:00\",\"mainEntityOfPage\":{\"@id\":\"https:\\\/\\\/www.beauville.com\\\/it\\\/blog\\\/ispirazioni-per-le-feste-episodio-1-un-natale-dal-grande-nord\\\/\"},\"wordCount\":278,\"publisher\":{\"@id\":\"https:\\\/\\\/www.beauville.com\\\/it\\\/#organization\"},\"image\":{\"@id\":\"https:\\\/\\\/www.beauville.com\\\/it\\\/blog\\\/ispirazioni-per-le-feste-episodio-1-un-natale-dal-grande-nord\\\/#primaryimage\"},\"thumbnailUrl\":\"https:\\\/\\\/www.beauville.com\\\/wp-inside\\\/uploads\\\/2021\\\/10\\\/nuit-etoilee-bleu-3.jpeg\",\"articleSection\":[\"Blog\",\"Natale e Capodanno\"],\"inLanguage\":\"it-IT\"},{\"@type\":\"WebPage\",\"@id\":\"https:\\\/\\\/www.beauville.com\\\/it\\\/blog\\\/ispirazioni-per-le-feste-episodio-1-un-natale-dal-grande-nord\\\/\",\"url\":\"https:\\\/\\\/www.beauville.com\\\/it\\\/blog\\\/ispirazioni-per-le-feste-episodio-1-un-natale-dal-grande-nord\\\/\",\"name\":\"Ispirazioni per le Feste \u2013 Episodio 1: Un Natale dal Grande Nord\",\"isPartOf\":{\"@id\":\"https:\\\/\\\/www.beauville.com\\\/it\\\/#website\"},\"primaryImageOfPage\":{\"@id\":\"https:\\\/\\\/www.beauville.com\\\/it\\\/blog\\\/ispirazioni-per-le-feste-episodio-1-un-natale-dal-grande-nord\\\/#primaryimage\"},\"image\":{\"@id\":\"https:\\\/\\\/www.beauville.com\\\/it\\\/blog\\\/ispirazioni-per-le-feste-episodio-1-un-natale-dal-grande-nord\\\/#primaryimage\"},\"thumbnailUrl\":\"https:\\\/\\\/www.beauville.com\\\/wp-inside\\\/uploads\\\/2021\\\/10\\\/nuit-etoilee-bleu-3.jpeg\",\"datePublished\":\"2021-12-02T08:00:27+00:00\",\"dateModified\":\"2025-05-21T15:08:03+00:00\",\"description\":\"Scopri come ricreare l\u2019atmosfera magica del Grande Nord con i consigli Beauvill\u00e9: tovaglie oniriche, decorazioni scandinave e dettagli caldi per una tavola di Natale elegante e accogliente.\",\"breadcrumb\":{\"@id\":\"https:\\\/\\\/www.beauville.com\\\/it\\\/blog\\\/ispirazioni-per-le-feste-episodio-1-un-natale-dal-grande-nord\\\/#breadcrumb\"},\"inLanguage\":\"it-IT\",\"potentialAction\":[{\"@type\":\"ReadAction\",\"target\":[\"https:\\\/\\\/www.beauville.com\\\/it\\\/blog\\\/ispirazioni-per-le-feste-episodio-1-un-natale-dal-grande-nord\\\/\"]}]},{\"@type\":\"ImageObject\",\"inLanguage\":\"it-IT\",\"@id\":\"https:\\\/\\\/www.beauville.com\\\/it\\\/blog\\\/ispirazioni-per-le-feste-episodio-1-un-natale-dal-grande-nord\\\/#primaryimage\",\"url\":\"https:\\\/\\\/www.beauville.com\\\/wp-inside\\\/uploads\\\/2021\\\/10\\\/nuit-etoilee-bleu-3.jpeg\",\"contentUrl\":\"https:\\\/\\\/www.beauville.com\\\/wp-inside\\\/uploads\\\/2021\\\/10\\\/nuit-etoilee-bleu-3.jpeg\",\"width\":2000,\"height\":2000,\"caption\":\"Una confezione regalo contenente una tovaglia blu notte decorata con motivi di stelle dorate, elegantemente piegata in una confezione raffinata, che evoca la magia delle serate di festa.\"},{\"@type\":\"BreadcrumbList\",\"@id\":\"https:\\\/\\\/www.beauville.com\\\/it\\\/blog\\\/ispirazioni-per-le-feste-episodio-1-un-natale-dal-grande-nord\\\/#breadcrumb\",\"itemListElement\":[{\"@type\":\"ListItem\",\"position\":1,\"name\":\"Home\",\"item\":\"https:\\\/\\\/www.beauville.com\\\/it\\\/\"},{\"@type\":\"ListItem\",\"position\":2,\"name\":\"Blog\",\"item\":\"https:\\\/\\\/www.beauville.com\\\/it\\\/blog\\\/\"},{\"@type\":\"ListItem\",\"position\":3,\"name\":\"Natale e Capodanno\",\"item\":\"https:\\\/\\\/www.beauville.com\\\/it\\\/blog\\\/natale-capodanno\\\/\"},{\"@type\":\"ListItem\",\"position\":4,\"name\":\"Ispirazioni per le Feste \u2013 Episodio 1: Un Natale dal Grande Nord\"}]},{\"@type\":\"WebSite\",\"@id\":\"https:\\\/\\\/www.beauville.com\\\/it\\\/#website\",\"url\":\"https:\\\/\\\/www.beauville.com\\\/it\\\/\",\"name\":\"Beauvill\u00e9\",\"description\":\"Creator by tradition\",\"publisher\":{\"@id\":\"https:\\\/\\\/www.beauville.com\\\/it\\\/#organization\"},\"potentialAction\":[{\"@type\":\"SearchAction\",\"target\":{\"@type\":\"EntryPoint\",\"urlTemplate\":\"https:\\\/\\\/www.beauville.com\\\/it\\\/?s={search_term_string}\"},\"query-input\":{\"@type\":\"PropertyValueSpecification\",\"valueRequired\":true,\"valueName\":\"search_term_string\"}}],\"inLanguage\":\"it-IT\"},{\"@type\":\"Organization\",\"@id\":\"https:\\\/\\\/www.beauville.com\\\/it\\\/#organization\",\"name\":\"Beauvill\u00e9\",\"url\":\"https:\\\/\\\/www.beauville.com\\\/it\\\/\",\"logo\":{\"@type\":\"ImageObject\",\"inLanguage\":\"it-IT\",\"@id\":\"https:\\\/\\\/www.beauville.com\\\/it\\\/#\\\/schema\\\/logo\\\/image\\\/\",\"url\":\"https:\\\/\\\/www.beauville.com\\\/wp-inside\\\/uploads\\\/2018\\\/10\\\/beauville-logo.png\",\"contentUrl\":\"https:\\\/\\\/www.beauville.com\\\/wp-inside\\\/uploads\\\/2018\\\/10\\\/beauville-logo.png\",\"width\":230,\"height\":90,\"caption\":\"Beauvill\u00e9\"},\"image\":{\"@id\":\"https:\\\/\\\/www.beauville.com\\\/it\\\/#\\\/schema\\\/logo\\\/image\\\/\"},\"sameAs\":[\"https:\\\/\\\/www.facebook.com\\\/beauville.createur\",\"https:\\\/\\\/www.instagram.com\\\/beauville.createur\\\/\",\"https:\\\/\\\/www.pinterest.fr\\\/beauvillecreateur\\\/_created\\\/\",\"https:\\\/\\\/www.youtube.com\\\/channel\\\/UCN1DiK6SUHdildYkanOBeeA\"]},{\"@type\":\"Person\",\"@id\":\"https:\\\/\\\/www.beauville.com\\\/it\\\/#\\\/schema\\\/person\\\/ad0fa64b93a81bc4df4f8d1fb221a594\",\"name\":\"beauville-wp\",\"image\":{\"@type\":\"ImageObject\",\"inLanguage\":\"it-IT\",\"@id\":\"https:\\\/\\\/secure.gravatar.com\\\/avatar\\\/ccfc9cd9974f3b2f4684fd5d1c0698785ab3815db27e5b9be74337ccd429086e?s=96&d=mm&r=g\",\"url\":\"https:\\\/\\\/secure.gravatar.com\\\/avatar\\\/ccfc9cd9974f3b2f4684fd5d1c0698785ab3815db27e5b9be74337ccd429086e?s=96&d=mm&r=g\",\"contentUrl\":\"https:\\\/\\\/secure.gravatar.com\\\/avatar\\\/ccfc9cd9974f3b2f4684fd5d1c0698785ab3815db27e5b9be74337ccd429086e?s=96&d=mm&r=g\",\"caption\":\"beauville-wp\"}}]}<\/script>\n<!-- \/ Yoast SEO plugin. -->","yoast_head_json":{"title":"Ispirazioni per le Feste \u2013 Episodio 1: Un Natale dal Grande Nord","description":"Scopri come ricreare l\u2019atmosfera magica del Grande Nord con i consigli Beauvill\u00e9: tovaglie oniriche, decorazioni scandinave e dettagli caldi per una tavola di Natale elegante e accogliente.","robots":{"index":"index","follow":"follow","max-snippet":"max-snippet:-1","max-image-preview":"max-image-preview:large","max-video-preview":"max-video-preview:-1"},"canonical":"https:\/\/www.beauville.com\/it\/blog\/ispirazioni-per-le-feste-episodio-1-un-natale-dal-grande-nord\/","og_locale":"it_IT","og_type":"article","og_title":"Ispirazioni per le Feste \u2013 Episodio 1: Un Natale dal Grande Nord","og_description":"Scopri come ricreare l\u2019atmosfera magica del Grande Nord con i consigli Beauvill\u00e9: tovaglie oniriche, decorazioni scandinave e dettagli caldi per una tavola di Natale elegante e accogliente.","og_url":"https:\/\/www.beauville.com\/it\/blog\/ispirazioni-per-le-feste-episodio-1-un-natale-dal-grande-nord\/","og_site_name":"Beauvill\u00e9","article_publisher":"https:\/\/www.facebook.com\/beauville.createur","article_published_time":"2021-12-02T08:00:27+00:00","article_modified_time":"2025-05-21T15:08:03+00:00","og_image":[{"width":2000,"height":2000,"url":"https:\/\/www.beauville.com\/wp-inside\/uploads\/2021\/10\/nuit-etoilee-bleu-3.jpeg","type":"image\/jpeg"}],"author":"beauville-wp","twitter_card":"summary_large_image","twitter_misc":{"Scritto da":"beauville-wp","Tempo di lettura stimato":"1 minuto"},"schema":{"@context":"https:\/\/schema.org","@graph":[{"@type":"Article","@id":"https:\/\/www.beauville.com\/it\/blog\/ispirazioni-per-le-feste-episodio-1-un-natale-dal-grande-nord\/#article","isPartOf":{"@id":"https:\/\/www.beauville.com\/it\/blog\/ispirazioni-per-le-feste-episodio-1-un-natale-dal-grande-nord\/"},"author":{"name":"beauville-wp","@id":"https:\/\/www.beauville.com\/it\/#\/schema\/person\/ad0fa64b93a81bc4df4f8d1fb221a594"},"headline":"Ispirazioni per le Feste \u2013 Episodio 1: Un Natale dal Grande Nord","datePublished":"2021-12-02T08:00:27+00:00","dateModified":"2025-05-21T15:08:03+00:00","mainEntityOfPage":{"@id":"https:\/\/www.beauville.com\/it\/blog\/ispirazioni-per-le-feste-episodio-1-un-natale-dal-grande-nord\/"},"wordCount":278,"publisher":{"@id":"https:\/\/www.beauville.com\/it\/#organization"},"image":{"@id":"https:\/\/www.beauville.com\/it\/blog\/ispirazioni-per-le-feste-episodio-1-un-natale-dal-grande-nord\/#primaryimage"},"thumbnailUrl":"https:\/\/www.beauville.com\/wp-inside\/uploads\/2021\/10\/nuit-etoilee-bleu-3.jpeg","articleSection":["Blog","Natale e Capodanno"],"inLanguage":"it-IT"},{"@type":"WebPage","@id":"https:\/\/www.beauville.com\/it\/blog\/ispirazioni-per-le-feste-episodio-1-un-natale-dal-grande-nord\/","url":"https:\/\/www.beauville.com\/it\/blog\/ispirazioni-per-le-feste-episodio-1-un-natale-dal-grande-nord\/","name":"Ispirazioni per le Feste \u2013 Episodio 1: Un Natale dal Grande Nord","isPartOf":{"@id":"https:\/\/www.beauville.com\/it\/#website"},"primaryImageOfPage":{"@id":"https:\/\/www.beauville.com\/it\/blog\/ispirazioni-per-le-feste-episodio-1-un-natale-dal-grande-nord\/#primaryimage"},"image":{"@id":"https:\/\/www.beauville.com\/it\/blog\/ispirazioni-per-le-feste-episodio-1-un-natale-dal-grande-nord\/#primaryimage"},"thumbnailUrl":"https:\/\/www.beauville.com\/wp-inside\/uploads\/2021\/10\/nuit-etoilee-bleu-3.jpeg","datePublished":"2021-12-02T08:00:27+00:00","dateModified":"2025-05-21T15:08:03+00:00","description":"Scopri come ricreare l\u2019atmosfera magica del Grande Nord con i consigli Beauvill\u00e9: tovaglie oniriche, decorazioni scandinave e dettagli caldi per una tavola di Natale elegante e accogliente.","breadcrumb":{"@id":"https:\/\/www.beauville.com\/it\/blog\/ispirazioni-per-le-feste-episodio-1-un-natale-dal-grande-nord\/#breadcrumb"},"inLanguage":"it-IT","potentialAction":[{"@type":"ReadAction","target":["https:\/\/www.beauville.com\/it\/blog\/ispirazioni-per-le-feste-episodio-1-un-natale-dal-grande-nord\/"]}]},{"@type":"ImageObject","inLanguage":"it-IT","@id":"https:\/\/www.beauville.com\/it\/blog\/ispirazioni-per-le-feste-episodio-1-un-natale-dal-grande-nord\/#primaryimage","url":"https:\/\/www.beauville.com\/wp-inside\/uploads\/2021\/10\/nuit-etoilee-bleu-3.jpeg","contentUrl":"https:\/\/www.beauville.com\/wp-inside\/uploads\/2021\/10\/nuit-etoilee-bleu-3.jpeg","width":2000,"height":2000,"caption":"Una confezione regalo contenente una tovaglia blu notte decorata con motivi di stelle dorate, elegantemente piegata in una confezione raffinata, che evoca la magia delle serate di festa."},{"@type":"BreadcrumbList","@id":"https:\/\/www.beauville.com\/it\/blog\/ispirazioni-per-le-feste-episodio-1-un-natale-dal-grande-nord\/#breadcrumb","itemListElement":[{"@type":"ListItem","position":1,"name":"Home","item":"https:\/\/www.beauville.com\/it\/"},{"@type":"ListItem","position":2,"name":"Blog","item":"https:\/\/www.beauville.com\/it\/blog\/"},{"@type":"ListItem","position":3,"name":"Natale e Capodanno","item":"https:\/\/www.beauville.com\/it\/blog\/natale-capodanno\/"},{"@type":"ListItem","position":4,"name":"Ispirazioni per le Feste \u2013 Episodio 1: Un Natale dal Grande Nord"}]},{"@type":"WebSite","@id":"https:\/\/www.beauville.com\/it\/#website","url":"https:\/\/www.beauville.com\/it\/","name":"Beauvill\u00e9","description":"Creator by tradition","publisher":{"@id":"https:\/\/www.beauville.com\/it\/#organization"},"potentialAction":[{"@type":"SearchAction","target":{"@type":"EntryPoint","urlTemplate":"https:\/\/www.beauville.com\/it\/?s={search_term_string}"},"query-input":{"@type":"PropertyValueSpecification","valueRequired":true,"valueName":"search_term_string"}}],"inLanguage":"it-IT"},{"@type":"Organization","@id":"https:\/\/www.beauville.com\/it\/#organization","name":"Beauvill\u00e9","url":"https:\/\/www.beauville.com\/it\/","logo":{"@type":"ImageObject","inLanguage":"it-IT","@id":"https:\/\/www.beauville.com\/it\/#\/schema\/logo\/image\/","url":"https:\/\/www.beauville.com\/wp-inside\/uploads\/2018\/10\/beauville-logo.png","contentUrl":"https:\/\/www.beauville.com\/wp-inside\/uploads\/2018\/10\/beauville-logo.png","width":230,"height":90,"caption":"Beauvill\u00e9"},"image":{"@id":"https:\/\/www.beauville.com\/it\/#\/schema\/logo\/image\/"},"sameAs":["https:\/\/www.facebook.com\/beauville.createur","https:\/\/www.instagram.com\/beauville.createur\/","https:\/\/www.pinterest.fr\/beauvillecreateur\/_created\/","https:\/\/www.youtube.com\/channel\/UCN1DiK6SUHdildYkanOBeeA"]},{"@type":"Person","@id":"https:\/\/www.beauville.com\/it\/#\/schema\/person\/ad0fa64b93a81bc4df4f8d1fb221a594","name":"beauville-wp","image":{"@type":"ImageObject","inLanguage":"it-IT","@id":"https:\/\/secure.gravatar.com\/avatar\/ccfc9cd9974f3b2f4684fd5d1c0698785ab3815db27e5b9be74337ccd429086e?s=96&d=mm&r=g","url":"https:\/\/secure.gravatar.com\/avatar\/ccfc9cd9974f3b2f4684fd5d1c0698785ab3815db27e5b9be74337ccd429086e?s=96&d=mm&r=g","contentUrl":"https:\/\/secure.gravatar.com\/avatar\/ccfc9cd9974f3b2f4684fd5d1c0698785ab3815db27e5b9be74337ccd429086e?s=96&d=mm&r=g","caption":"beauville-wp"}}]}},"_links":{"self":[{"href":"https:\/\/www.beauville.com\/it\/wp-json\/wp\/v2\/posts\/33533","targetHints":{"allow":["GET"]}}],"collection":[{"href":"https:\/\/www.beauville.com\/it\/wp-json\/wp\/v2\/posts"}],"about":[{"href":"https:\/\/www.beauville.com\/it\/wp-json\/wp\/v2\/types\/post"}],"author":[{"embeddable":true,"href":"https:\/\/www.beauville.com\/it\/wp-json\/wp\/v2\/users\/2"}],"replies":[{"embeddable":true,"href":"https:\/\/www.beauville.com\/it\/wp-json\/wp\/v2\/comments?post=33533"}],"version-history":[{"count":2,"href":"https:\/\/www.beauville.com\/it\/wp-json\/wp\/v2\/posts\/33533\/revisions"}],"predecessor-version":[{"id":33537,"href":"https:\/\/www.beauville.com\/it\/wp-json\/wp\/v2\/posts\/33533\/revisions\/33537"}],"wp:featuredmedia":[{"embeddable":true,"href":"https:\/\/www.beauville.com\/it\/wp-json\/wp\/v2\/media\/33035"}],"wp:attachment":[{"href":"https:\/\/www.beauville.com\/it\/wp-json\/wp\/v2\/media?parent=33533"}],"wp:term":[{"taxonomy":"category","embeddable":true,"href":"https:\/\/www.beauville.com\/it\/wp-json\/wp\/v2\/categories?post=33533"},{"taxonomy":"post_tag","embeddable":true,"href":"https:\/\/www.beauville.com\/it\/wp-json\/wp\/v2\/tags?post=33533"}],"curies":[{"name":"wp","href":"https:\/\/api.w.org\/{rel}","templated":true}]}}