{"id":33551,"date":"2021-07-07T11:37:31","date_gmt":"2021-07-07T09:37:31","guid":{"rendered":"https:\/\/www.beauville.com\/senza-categoria\/rendez-vous-au-carrefour-europeen-du-patchwork\/"},"modified":"2025-05-22T09:21:42","modified_gmt":"2025-05-22T07:21:42","slug":"appuntamento-al-carrefour-europeen-du-patchwork","status":"publish","type":"post","link":"https:\/\/www.beauville.com\/it\/blog\/appuntamento-al-carrefour-europeen-du-patchwork\/","title":{"rendered":"Appuntamento al Carrefour Europ\u00e9en du Patchwork"},"content":{"rendered":"<h3 data-start=\"85\" data-end=\"174\"><strong data-start=\"139\" data-end=\"174\">Una mostra che lascia il segno:<\/strong><\/h3>\n<p data-start=\"176\" data-end=\"362\">Siamo lieti di partecipare nuovamente al <em data-start=\"217\" data-end=\"250\">Carrefour Europ\u00e9en du Patchwork<\/em> e di proporvi una mostra dal titolo:<br data-start=\"287\" data-end=\"290\" \/><strong data-start=\"290\" data-end=\"362\">&#8220;Dalla Manufacture d\u2019Impression sur \u00c9toffes a Beauvill\u00e9, 1980\u20132020&#8221;.<\/strong><\/p>\n<h3 data-start=\"364\" data-end=\"413\"><strong data-start=\"364\" data-end=\"413\">Che cos\u2019\u00e8 il Carrefour Europ\u00e9en du Patchwork?<\/strong><\/h3>\n<p data-start=\"415\" data-end=\"688\">Il <em data-start=\"418\" data-end=\"451\">Carrefour Europ\u00e9en du Patchwork<\/em> riunisce gli appassionati del bel lavoro artigianale e della storia del tessile. Dal quilt antico al patchwork contemporaneo, sono oltre 1000 le opere tessili esposte, tutte da (ri)scoprire, in un programma ricco di eventi e animazioni.<\/p>\n<p data-start=\"690\" data-end=\"995\">Evento imperdibile e diffuso su pi\u00f9 sedi, che si svolge nel cuore di una regione alsaziana rinomata per il suo patrimonio tessile, il <em data-start=\"824\" data-end=\"857\">Carrefour Europ\u00e9en du Patchwork<\/em> trasforma la valle del Val d\u2019Argent in una vera e propria galleria d\u2019arte, con oltre 30 mostre distribuite su 19 diversi siti espositivi.<\/p>\n<h3 data-start=\"997\" data-end=\"1086\"><strong data-start=\"997\" data-end=\"1086\">Scoprite tutto l\u2019universo della Manufacture d\u2019Impression sur \u00c9toffes al nostro stand:<\/strong><\/h3>\n<p data-start=\"1088\" data-end=\"1246\">Vi aspettiamo dal <strong data-start=\"1106\" data-end=\"1133\">16 al 19 settembre 2021<\/strong> presso il <strong data-start=\"1144\" data-end=\"1190\">Padiglione Osmont a Sainte-Marie-aux-Mines<\/strong> per ripercorrere insieme la storia della nostra Maison.<\/p>\n<p data-start=\"1248\" data-end=\"1383\">Potete consultare il programma completo dell\u2019evento sul sito ufficiale: <strong data-start=\"1322\" data-end=\"1383\"><a class=\"\" href=\"http:\/\/www.patchwork-europe.eu\" target=\"_new\" rel=\"noopener\" data-start=\"1324\" data-end=\"1381\">www.patchwork-europe.eu<\/a><\/strong><\/p>\n<p><img decoding=\"async\" src=\"https:\/\/www.beauville.com\/wp-inside\/uploads\/2021\/07\/couverture-facebook-10.jpg\" class=\"size-full aligncenter\" \/><\/p>\n<p>&nbsp;<\/p>\n","protected":false},"excerpt":{"rendered":"<p>Una mostra che lascia il segno: Siamo lieti di partecipare nuovamente al Carrefour Europ\u00e9en du Patchwork e di proporvi una mostra dal titolo:&#8220;Dalla Manufacture d\u2019Impression sur \u00c9toffes a Beauvill\u00e9, 1980\u20132020&#8221;. [&hellip;]<\/p>\n","protected":false},"author":2,"featured_media":33062,"comment_status":"closed","ping_status":"closed","sticky":false,"template":"","format":"standard","meta":{"_acf_changed":false,"footnotes":""},"categories":[57,67],"tags":[],"class_list":["post-33551","post","type-post","status-publish","format-standard","has-post-thumbnail","hentry","category-blog","category-notizie","wp-sticky"],"acf":[],"yoast_head":"<!-- This site is optimized with the Yoast SEO plugin v27.5 - https:\/\/yoast.com\/product\/yoast-seo-wordpress\/ -->\n<title>Appuntamento al Carrefour Europ\u00e9en du Patchwork<\/title>\n<meta name=\"description\" content=\"Beauvill\u00e9 vi invita al Carrefour Europ\u00e9en du Patchwork: una mostra esclusiva per riscoprire 40 anni di storia tessile e creativit\u00e0 alsaziana.\" \/>\n<meta name=\"robots\" content=\"index, follow, max-snippet:-1, max-image-preview:large, max-video-preview:-1\" \/>\n<link rel=\"canonical\" href=\"https:\/\/www.beauville.com\/it\/blog\/appuntamento-al-carrefour-europeen-du-patchwork\/\" \/>\n<meta property=\"og:locale\" content=\"it_IT\" \/>\n<meta property=\"og:type\" content=\"article\" \/>\n<meta property=\"og:title\" content=\"Appuntamento al Carrefour Europ\u00e9en du Patchwork\" \/>\n<meta property=\"og:description\" content=\"Beauvill\u00e9 vi invita al Carrefour Europ\u00e9en du Patchwork: una mostra esclusiva per riscoprire 40 anni di storia tessile e creativit\u00e0 alsaziana.\" \/>\n<meta property=\"og:url\" content=\"https:\/\/www.beauville.com\/it\/blog\/appuntamento-al-carrefour-europeen-du-patchwork\/\" \/>\n<meta property=\"og:site_name\" content=\"Beauvill\u00e9\" \/>\n<meta property=\"article:publisher\" content=\"https:\/\/www.facebook.com\/beauville.createur\" \/>\n<meta property=\"article:published_time\" content=\"2021-07-07T09:37:31+00:00\" \/>\n<meta property=\"article:modified_time\" content=\"2025-05-22T07:21:42+00:00\" \/>\n<meta property=\"og:image\" content=\"https:\/\/www.beauville.com\/wp-inside\/uploads\/2021\/07\/couverture-facebook-10.jpg\" \/>\n\t<meta property=\"og:image:width\" content=\"300\" \/>\n\t<meta property=\"og:image:height\" content=\"300\" \/>\n\t<meta property=\"og:image:type\" content=\"image\/jpeg\" \/>\n<meta name=\"author\" content=\"beauville-wp\" \/>\n<meta name=\"twitter:card\" content=\"summary_large_image\" \/>\n<meta name=\"twitter:label1\" content=\"Scritto da\" \/>\n\t<meta name=\"twitter:data1\" content=\"beauville-wp\" \/>\n\t<meta name=\"twitter:label2\" content=\"Tempo di lettura stimato\" \/>\n\t<meta name=\"twitter:data2\" content=\"1 minuto\" \/>\n<script type=\"application\/ld+json\" class=\"yoast-schema-graph\">{\"@context\":\"https:\\\/\\\/schema.org\",\"@graph\":[{\"@type\":\"Article\",\"@id\":\"https:\\\/\\\/www.beauville.com\\\/it\\\/blog\\\/appuntamento-al-carrefour-europeen-du-patchwork\\\/#article\",\"isPartOf\":{\"@id\":\"https:\\\/\\\/www.beauville.com\\\/it\\\/blog\\\/appuntamento-al-carrefour-europeen-du-patchwork\\\/\"},\"author\":{\"name\":\"beauville-wp\",\"@id\":\"https:\\\/\\\/www.beauville.com\\\/it\\\/#\\\/schema\\\/person\\\/ad0fa64b93a81bc4df4f8d1fb221a594\"},\"headline\":\"Appuntamento al Carrefour Europ\u00e9en du Patchwork\",\"datePublished\":\"2021-07-07T09:37:31+00:00\",\"dateModified\":\"2025-05-22T07:21:42+00:00\",\"mainEntityOfPage\":{\"@id\":\"https:\\\/\\\/www.beauville.com\\\/it\\\/blog\\\/appuntamento-al-carrefour-europeen-du-patchwork\\\/\"},\"wordCount\":186,\"publisher\":{\"@id\":\"https:\\\/\\\/www.beauville.com\\\/it\\\/#organization\"},\"image\":{\"@id\":\"https:\\\/\\\/www.beauville.com\\\/it\\\/blog\\\/appuntamento-al-carrefour-europeen-du-patchwork\\\/#primaryimage\"},\"thumbnailUrl\":\"https:\\\/\\\/www.beauville.com\\\/wp-inside\\\/uploads\\\/2021\\\/07\\\/couverture-facebook-10.jpg\",\"articleSection\":[\"Blog\",\"Notizie\"],\"inLanguage\":\"it-IT\"},{\"@type\":\"WebPage\",\"@id\":\"https:\\\/\\\/www.beauville.com\\\/it\\\/blog\\\/appuntamento-al-carrefour-europeen-du-patchwork\\\/\",\"url\":\"https:\\\/\\\/www.beauville.com\\\/it\\\/blog\\\/appuntamento-al-carrefour-europeen-du-patchwork\\\/\",\"name\":\"Appuntamento al Carrefour Europ\u00e9en du Patchwork\",\"isPartOf\":{\"@id\":\"https:\\\/\\\/www.beauville.com\\\/it\\\/#website\"},\"primaryImageOfPage\":{\"@id\":\"https:\\\/\\\/www.beauville.com\\\/it\\\/blog\\\/appuntamento-al-carrefour-europeen-du-patchwork\\\/#primaryimage\"},\"image\":{\"@id\":\"https:\\\/\\\/www.beauville.com\\\/it\\\/blog\\\/appuntamento-al-carrefour-europeen-du-patchwork\\\/#primaryimage\"},\"thumbnailUrl\":\"https:\\\/\\\/www.beauville.com\\\/wp-inside\\\/uploads\\\/2021\\\/07\\\/couverture-facebook-10.jpg\",\"datePublished\":\"2021-07-07T09:37:31+00:00\",\"dateModified\":\"2025-05-22T07:21:42+00:00\",\"description\":\"Beauvill\u00e9 vi invita al Carrefour Europ\u00e9en du Patchwork: una mostra esclusiva per riscoprire 40 anni di storia tessile e creativit\u00e0 alsaziana.\",\"breadcrumb\":{\"@id\":\"https:\\\/\\\/www.beauville.com\\\/it\\\/blog\\\/appuntamento-al-carrefour-europeen-du-patchwork\\\/#breadcrumb\"},\"inLanguage\":\"it-IT\",\"potentialAction\":[{\"@type\":\"ReadAction\",\"target\":[\"https:\\\/\\\/www.beauville.com\\\/it\\\/blog\\\/appuntamento-al-carrefour-europeen-du-patchwork\\\/\"]}]},{\"@type\":\"ImageObject\",\"inLanguage\":\"it-IT\",\"@id\":\"https:\\\/\\\/www.beauville.com\\\/it\\\/blog\\\/appuntamento-al-carrefour-europeen-du-patchwork\\\/#primaryimage\",\"url\":\"https:\\\/\\\/www.beauville.com\\\/wp-inside\\\/uploads\\\/2021\\\/07\\\/couverture-facebook-10.jpg\",\"contentUrl\":\"https:\\\/\\\/www.beauville.com\\\/wp-inside\\\/uploads\\\/2021\\\/07\\\/couverture-facebook-10.jpg\",\"width\":300,\"height\":300,\"caption\":\"Invito al Carrefour Europ\u00e9en du Patchwork con la tovaglia Arn\u00e9 C\u00e9ladon stesa sullo sfondo, che mette in risalto i suoi motivi delicati e la sua tonalit\u00e0 tenue.\"},{\"@type\":\"BreadcrumbList\",\"@id\":\"https:\\\/\\\/www.beauville.com\\\/it\\\/blog\\\/appuntamento-al-carrefour-europeen-du-patchwork\\\/#breadcrumb\",\"itemListElement\":[{\"@type\":\"ListItem\",\"position\":1,\"name\":\"Home\",\"item\":\"https:\\\/\\\/www.beauville.com\\\/it\\\/\"},{\"@type\":\"ListItem\",\"position\":2,\"name\":\"Blog\",\"item\":\"https:\\\/\\\/www.beauville.com\\\/it\\\/blog\\\/\"},{\"@type\":\"ListItem\",\"position\":3,\"name\":\"Appuntamento al Carrefour Europ\u00e9en du Patchwork\"}]},{\"@type\":\"WebSite\",\"@id\":\"https:\\\/\\\/www.beauville.com\\\/it\\\/#website\",\"url\":\"https:\\\/\\\/www.beauville.com\\\/it\\\/\",\"name\":\"Beauvill\u00e9\",\"description\":\"Creator by tradition\",\"publisher\":{\"@id\":\"https:\\\/\\\/www.beauville.com\\\/it\\\/#organization\"},\"potentialAction\":[{\"@type\":\"SearchAction\",\"target\":{\"@type\":\"EntryPoint\",\"urlTemplate\":\"https:\\\/\\\/www.beauville.com\\\/it\\\/?s={search_term_string}\"},\"query-input\":{\"@type\":\"PropertyValueSpecification\",\"valueRequired\":true,\"valueName\":\"search_term_string\"}}],\"inLanguage\":\"it-IT\"},{\"@type\":\"Organization\",\"@id\":\"https:\\\/\\\/www.beauville.com\\\/it\\\/#organization\",\"name\":\"Beauvill\u00e9\",\"url\":\"https:\\\/\\\/www.beauville.com\\\/it\\\/\",\"logo\":{\"@type\":\"ImageObject\",\"inLanguage\":\"it-IT\",\"@id\":\"https:\\\/\\\/www.beauville.com\\\/it\\\/#\\\/schema\\\/logo\\\/image\\\/\",\"url\":\"https:\\\/\\\/www.beauville.com\\\/wp-inside\\\/uploads\\\/2018\\\/10\\\/beauville-logo.png\",\"contentUrl\":\"https:\\\/\\\/www.beauville.com\\\/wp-inside\\\/uploads\\\/2018\\\/10\\\/beauville-logo.png\",\"width\":230,\"height\":90,\"caption\":\"Beauvill\u00e9\"},\"image\":{\"@id\":\"https:\\\/\\\/www.beauville.com\\\/it\\\/#\\\/schema\\\/logo\\\/image\\\/\"},\"sameAs\":[\"https:\\\/\\\/www.facebook.com\\\/beauville.createur\",\"https:\\\/\\\/www.instagram.com\\\/beauville.createur\\\/\",\"https:\\\/\\\/www.pinterest.fr\\\/beauvillecreateur\\\/_created\\\/\",\"https:\\\/\\\/www.youtube.com\\\/channel\\\/UCN1DiK6SUHdildYkanOBeeA\"]},{\"@type\":\"Person\",\"@id\":\"https:\\\/\\\/www.beauville.com\\\/it\\\/#\\\/schema\\\/person\\\/ad0fa64b93a81bc4df4f8d1fb221a594\",\"name\":\"beauville-wp\",\"image\":{\"@type\":\"ImageObject\",\"inLanguage\":\"it-IT\",\"@id\":\"https:\\\/\\\/secure.gravatar.com\\\/avatar\\\/ccfc9cd9974f3b2f4684fd5d1c0698785ab3815db27e5b9be74337ccd429086e?s=96&d=mm&r=g\",\"url\":\"https:\\\/\\\/secure.gravatar.com\\\/avatar\\\/ccfc9cd9974f3b2f4684fd5d1c0698785ab3815db27e5b9be74337ccd429086e?s=96&d=mm&r=g\",\"contentUrl\":\"https:\\\/\\\/secure.gravatar.com\\\/avatar\\\/ccfc9cd9974f3b2f4684fd5d1c0698785ab3815db27e5b9be74337ccd429086e?s=96&d=mm&r=g\",\"caption\":\"beauville-wp\"}}]}<\/script>\n<!-- \/ Yoast SEO plugin. -->","yoast_head_json":{"title":"Appuntamento al Carrefour Europ\u00e9en du Patchwork","description":"Beauvill\u00e9 vi invita al Carrefour Europ\u00e9en du Patchwork: una mostra esclusiva per riscoprire 40 anni di storia tessile e creativit\u00e0 alsaziana.","robots":{"index":"index","follow":"follow","max-snippet":"max-snippet:-1","max-image-preview":"max-image-preview:large","max-video-preview":"max-video-preview:-1"},"canonical":"https:\/\/www.beauville.com\/it\/blog\/appuntamento-al-carrefour-europeen-du-patchwork\/","og_locale":"it_IT","og_type":"article","og_title":"Appuntamento al Carrefour Europ\u00e9en du Patchwork","og_description":"Beauvill\u00e9 vi invita al Carrefour Europ\u00e9en du Patchwork: una mostra esclusiva per riscoprire 40 anni di storia tessile e creativit\u00e0 alsaziana.","og_url":"https:\/\/www.beauville.com\/it\/blog\/appuntamento-al-carrefour-europeen-du-patchwork\/","og_site_name":"Beauvill\u00e9","article_publisher":"https:\/\/www.facebook.com\/beauville.createur","article_published_time":"2021-07-07T09:37:31+00:00","article_modified_time":"2025-05-22T07:21:42+00:00","og_image":[{"width":300,"height":300,"url":"https:\/\/www.beauville.com\/wp-inside\/uploads\/2021\/07\/couverture-facebook-10.jpg","type":"image\/jpeg"}],"author":"beauville-wp","twitter_card":"summary_large_image","twitter_misc":{"Scritto da":"beauville-wp","Tempo di lettura stimato":"1 minuto"},"schema":{"@context":"https:\/\/schema.org","@graph":[{"@type":"Article","@id":"https:\/\/www.beauville.com\/it\/blog\/appuntamento-al-carrefour-europeen-du-patchwork\/#article","isPartOf":{"@id":"https:\/\/www.beauville.com\/it\/blog\/appuntamento-al-carrefour-europeen-du-patchwork\/"},"author":{"name":"beauville-wp","@id":"https:\/\/www.beauville.com\/it\/#\/schema\/person\/ad0fa64b93a81bc4df4f8d1fb221a594"},"headline":"Appuntamento al Carrefour Europ\u00e9en du Patchwork","datePublished":"2021-07-07T09:37:31+00:00","dateModified":"2025-05-22T07:21:42+00:00","mainEntityOfPage":{"@id":"https:\/\/www.beauville.com\/it\/blog\/appuntamento-al-carrefour-europeen-du-patchwork\/"},"wordCount":186,"publisher":{"@id":"https:\/\/www.beauville.com\/it\/#organization"},"image":{"@id":"https:\/\/www.beauville.com\/it\/blog\/appuntamento-al-carrefour-europeen-du-patchwork\/#primaryimage"},"thumbnailUrl":"https:\/\/www.beauville.com\/wp-inside\/uploads\/2021\/07\/couverture-facebook-10.jpg","articleSection":["Blog","Notizie"],"inLanguage":"it-IT"},{"@type":"WebPage","@id":"https:\/\/www.beauville.com\/it\/blog\/appuntamento-al-carrefour-europeen-du-patchwork\/","url":"https:\/\/www.beauville.com\/it\/blog\/appuntamento-al-carrefour-europeen-du-patchwork\/","name":"Appuntamento al Carrefour Europ\u00e9en du Patchwork","isPartOf":{"@id":"https:\/\/www.beauville.com\/it\/#website"},"primaryImageOfPage":{"@id":"https:\/\/www.beauville.com\/it\/blog\/appuntamento-al-carrefour-europeen-du-patchwork\/#primaryimage"},"image":{"@id":"https:\/\/www.beauville.com\/it\/blog\/appuntamento-al-carrefour-europeen-du-patchwork\/#primaryimage"},"thumbnailUrl":"https:\/\/www.beauville.com\/wp-inside\/uploads\/2021\/07\/couverture-facebook-10.jpg","datePublished":"2021-07-07T09:37:31+00:00","dateModified":"2025-05-22T07:21:42+00:00","description":"Beauvill\u00e9 vi invita al Carrefour Europ\u00e9en du Patchwork: una mostra esclusiva per riscoprire 40 anni di storia tessile e creativit\u00e0 alsaziana.","breadcrumb":{"@id":"https:\/\/www.beauville.com\/it\/blog\/appuntamento-al-carrefour-europeen-du-patchwork\/#breadcrumb"},"inLanguage":"it-IT","potentialAction":[{"@type":"ReadAction","target":["https:\/\/www.beauville.com\/it\/blog\/appuntamento-al-carrefour-europeen-du-patchwork\/"]}]},{"@type":"ImageObject","inLanguage":"it-IT","@id":"https:\/\/www.beauville.com\/it\/blog\/appuntamento-al-carrefour-europeen-du-patchwork\/#primaryimage","url":"https:\/\/www.beauville.com\/wp-inside\/uploads\/2021\/07\/couverture-facebook-10.jpg","contentUrl":"https:\/\/www.beauville.com\/wp-inside\/uploads\/2021\/07\/couverture-facebook-10.jpg","width":300,"height":300,"caption":"Invito al Carrefour Europ\u00e9en du Patchwork con la tovaglia Arn\u00e9 C\u00e9ladon stesa sullo sfondo, che mette in risalto i suoi motivi delicati e la sua tonalit\u00e0 tenue."},{"@type":"BreadcrumbList","@id":"https:\/\/www.beauville.com\/it\/blog\/appuntamento-al-carrefour-europeen-du-patchwork\/#breadcrumb","itemListElement":[{"@type":"ListItem","position":1,"name":"Home","item":"https:\/\/www.beauville.com\/it\/"},{"@type":"ListItem","position":2,"name":"Blog","item":"https:\/\/www.beauville.com\/it\/blog\/"},{"@type":"ListItem","position":3,"name":"Appuntamento al Carrefour Europ\u00e9en du Patchwork"}]},{"@type":"WebSite","@id":"https:\/\/www.beauville.com\/it\/#website","url":"https:\/\/www.beauville.com\/it\/","name":"Beauvill\u00e9","description":"Creator by tradition","publisher":{"@id":"https:\/\/www.beauville.com\/it\/#organization"},"potentialAction":[{"@type":"SearchAction","target":{"@type":"EntryPoint","urlTemplate":"https:\/\/www.beauville.com\/it\/?s={search_term_string}"},"query-input":{"@type":"PropertyValueSpecification","valueRequired":true,"valueName":"search_term_string"}}],"inLanguage":"it-IT"},{"@type":"Organization","@id":"https:\/\/www.beauville.com\/it\/#organization","name":"Beauvill\u00e9","url":"https:\/\/www.beauville.com\/it\/","logo":{"@type":"ImageObject","inLanguage":"it-IT","@id":"https:\/\/www.beauville.com\/it\/#\/schema\/logo\/image\/","url":"https:\/\/www.beauville.com\/wp-inside\/uploads\/2018\/10\/beauville-logo.png","contentUrl":"https:\/\/www.beauville.com\/wp-inside\/uploads\/2018\/10\/beauville-logo.png","width":230,"height":90,"caption":"Beauvill\u00e9"},"image":{"@id":"https:\/\/www.beauville.com\/it\/#\/schema\/logo\/image\/"},"sameAs":["https:\/\/www.facebook.com\/beauville.createur","https:\/\/www.instagram.com\/beauville.createur\/","https:\/\/www.pinterest.fr\/beauvillecreateur\/_created\/","https:\/\/www.youtube.com\/channel\/UCN1DiK6SUHdildYkanOBeeA"]},{"@type":"Person","@id":"https:\/\/www.beauville.com\/it\/#\/schema\/person\/ad0fa64b93a81bc4df4f8d1fb221a594","name":"beauville-wp","image":{"@type":"ImageObject","inLanguage":"it-IT","@id":"https:\/\/secure.gravatar.com\/avatar\/ccfc9cd9974f3b2f4684fd5d1c0698785ab3815db27e5b9be74337ccd429086e?s=96&d=mm&r=g","url":"https:\/\/secure.gravatar.com\/avatar\/ccfc9cd9974f3b2f4684fd5d1c0698785ab3815db27e5b9be74337ccd429086e?s=96&d=mm&r=g","contentUrl":"https:\/\/secure.gravatar.com\/avatar\/ccfc9cd9974f3b2f4684fd5d1c0698785ab3815db27e5b9be74337ccd429086e?s=96&d=mm&r=g","caption":"beauville-wp"}}]}},"_links":{"self":[{"href":"https:\/\/www.beauville.com\/it\/wp-json\/wp\/v2\/posts\/33551","targetHints":{"allow":["GET"]}}],"collection":[{"href":"https:\/\/www.beauville.com\/it\/wp-json\/wp\/v2\/posts"}],"about":[{"href":"https:\/\/www.beauville.com\/it\/wp-json\/wp\/v2\/types\/post"}],"author":[{"embeddable":true,"href":"https:\/\/www.beauville.com\/it\/wp-json\/wp\/v2\/users\/2"}],"replies":[{"embeddable":true,"href":"https:\/\/www.beauville.com\/it\/wp-json\/wp\/v2\/comments?post=33551"}],"version-history":[{"count":2,"href":"https:\/\/www.beauville.com\/it\/wp-json\/wp\/v2\/posts\/33551\/revisions"}],"predecessor-version":[{"id":33553,"href":"https:\/\/www.beauville.com\/it\/wp-json\/wp\/v2\/posts\/33551\/revisions\/33553"}],"wp:featuredmedia":[{"embeddable":true,"href":"https:\/\/www.beauville.com\/it\/wp-json\/wp\/v2\/media\/33062"}],"wp:attachment":[{"href":"https:\/\/www.beauville.com\/it\/wp-json\/wp\/v2\/media?parent=33551"}],"wp:term":[{"taxonomy":"category","embeddable":true,"href":"https:\/\/www.beauville.com\/it\/wp-json\/wp\/v2\/categories?post=33551"},{"taxonomy":"post_tag","embeddable":true,"href":"https:\/\/www.beauville.com\/it\/wp-json\/wp\/v2\/tags?post=33551"}],"curies":[{"name":"wp","href":"https:\/\/api.w.org\/{rel}","templated":true}]}}