{"id":38082,"date":"2025-12-11T09:34:12","date_gmt":"2025-12-11T08:34:12","guid":{"rendered":"https:\/\/www.beauville.com\/blog\/le-marche-de-noel-de-ribeauville\/"},"modified":"2025-12-11T09:39:32","modified_gmt":"2025-12-11T08:39:32","slug":"il-mercato-di-natale-di-ribeauville","status":"publish","type":"post","link":"https:\/\/www.beauville.com\/it\/blog\/il-mercato-di-natale-di-ribeauville\/","title":{"rendered":"Il Mercato di Natale di Ribeauvill\u00e9"},"content":{"rendered":"<p><img decoding=\"async\" src=\"https:\/\/www.beauville.com\/wp-inside\/uploads\/2025\/12\/29-780x301.jpg\" alt=\"Deux sapins en tissus en motif Topkapi Rouge avec deux noeuds en Topkapi \u00e9meraude. Cr\u00e9ation pour la d\u00e9coration du march\u00e9 de No\u00ebl de Ribeauvill\u00e9.\" class=\"size-w780 aligncenter\" \/><\/p>\n<p data-start=\"191\" data-end=\"455\">Quest\u2019anno, il Mercato di Natale di Ribeauvill\u00e9 brilla ancora di pi\u00f9 grazie al tocco di Beauvill\u00e9. Abbiamo avuto il piacere di creare elementi decorativi unici, progettati appositamente per l\u2019evento, portando la nostra maestria artigianale nel cuore della citt\u00e0.<\/p>\n<h2 data-start=\"457\" data-end=\"517\">L\u2019arte del dettaglio al servizio della magia natalizia<\/h2>\n<p data-start=\"519\" data-end=\"918\">Nei nostri laboratori di Ribeauvill\u00e9, due maestosi <strong data-start=\"570\" data-end=\"593\">alberi di sei metri<\/strong> sono stati interamente decorati con <strong data-start=\"630\" data-end=\"662\">fiocchi giganti di due metri<\/strong>, realizzati nel nostro iconico tessuto <strong data-start=\"702\" data-end=\"713\">Topkapi<\/strong>.<br data-start=\"714\" data-end=\"717\" \/>Sono stati necessari <strong data-start=\"738\" data-end=\"779\">60 metri di questa stoffa eccezionale<\/strong> per dare vita a queste creazioni monumentali, ciascuna stampata a mano secondo le nostre tecniche tradizionali di stampa a telaio piano.<\/p>\n<p data-start=\"920\" data-end=\"1157\">Ogni fiocco, ogni piega riflette l\u2019attenzione al dettaglio e l\u2019eleganza che caratterizzano Beauvill\u00e9. Queste opere monumentali non sono solo decorazioni: incarnano raffinatezza, precisione e la bellezza artigianale della nostra maison.<\/p>\n<p data-start=\"1021\" data-end=\"1266\"><img decoding=\"async\" src=\"https:\/\/www.beauville.com\/wp-inside\/uploads\/2025\/12\/30-780x301.jpg\" alt=\"\u00e0 gauche la maisonnette entour\u00e9e des deux sapins en tissus sign\u00e9 Beauvill\u00e9. \u00e0 droite la maisonnette avec l'\u00e9norme noeud en tissu en Topkapi rouge pour le March\u00e9 de No\u00ebl de Ribeauvill\u00e9.\" class=\"size-w780 aligncenter\" \/><\/p>\n<h2 data-start=\"1159\" data-end=\"1197\">Una collaborazione significativa<\/h2>\n<p data-start=\"1199\" data-end=\"1490\">Ringraziamo di cuore la <strong data-start=\"1223\" data-end=\"1257\">Citt\u00e0 di Ribeauvill\u00e9 \u2013 Alsazia<\/strong> per la fiducia e questa preziosa collaborazione. Vedere la nostra maestria esposta nel mercato di Natale \u00e8 un vero onore e un\u2019opportunit\u00e0 unica per condividere la nostra passione per la stampa tessile tradizionale con il pubblico.<\/p>\n<h2 data-start=\"1492\" data-end=\"1525\">Vivi l\u2019esperienza Beauvill\u00e9<\/h2>\n<p data-start=\"1527\" data-end=\"1913\">Ci troverete al Mercato di Natale di Ribeauvill\u00e9 il <strong data-start=\"1579\" data-end=\"1604\">13 e 14 dicembre 2025<\/strong>, per lasciarvi incantare dalla magia delle nostre creazioni.<br data-start=\"1665\" data-end=\"1668\" \/>Per prolungare l\u2019esperienza, la nostra <strong data-start=\"1707\" data-end=\"1734\">boutique di Ribeauvill\u00e9<\/strong> vi accoglie durante tutta la stagione, invitandovi a scoprire le nostre collezioni e a preparare regali <strong data-start=\"1839\" data-end=\"1862\">100% made in France<\/strong>, simbolo di eleganza e di un Natale senza tempo.<\/p>\n<p data-start=\"1657\" data-end=\"2036\"><img decoding=\"async\" src=\"https:\/\/www.beauville.com\/wp-inside\/uploads\/2025\/12\/31-780x301.jpg\" alt=\"Tissus \u00e0 la vente pour le march\u00e9 de No\u00ebl de Ribeauvill\u00e9. Tissus sign\u00e9s Beauvill\u00e9 100% Made In France.\" class=\"size-w780 aligncenter\" \/><\/p>\n","protected":false},"excerpt":{"rendered":"<p>Quest\u2019anno, il Mercato di Natale di Ribeauvill\u00e9 brilla ancora di pi\u00f9 grazie al tocco di Beauvill\u00e9. Abbiamo avuto il piacere di creare elementi decorativi unici, progettati appositamente per l\u2019evento, portando [&hellip;]<\/p>\n","protected":false},"author":2,"featured_media":38078,"comment_status":"closed","ping_status":"closed","sticky":false,"template":"","format":"standard","meta":{"_acf_changed":false,"footnotes":""},"categories":[57,71,67],"tags":[],"class_list":["post-38082","post","type-post","status-publish","format-standard","has-post-thumbnail","hentry","category-blog","category-natale-capodanno","category-notizie","wp-sticky"],"acf":[],"yoast_head":"<!-- This site is optimized with the Yoast SEO plugin v27.5 - https:\/\/yoast.com\/product\/yoast-seo-wordpress\/ -->\n<title>Il Mercato di Natale di Ribeauvill\u00e9<\/title>\n<meta name=\"description\" content=\"copri la magia del Mercato di Natale di Ribeauvill\u00e9 il 13 e 14 dicembre 2025 con le creazioni uniche di Beauvill\u00e9: alberi monumentali, fiocchi in tessuto Topkapi e regali 100% made in France.\" \/>\n<meta name=\"robots\" content=\"index, follow, max-snippet:-1, max-image-preview:large, max-video-preview:-1\" \/>\n<link rel=\"canonical\" href=\"https:\/\/www.beauville.com\/it\/blog\/il-mercato-di-natale-di-ribeauville\/\" \/>\n<meta property=\"og:locale\" content=\"it_IT\" \/>\n<meta property=\"og:type\" content=\"article\" \/>\n<meta property=\"og:title\" content=\"Il Mercato di Natale di Ribeauvill\u00e9\" \/>\n<meta property=\"og:description\" content=\"copri la magia del Mercato di Natale di Ribeauvill\u00e9 il 13 e 14 dicembre 2025 con le creazioni uniche di Beauvill\u00e9: alberi monumentali, fiocchi in tessuto Topkapi e regali 100% made in France.\" \/>\n<meta property=\"og:url\" content=\"https:\/\/www.beauville.com\/it\/blog\/il-mercato-di-natale-di-ribeauville\/\" \/>\n<meta property=\"og:site_name\" content=\"Beauvill\u00e9\" \/>\n<meta property=\"article:publisher\" content=\"https:\/\/www.facebook.com\/beauville.createur\" \/>\n<meta property=\"article:published_time\" content=\"2025-12-11T08:34:12+00:00\" \/>\n<meta property=\"article:modified_time\" content=\"2025-12-11T08:39:32+00:00\" \/>\n<meta property=\"og:image\" content=\"https:\/\/www.beauville.com\/wp-inside\/uploads\/2025\/12\/2.jpg\" \/>\n\t<meta property=\"og:image:width\" content=\"1080\" \/>\n\t<meta property=\"og:image:height\" content=\"1350\" \/>\n\t<meta property=\"og:image:type\" content=\"image\/jpeg\" \/>\n<meta name=\"author\" content=\"beauville-wp\" \/>\n<meta name=\"twitter:card\" content=\"summary_large_image\" \/>\n<meta name=\"twitter:label1\" content=\"Scritto da\" \/>\n\t<meta name=\"twitter:data1\" content=\"beauville-wp\" \/>\n\t<meta name=\"twitter:label2\" content=\"Tempo di lettura stimato\" \/>\n\t<meta name=\"twitter:data2\" content=\"1 minuto\" \/>\n<script type=\"application\/ld+json\" class=\"yoast-schema-graph\">{\"@context\":\"https:\\\/\\\/schema.org\",\"@graph\":[{\"@type\":\"Article\",\"@id\":\"https:\\\/\\\/www.beauville.com\\\/it\\\/blog\\\/il-mercato-di-natale-di-ribeauville\\\/#article\",\"isPartOf\":{\"@id\":\"https:\\\/\\\/www.beauville.com\\\/it\\\/blog\\\/il-mercato-di-natale-di-ribeauville\\\/\"},\"author\":{\"name\":\"beauville-wp\",\"@id\":\"https:\\\/\\\/www.beauville.com\\\/it\\\/#\\\/schema\\\/person\\\/ad0fa64b93a81bc4df4f8d1fb221a594\"},\"headline\":\"Il Mercato di Natale di Ribeauvill\u00e9\",\"datePublished\":\"2025-12-11T08:34:12+00:00\",\"dateModified\":\"2025-12-11T08:39:32+00:00\",\"mainEntityOfPage\":{\"@id\":\"https:\\\/\\\/www.beauville.com\\\/it\\\/blog\\\/il-mercato-di-natale-di-ribeauville\\\/\"},\"wordCount\":250,\"publisher\":{\"@id\":\"https:\\\/\\\/www.beauville.com\\\/it\\\/#organization\"},\"image\":{\"@id\":\"https:\\\/\\\/www.beauville.com\\\/it\\\/blog\\\/il-mercato-di-natale-di-ribeauville\\\/#primaryimage\"},\"thumbnailUrl\":\"https:\\\/\\\/www.beauville.com\\\/wp-inside\\\/uploads\\\/2025\\\/12\\\/2.jpg\",\"articleSection\":[\"Blog\",\"Natale e Capodanno\",\"Notizie\"],\"inLanguage\":\"it-IT\"},{\"@type\":\"WebPage\",\"@id\":\"https:\\\/\\\/www.beauville.com\\\/it\\\/blog\\\/il-mercato-di-natale-di-ribeauville\\\/\",\"url\":\"https:\\\/\\\/www.beauville.com\\\/it\\\/blog\\\/il-mercato-di-natale-di-ribeauville\\\/\",\"name\":\"Il Mercato di Natale di Ribeauvill\u00e9\",\"isPartOf\":{\"@id\":\"https:\\\/\\\/www.beauville.com\\\/it\\\/#website\"},\"primaryImageOfPage\":{\"@id\":\"https:\\\/\\\/www.beauville.com\\\/it\\\/blog\\\/il-mercato-di-natale-di-ribeauville\\\/#primaryimage\"},\"image\":{\"@id\":\"https:\\\/\\\/www.beauville.com\\\/it\\\/blog\\\/il-mercato-di-natale-di-ribeauville\\\/#primaryimage\"},\"thumbnailUrl\":\"https:\\\/\\\/www.beauville.com\\\/wp-inside\\\/uploads\\\/2025\\\/12\\\/2.jpg\",\"datePublished\":\"2025-12-11T08:34:12+00:00\",\"dateModified\":\"2025-12-11T08:39:32+00:00\",\"description\":\"copri la magia del Mercato di Natale di Ribeauvill\u00e9 il 13 e 14 dicembre 2025 con le creazioni uniche di Beauvill\u00e9: alberi monumentali, fiocchi in tessuto Topkapi e regali 100% made in France.\",\"breadcrumb\":{\"@id\":\"https:\\\/\\\/www.beauville.com\\\/it\\\/blog\\\/il-mercato-di-natale-di-ribeauville\\\/#breadcrumb\"},\"inLanguage\":\"it-IT\",\"potentialAction\":[{\"@type\":\"ReadAction\",\"target\":[\"https:\\\/\\\/www.beauville.com\\\/it\\\/blog\\\/il-mercato-di-natale-di-ribeauville\\\/\"]}]},{\"@type\":\"ImageObject\",\"inLanguage\":\"it-IT\",\"@id\":\"https:\\\/\\\/www.beauville.com\\\/it\\\/blog\\\/il-mercato-di-natale-di-ribeauville\\\/#primaryimage\",\"url\":\"https:\\\/\\\/www.beauville.com\\\/wp-inside\\\/uploads\\\/2025\\\/12\\\/2.jpg\",\"contentUrl\":\"https:\\\/\\\/www.beauville.com\\\/wp-inside\\\/uploads\\\/2025\\\/12\\\/2.jpg\",\"width\":1080,\"height\":1350},{\"@type\":\"BreadcrumbList\",\"@id\":\"https:\\\/\\\/www.beauville.com\\\/it\\\/blog\\\/il-mercato-di-natale-di-ribeauville\\\/#breadcrumb\",\"itemListElement\":[{\"@type\":\"ListItem\",\"position\":1,\"name\":\"Home\",\"item\":\"https:\\\/\\\/www.beauville.com\\\/it\\\/\"},{\"@type\":\"ListItem\",\"position\":2,\"name\":\"Blog\",\"item\":\"https:\\\/\\\/www.beauville.com\\\/it\\\/blog\\\/\"},{\"@type\":\"ListItem\",\"position\":3,\"name\":\"Il Mercato di Natale di Ribeauvill\u00e9\"}]},{\"@type\":\"WebSite\",\"@id\":\"https:\\\/\\\/www.beauville.com\\\/it\\\/#website\",\"url\":\"https:\\\/\\\/www.beauville.com\\\/it\\\/\",\"name\":\"Beauvill\u00e9\",\"description\":\"Creator by tradition\",\"publisher\":{\"@id\":\"https:\\\/\\\/www.beauville.com\\\/it\\\/#organization\"},\"potentialAction\":[{\"@type\":\"SearchAction\",\"target\":{\"@type\":\"EntryPoint\",\"urlTemplate\":\"https:\\\/\\\/www.beauville.com\\\/it\\\/?s={search_term_string}\"},\"query-input\":{\"@type\":\"PropertyValueSpecification\",\"valueRequired\":true,\"valueName\":\"search_term_string\"}}],\"inLanguage\":\"it-IT\"},{\"@type\":\"Organization\",\"@id\":\"https:\\\/\\\/www.beauville.com\\\/it\\\/#organization\",\"name\":\"Beauvill\u00e9\",\"url\":\"https:\\\/\\\/www.beauville.com\\\/it\\\/\",\"logo\":{\"@type\":\"ImageObject\",\"inLanguage\":\"it-IT\",\"@id\":\"https:\\\/\\\/www.beauville.com\\\/it\\\/#\\\/schema\\\/logo\\\/image\\\/\",\"url\":\"https:\\\/\\\/www.beauville.com\\\/wp-inside\\\/uploads\\\/2018\\\/10\\\/beauville-logo.png\",\"contentUrl\":\"https:\\\/\\\/www.beauville.com\\\/wp-inside\\\/uploads\\\/2018\\\/10\\\/beauville-logo.png\",\"width\":230,\"height\":90,\"caption\":\"Beauvill\u00e9\"},\"image\":{\"@id\":\"https:\\\/\\\/www.beauville.com\\\/it\\\/#\\\/schema\\\/logo\\\/image\\\/\"},\"sameAs\":[\"https:\\\/\\\/www.facebook.com\\\/beauville.createur\",\"https:\\\/\\\/www.instagram.com\\\/beauville.createur\\\/\",\"https:\\\/\\\/www.pinterest.fr\\\/beauvillecreateur\\\/_created\\\/\",\"https:\\\/\\\/www.youtube.com\\\/channel\\\/UCN1DiK6SUHdildYkanOBeeA\"]},{\"@type\":\"Person\",\"@id\":\"https:\\\/\\\/www.beauville.com\\\/it\\\/#\\\/schema\\\/person\\\/ad0fa64b93a81bc4df4f8d1fb221a594\",\"name\":\"beauville-wp\",\"image\":{\"@type\":\"ImageObject\",\"inLanguage\":\"it-IT\",\"@id\":\"https:\\\/\\\/secure.gravatar.com\\\/avatar\\\/ccfc9cd9974f3b2f4684fd5d1c0698785ab3815db27e5b9be74337ccd429086e?s=96&d=mm&r=g\",\"url\":\"https:\\\/\\\/secure.gravatar.com\\\/avatar\\\/ccfc9cd9974f3b2f4684fd5d1c0698785ab3815db27e5b9be74337ccd429086e?s=96&d=mm&r=g\",\"contentUrl\":\"https:\\\/\\\/secure.gravatar.com\\\/avatar\\\/ccfc9cd9974f3b2f4684fd5d1c0698785ab3815db27e5b9be74337ccd429086e?s=96&d=mm&r=g\",\"caption\":\"beauville-wp\"}}]}<\/script>\n<!-- \/ Yoast SEO plugin. -->","yoast_head_json":{"title":"Il Mercato di Natale di Ribeauvill\u00e9","description":"copri la magia del Mercato di Natale di Ribeauvill\u00e9 il 13 e 14 dicembre 2025 con le creazioni uniche di Beauvill\u00e9: alberi monumentali, fiocchi in tessuto Topkapi e regali 100% made in France.","robots":{"index":"index","follow":"follow","max-snippet":"max-snippet:-1","max-image-preview":"max-image-preview:large","max-video-preview":"max-video-preview:-1"},"canonical":"https:\/\/www.beauville.com\/it\/blog\/il-mercato-di-natale-di-ribeauville\/","og_locale":"it_IT","og_type":"article","og_title":"Il Mercato di Natale di Ribeauvill\u00e9","og_description":"copri la magia del Mercato di Natale di Ribeauvill\u00e9 il 13 e 14 dicembre 2025 con le creazioni uniche di Beauvill\u00e9: alberi monumentali, fiocchi in tessuto Topkapi e regali 100% made in France.","og_url":"https:\/\/www.beauville.com\/it\/blog\/il-mercato-di-natale-di-ribeauville\/","og_site_name":"Beauvill\u00e9","article_publisher":"https:\/\/www.facebook.com\/beauville.createur","article_published_time":"2025-12-11T08:34:12+00:00","article_modified_time":"2025-12-11T08:39:32+00:00","og_image":[{"width":1080,"height":1350,"url":"https:\/\/www.beauville.com\/wp-inside\/uploads\/2025\/12\/2.jpg","type":"image\/jpeg"}],"author":"beauville-wp","twitter_card":"summary_large_image","twitter_misc":{"Scritto da":"beauville-wp","Tempo di lettura stimato":"1 minuto"},"schema":{"@context":"https:\/\/schema.org","@graph":[{"@type":"Article","@id":"https:\/\/www.beauville.com\/it\/blog\/il-mercato-di-natale-di-ribeauville\/#article","isPartOf":{"@id":"https:\/\/www.beauville.com\/it\/blog\/il-mercato-di-natale-di-ribeauville\/"},"author":{"name":"beauville-wp","@id":"https:\/\/www.beauville.com\/it\/#\/schema\/person\/ad0fa64b93a81bc4df4f8d1fb221a594"},"headline":"Il Mercato di Natale di Ribeauvill\u00e9","datePublished":"2025-12-11T08:34:12+00:00","dateModified":"2025-12-11T08:39:32+00:00","mainEntityOfPage":{"@id":"https:\/\/www.beauville.com\/it\/blog\/il-mercato-di-natale-di-ribeauville\/"},"wordCount":250,"publisher":{"@id":"https:\/\/www.beauville.com\/it\/#organization"},"image":{"@id":"https:\/\/www.beauville.com\/it\/blog\/il-mercato-di-natale-di-ribeauville\/#primaryimage"},"thumbnailUrl":"https:\/\/www.beauville.com\/wp-inside\/uploads\/2025\/12\/2.jpg","articleSection":["Blog","Natale e Capodanno","Notizie"],"inLanguage":"it-IT"},{"@type":"WebPage","@id":"https:\/\/www.beauville.com\/it\/blog\/il-mercato-di-natale-di-ribeauville\/","url":"https:\/\/www.beauville.com\/it\/blog\/il-mercato-di-natale-di-ribeauville\/","name":"Il Mercato di Natale di Ribeauvill\u00e9","isPartOf":{"@id":"https:\/\/www.beauville.com\/it\/#website"},"primaryImageOfPage":{"@id":"https:\/\/www.beauville.com\/it\/blog\/il-mercato-di-natale-di-ribeauville\/#primaryimage"},"image":{"@id":"https:\/\/www.beauville.com\/it\/blog\/il-mercato-di-natale-di-ribeauville\/#primaryimage"},"thumbnailUrl":"https:\/\/www.beauville.com\/wp-inside\/uploads\/2025\/12\/2.jpg","datePublished":"2025-12-11T08:34:12+00:00","dateModified":"2025-12-11T08:39:32+00:00","description":"copri la magia del Mercato di Natale di Ribeauvill\u00e9 il 13 e 14 dicembre 2025 con le creazioni uniche di Beauvill\u00e9: alberi monumentali, fiocchi in tessuto Topkapi e regali 100% made in France.","breadcrumb":{"@id":"https:\/\/www.beauville.com\/it\/blog\/il-mercato-di-natale-di-ribeauville\/#breadcrumb"},"inLanguage":"it-IT","potentialAction":[{"@type":"ReadAction","target":["https:\/\/www.beauville.com\/it\/blog\/il-mercato-di-natale-di-ribeauville\/"]}]},{"@type":"ImageObject","inLanguage":"it-IT","@id":"https:\/\/www.beauville.com\/it\/blog\/il-mercato-di-natale-di-ribeauville\/#primaryimage","url":"https:\/\/www.beauville.com\/wp-inside\/uploads\/2025\/12\/2.jpg","contentUrl":"https:\/\/www.beauville.com\/wp-inside\/uploads\/2025\/12\/2.jpg","width":1080,"height":1350},{"@type":"BreadcrumbList","@id":"https:\/\/www.beauville.com\/it\/blog\/il-mercato-di-natale-di-ribeauville\/#breadcrumb","itemListElement":[{"@type":"ListItem","position":1,"name":"Home","item":"https:\/\/www.beauville.com\/it\/"},{"@type":"ListItem","position":2,"name":"Blog","item":"https:\/\/www.beauville.com\/it\/blog\/"},{"@type":"ListItem","position":3,"name":"Il Mercato di Natale di Ribeauvill\u00e9"}]},{"@type":"WebSite","@id":"https:\/\/www.beauville.com\/it\/#website","url":"https:\/\/www.beauville.com\/it\/","name":"Beauvill\u00e9","description":"Creator by tradition","publisher":{"@id":"https:\/\/www.beauville.com\/it\/#organization"},"potentialAction":[{"@type":"SearchAction","target":{"@type":"EntryPoint","urlTemplate":"https:\/\/www.beauville.com\/it\/?s={search_term_string}"},"query-input":{"@type":"PropertyValueSpecification","valueRequired":true,"valueName":"search_term_string"}}],"inLanguage":"it-IT"},{"@type":"Organization","@id":"https:\/\/www.beauville.com\/it\/#organization","name":"Beauvill\u00e9","url":"https:\/\/www.beauville.com\/it\/","logo":{"@type":"ImageObject","inLanguage":"it-IT","@id":"https:\/\/www.beauville.com\/it\/#\/schema\/logo\/image\/","url":"https:\/\/www.beauville.com\/wp-inside\/uploads\/2018\/10\/beauville-logo.png","contentUrl":"https:\/\/www.beauville.com\/wp-inside\/uploads\/2018\/10\/beauville-logo.png","width":230,"height":90,"caption":"Beauvill\u00e9"},"image":{"@id":"https:\/\/www.beauville.com\/it\/#\/schema\/logo\/image\/"},"sameAs":["https:\/\/www.facebook.com\/beauville.createur","https:\/\/www.instagram.com\/beauville.createur\/","https:\/\/www.pinterest.fr\/beauvillecreateur\/_created\/","https:\/\/www.youtube.com\/channel\/UCN1DiK6SUHdildYkanOBeeA"]},{"@type":"Person","@id":"https:\/\/www.beauville.com\/it\/#\/schema\/person\/ad0fa64b93a81bc4df4f8d1fb221a594","name":"beauville-wp","image":{"@type":"ImageObject","inLanguage":"it-IT","@id":"https:\/\/secure.gravatar.com\/avatar\/ccfc9cd9974f3b2f4684fd5d1c0698785ab3815db27e5b9be74337ccd429086e?s=96&d=mm&r=g","url":"https:\/\/secure.gravatar.com\/avatar\/ccfc9cd9974f3b2f4684fd5d1c0698785ab3815db27e5b9be74337ccd429086e?s=96&d=mm&r=g","contentUrl":"https:\/\/secure.gravatar.com\/avatar\/ccfc9cd9974f3b2f4684fd5d1c0698785ab3815db27e5b9be74337ccd429086e?s=96&d=mm&r=g","caption":"beauville-wp"}}]}},"_links":{"self":[{"href":"https:\/\/www.beauville.com\/it\/wp-json\/wp\/v2\/posts\/38082","targetHints":{"allow":["GET"]}}],"collection":[{"href":"https:\/\/www.beauville.com\/it\/wp-json\/wp\/v2\/posts"}],"about":[{"href":"https:\/\/www.beauville.com\/it\/wp-json\/wp\/v2\/types\/post"}],"author":[{"embeddable":true,"href":"https:\/\/www.beauville.com\/it\/wp-json\/wp\/v2\/users\/2"}],"replies":[{"embeddable":true,"href":"https:\/\/www.beauville.com\/it\/wp-json\/wp\/v2\/comments?post=38082"}],"version-history":[{"count":2,"href":"https:\/\/www.beauville.com\/it\/wp-json\/wp\/v2\/posts\/38082\/revisions"}],"predecessor-version":[{"id":38088,"href":"https:\/\/www.beauville.com\/it\/wp-json\/wp\/v2\/posts\/38082\/revisions\/38088"}],"wp:featuredmedia":[{"embeddable":true,"href":"https:\/\/www.beauville.com\/it\/wp-json\/wp\/v2\/media\/38078"}],"wp:attachment":[{"href":"https:\/\/www.beauville.com\/it\/wp-json\/wp\/v2\/media?parent=38082"}],"wp:term":[{"taxonomy":"category","embeddable":true,"href":"https:\/\/www.beauville.com\/it\/wp-json\/wp\/v2\/categories?post=38082"},{"taxonomy":"post_tag","embeddable":true,"href":"https:\/\/www.beauville.com\/it\/wp-json\/wp\/v2\/tags?post=38082"}],"curies":[{"name":"wp","href":"https:\/\/api.w.org\/{rel}","templated":true}]}}