{"id":43864,"date":"2026-03-11T10:20:04","date_gmt":"2026-03-11T09:20:04","guid":{"rendered":"https:\/\/www.beauville.com\/blog\/collection-printemps-ete-2026-beauville-nappes-et-linge-de-table-haut-de-gamme\/"},"modified":"2026-03-11T13:49:25","modified_gmt":"2026-03-11T12:49:25","slug":"collezione-primavera-estate-2026-tovaglie-di-lusso-beauville","status":"publish","type":"post","link":"https:\/\/www.beauville.com\/it\/blog\/collezione-primavera-estate-2026-tovaglie-di-lusso-beauville\/","title":{"rendered":"Collezione Primavera-Estate 2026 | Tovaglie di lusso Beauvill\u00e9"},"content":{"rendered":"<h1 data-section-id=\"1kc6el5\" data-start=\"160\" data-end=\"240\"><a href=\"https:\/\/www.beauville.com\/shop\/it\/77-novita\">Nuova collezione Primavera-Estate 2026 Beauvill\u00e9<\/a>: l\u2019arte della tavola a colori<\/h1>\n<p data-start=\"242\" data-end=\"562\">Con l<a href=\"https:\/\/www.beauville.com\/shop\/it\/77-novita\">a nuova <strong data-start=\"255\" data-end=\"291\">collezione Primavera-Estate 2026<\/strong><\/a>, la maison Beauvill\u00e9 celebra l\u2019arte di ricevere e la bellezza delle tavole apparecchiate con cura. Tra ispirazioni floreali, atmosfere marine e colori luminosi, questa nuova stagione invita a creare momenti di convivialit\u00e0 attorno a una biancheria da tavola d\u2019eccezione.<\/p>\n<p data-start=\"564\" data-end=\"875\">Prodotte in Alsazia secondo un savoir-faire tessile riconosciuto in tutto il mondo, le tovaglie Beauvill\u00e9 incarnano l\u2019eleganza della <strong data-start=\"697\" data-end=\"750\">biancheria da tavola di alta gamma made in France<\/strong>. Ogni motivo \u00e8 pensato come un vero e proprio elemento decorativo capace di trasformare la tavola in un\u2019esperienza estetica.<\/p>\n<h1 data-section-id=\"hg22cx\" data-start=\"1287\" data-end=\"1334\"><a href=\"https:\/\/www.beauville.com\/shop\/it\/tovaglia\/2342-tovaglia-bougainvilliers.html#\/48-dimensione-quadrato_170_x_170_cm\/34-colore-original\">Bougainvilliers:<\/a> una tovaglia floreale luminosa<\/h1>\n<div id=\"attachment_43824\" class=\"wp-caption aligncenter\" style=\"width:100%;max-width:732px\"><a href=\"https:\/\/www.beauville.com\/shop\/fr\/nappes\/2342-nappe-bougainvilliers.html#\/48-taille-carree_170_x_170_cm\/34-couleur-original\"><img decoding=\"async\" src=\"https:\/\/www.beauville.com\/wp-inside\/uploads\/2026\/03\/banniere-facebook-732x412.jpg\" alt=\"Nappe Beauvill\u00e9 Bougainvilliers avec motif floral color\u00e9 sur une table dress\u00e9e avec bougies et verres color\u00e9s, d\u00e9cor inspir\u00e9 d\u2019un jardin en fleurs.\" class=\"size-large\" \/><\/a><p class=\"wp-caption-text\">Tovaglia Bougainvilliers \u2013 Collezione Primavera-Estate 2026 Beauvill\u00e9, una tavola floreale elegante ispirata ai giardini in fiore.<\/p><\/div>\n<p data-start=\"1069\" data-end=\"1185\"><a href=\"https:\/\/www.beauville.com\/shop\/it\/tovaglia\/2342-tovaglia-bougainvilliers.html#\/48-dimensione-quadrato_170_x_170_cm\/34-colore-original\">La tovaglia <strong data-start=\"1081\" data-end=\"1100\">Bougainvilliers<\/strong><\/a> si ispira ai giardini primaverili e alla generosit\u00e0 della natura in piena fioritura.<\/p>\n<p data-start=\"1187\" data-end=\"1390\">Bouquet colorati si sviluppano lungo il bordo del tessuto creando una tavola vivace ed elegante. Le sfumature di rosso, rosa e viola evocano la dolcezza dei pranzi estivi e delle lunghe serate condivise.<\/p>\n<p data-start=\"1392\" data-end=\"1524\">Con il suo luminoso motivo floreale, questa tovaglia dona alla tavola un\u2019atmosfera calda e raffinata, ideale per momenti conviviali.<\/p>\n<h1 data-section-id=\"1ygjppt\" data-start=\"1796\" data-end=\"1835\"><a href=\"https:\/\/www.beauville.com\/shop\/it\/tovaglia\/2340-tovaglia-recif.html#\/48-dimensione-quadrato_170_x_170_cm\/103-colore-mer\">R\u00e9cif:<\/a> l\u2019eleganza dell\u2019universo marino<\/h1>\n<div id=\"attachment_43845\" class=\"wp-caption aligncenter\" style=\"width:100%;max-width:732px\"><a href=\"https:\/\/www.beauville.com\/shop\/fr\/nappes\/2340-nappe-recif.html#\/48-taille-carree_170_x_170_cm\/103-couleur-mer\"><img decoding=\"async\" src=\"https:\/\/www.beauville.com\/wp-inside\/uploads\/2026\/03\/motif-recif-coloris-mer-732x412.jpg\" alt=\"Nappe Beauvill\u00e9 R\u00e9cif coloris mer avec motif marin coraux et coquillages, table dress\u00e9e avec vaisselle et verre bleu dans une ambiance inspir\u00e9e des fonds marins.\" class=\"size-large\" \/><\/a><p class=\"wp-caption-text\">Tovaglia R\u00e9cif colore Mer \u2013 Collezione Primavera-Estate 2026 Beauvill\u00e9, un\u2019ispirazione marina dalle sfumature turchesi e corallo.<\/p><\/div>\n<p data-start=\"1708\" data-end=\"1798\">Con <a href=\"https:\/\/www.beauville.com\/shop\/it\/tovaglia\/2340-tovaglia-recif.html#\/48-dimensione-quadrato_170_x_170_cm\/103-colore-mer\">la tovaglia <strong data-start=\"1724\" data-end=\"1733\">R\u00e9cif<\/strong><\/a>, Beauvill\u00e9 ci conduce in un universo ispirato ai fondali marini.<\/p>\n<p data-start=\"1800\" data-end=\"2010\">Proposta in due varianti di colore \u2013 <strong data-start=\"1837\" data-end=\"1847\">Corail<\/strong> e <strong data-start=\"1850\" data-end=\"1857\">Mer<\/strong> \u2013 questa creazione presenta delicati motivi di coralli e conchiglie. Le tonalit\u00e0 acquatiche donano freschezza e modernit\u00e0 alla decorazione della tavola.<\/p>\n<p data-start=\"2012\" data-end=\"2162\">La collezione si completa con lo <a href=\"https:\/\/www.beauville.com\/shop\/it\/biancheria-da-cucina\/2348-strofinaccio-coquillages.html#\/322-dimensione-50_x_80_cm\/34-colore-original\"><strong data-start=\"2045\" data-end=\"2073\">strofinaccio Coquillages<\/strong><\/a>, coordinato alla tovaglia R\u00e9cif, che prolunga questa ispirazione marina anche in cucina.<\/p>\n<h1 data-section-id=\"1tvy4p0\" data-start=\"2288\" data-end=\"2334\"><a href=\"https:\/\/www.beauville.com\/shop\/it\/tovaglia\/2335-tovaglia-rialto.html#\/119-colore-lime_verde\/48-dimensione-quadrato_170_x_170_cm\">Rialto Citron Vert:<\/a> un tocco di freschezza<\/h1>\n<div id=\"attachment_43849\" class=\"wp-caption aligncenter\" style=\"width:100%;max-width:732px\"><a href=\"https:\/\/www.beauville.com\/shop\/fr\/nappes\/2335-nappe-rialto.html#\/119-couleur-citron_vert\/48-taille-carree_170_x_170_cm\"><img decoding=\"async\" src=\"https:\/\/www.beauville.com\/wp-inside\/uploads\/2026\/03\/motif-rialto-coloris-citron-vert-732x282.jpg\" alt=\"Nappe Beauvill\u00e9 Rialto coloris citron vert sur une table dress\u00e9e avec verres et bougies, motif d\u00e9coratif \u00e9l\u00e9gant dans des tons jaunes et verts.\" class=\"size-large\" \/><\/a><p class=\"wp-caption-text\">Tovaglia Rialto Citron Vert \u2013 Collezione Primavera-Estate 2026 Beauvill\u00e9, un motivo iconico reinterpretato in una tonalit\u00e0 luminosa.<\/p><\/div>\n<p data-start=\"2353\" data-end=\"2470\">Motivo iconico della maison Beauvill\u00e9, <a href=\"https:\/\/www.beauville.com\/shop\/it\/tovaglia\/2335-tovaglia-rialto.html#\/119-colore-lime_verde\/48-dimensione-quadrato_170_x_170_cm\"><strong data-start=\"2392\" data-end=\"2402\">Rialto<\/strong><\/a> si reinventa questa stagione in una nuova tonalit\u00e0 <strong data-start=\"2454\" data-end=\"2469\">Citron Vert<\/strong>.<\/p>\n<p data-start=\"2472\" data-end=\"2697\">Questa nuance brillante dona una freschezza estiva a un disegno ispirato alle architetture e agli ornamenti classici. Il contrasto tra la ricchezza del motivo e la vivacit\u00e0 del colore crea una tavola elegante e contemporanea.<\/p>\n<h1 data-section-id=\"1b272ia\" data-start=\"2695\" data-end=\"2737\"><a href=\"https:\/\/www.beauville.com\/shop\/it\/biancheria-da-tavola\/2330-tovaglia-topkapi.html\">Topkapi Abricot<\/a>: calore e raffinatezza<\/h1>\n<div id=\"attachment_43853\" class=\"wp-caption aligncenter\" style=\"width:100%;max-width:732px\"><a href=\"https:\/\/www.beauville.com\/shop\/fr\/linge-de-table\/2330-nappe-topkapi.html#\/48-taille-carree_170_x_170_cm\/115-couleur-abricot\"><img decoding=\"async\" src=\"https:\/\/www.beauville.com\/wp-inside\/uploads\/2026\/03\/topkapi-coloris-abricot-732x412.jpg\" alt=\"Nappe Beauvill\u00e9 Topkapi coloris abricot sur une table ronde dress\u00e9e avec verres et fruits, motif d\u00e9coratif inspir\u00e9 des palais orientaux dans des tons orange et cr\u00e8me.\" class=\"size-large\" \/><\/a><p class=\"wp-caption-text\">Tovaglia Topkapi Abricot \u2013 Collezione Primavera-Estate 2026 Beauvill\u00e9, un decoro raffinato dalle ispirazioni orientali.<\/p><\/div>\n<p data-start=\"2871\" data-end=\"2956\"><a href=\"https:\/\/www.beauville.com\/shop\/it\/biancheria-da-tavola\/2330-tovaglia-topkapi.html\">La tovaglia <strong data-start=\"2883\" data-end=\"2894\">Topkapi<\/strong> <\/a>si veste di una nuova tonalit\u00e0 <strong data-start=\"2926\" data-end=\"2937\">Abricot<\/strong>, calda e luminosa.<\/p>\n<p data-start=\"2958\" data-end=\"3123\">Ispirato ai decori orientali e ai palazzi ottomani, questo motivo ricco e sofisticato si declina in tonalit\u00e0 solari che evocano le serate estive e le tavole festive.<\/p>\n<h1 data-section-id=\"thx41d\" data-start=\"3019\" data-end=\"3075\"><a href=\"https:\/\/www.beauville.com\/shop\/it\/77-novita\">Gli strofinacci calendario 2027<\/a>: una tradizione Beauvill\u00e9<\/h1>\n<div id=\"attachment_43857\" class=\"wp-caption aligncenter\" style=\"width:100%;max-width:732px\"><a href=\"https:\/\/www.beauville.com\/shop\/fr\/77-nouveautes\"><img decoding=\"async\" src=\"https:\/\/www.beauville.com\/wp-inside\/uploads\/2026\/03\/les-torchons-calendrier-2027-732x412.jpg\" alt=\"Torchons calendrier Beauvill\u00e9 2027 : mod\u00e8les Calendrier Alsace et La Cri\u00e9e illustr\u00e9s avec motifs traditionnels alsaciens et univers maritime.\" class=\"size-large\" \/><\/a><p class=\"wp-caption-text\">Strofinacci Calendario 2027 Beauvill\u00e9: i modelli Alsace e La Cri\u00e9e tra tradizione regionale e ispirazione marittima.<\/p><\/div>\n<p data-start=\"3313\" data-end=\"3428\">Ogni anno gli <a href=\"https:\/\/www.beauville.com\/shop\/it\/77-novita\"><strong data-start=\"3327\" data-end=\"3363\">strofinacci calendario Beauvill\u00e9<\/strong><\/a> conquistano gli amanti dei tessili di qualit\u00e0 e i collezionisti.<\/p>\n<p data-start=\"3430\" data-end=\"3493\">Per il <strong data-start=\"3437\" data-end=\"3445\">2027<\/strong>, due nuovi modelli arricchiscono la collezione:<\/p>\n<ul data-start=\"3495\" data-end=\"3670\">\n<li data-section-id=\"1r5o7px\" data-start=\"3495\" data-end=\"3583\">\n<p data-start=\"3497\" data-end=\"3583\"><a href=\"https:\/\/www.beauville.com\/shop\/it\/biancheria-da-cucina\/2347-strofinaccio-calendario-alsace-2027.html#\/322-dimensione-50_x_80_cm\/34-colore-original\"><strong data-start=\"3497\" data-end=\"3523\">Calendario Alsace 2027<\/strong><\/a>, che rende omaggio alle tradizioni e ai costumi alsaziani<\/p>\n<\/li>\n<li data-section-id=\"1cagjor\" data-start=\"3584\" data-end=\"3670\">\n<p data-start=\"3586\" data-end=\"3670\"><a href=\"https:\/\/www.beauville.com\/shop\/it\/biancheria-da-cucina\/2345-strofinaccio-calendario-la-criee-2027.html#\/322-dimensione-50_x_80_cm\/34-colore-original\"><strong data-start=\"3586\" data-end=\"3614\">Calendario La Cri\u00e9e 2027<\/strong><\/a>, ispirato all\u2019universo marittimo e ai mercati del pesce<\/p>\n<\/li>\n<\/ul>\n<p data-start=\"3672\" data-end=\"3782\">Pratici e decorativi, questi strofinacci perpetuano una tradizione tessile emblematica della maison Beauvill\u00e9.<\/p>\n<h1 data-section-id=\"kr6omf\" data-start=\"3789\" data-end=\"3851\">Beauvill\u00e9: un savoir-faire tessile unico da oltre due secoli<\/h1>\n<p data-start=\"3853\" data-end=\"3950\">Tutte le creazioni Beauvill\u00e9 sono <strong data-start=\"3887\" data-end=\"3910\">stampate in Alsazia<\/strong>, negli storici laboratori della maison.<\/p>\n<p data-start=\"3952\" data-end=\"4156\">Ogni tovaglia \u00e8 il risultato di un lavoro meticoloso che unisce creazione artistica, incisione e stampa tessile tradizionale. Questo raro savoir-faire garantisce colori profondi e una qualit\u00e0 eccezionale.<\/p>\n<p data-start=\"4158\" data-end=\"4299\">Da oltre due secoli Beauvill\u00e9 perpetua cos\u00ec l\u2019eccellenza della <strong data-start=\"4221\" data-end=\"4268\">biancheria da tavola francese di alta gamma<\/strong>, apprezzata in tutto il mondo.<\/p>\n","protected":false},"excerpt":{"rendered":"<p>Nuova collezione Primavera-Estate 2026 Beauvill\u00e9: l\u2019arte della tavola a colori Con la nuova collezione Primavera-Estate 2026, la maison Beauvill\u00e9 celebra l\u2019arte di ricevere e la bellezza delle tavole apparecchiate con [&hellip;]<\/p>\n","protected":false},"author":2,"featured_media":43827,"comment_status":"closed","ping_status":"closed","sticky":false,"template":"","format":"standard","meta":{"_acf_changed":false,"footnotes":""},"categories":[57,67],"tags":[],"class_list":["post-43864","post","type-post","status-publish","format-standard","has-post-thumbnail","hentry","category-blog","category-notizie","wp-sticky"],"acf":[],"yoast_head":"<!-- This site is optimized with the Yoast SEO plugin v27.4 - https:\/\/yoast.com\/product\/yoast-seo-wordpress\/ -->\n<title>Collezione Primavera-Estate 2026 | Tovaglie di lusso Beauvill\u00e9<\/title>\n<meta name=\"description\" content=\"Scopri la collezione Primavera-Estate 2026 Beauvill\u00e9: tovaglie eleganti, biancheria da tavola di lusso prodotta in Francia e nuovi strofinacci calendario 2027.\" \/>\n<meta name=\"robots\" content=\"index, follow, max-snippet:-1, max-image-preview:large, max-video-preview:-1\" \/>\n<link rel=\"canonical\" href=\"https:\/\/www.beauville.com\/it\/blog\/collezione-primavera-estate-2026-tovaglie-di-lusso-beauville\/\" \/>\n<meta property=\"og:locale\" content=\"it_IT\" \/>\n<meta property=\"og:type\" content=\"article\" \/>\n<meta property=\"og:title\" content=\"Collezione Primavera-Estate 2026 | Tovaglie di lusso Beauvill\u00e9\" \/>\n<meta property=\"og:description\" content=\"Scopri la collezione Primavera-Estate 2026 Beauvill\u00e9: tovaglie eleganti, biancheria da tavola di lusso prodotta in Francia e nuovi strofinacci calendario 2027.\" \/>\n<meta property=\"og:url\" content=\"https:\/\/www.beauville.com\/it\/blog\/collezione-primavera-estate-2026-tovaglie-di-lusso-beauville\/\" \/>\n<meta property=\"og:site_name\" content=\"Beauvill\u00e9\" \/>\n<meta property=\"article:publisher\" content=\"https:\/\/www.facebook.com\/beauville.createur\" \/>\n<meta property=\"article:published_time\" content=\"2026-03-11T09:20:04+00:00\" \/>\n<meta property=\"article:modified_time\" content=\"2026-03-11T12:49:25+00:00\" \/>\n<meta property=\"og:image\" content=\"https:\/\/www.beauville.com\/wp-inside\/uploads\/2026\/03\/banniere-facebook.jpg\" \/>\n\t<meta property=\"og:image:width\" content=\"1640\" \/>\n\t<meta property=\"og:image:height\" content=\"924\" \/>\n\t<meta property=\"og:image:type\" content=\"image\/jpeg\" \/>\n<meta name=\"author\" content=\"beauville-wp\" \/>\n<meta name=\"twitter:card\" content=\"summary_large_image\" \/>\n<meta name=\"twitter:label1\" content=\"Scritto da\" \/>\n\t<meta name=\"twitter:data1\" content=\"beauville-wp\" \/>\n\t<meta name=\"twitter:label2\" content=\"Tempo di lettura stimato\" \/>\n\t<meta name=\"twitter:data2\" content=\"3 minuti\" \/>\n<script type=\"application\/ld+json\" class=\"yoast-schema-graph\">{\"@context\":\"https:\\\/\\\/schema.org\",\"@graph\":[{\"@type\":\"Article\",\"@id\":\"https:\\\/\\\/www.beauville.com\\\/it\\\/blog\\\/collezione-primavera-estate-2026-tovaglie-di-lusso-beauville\\\/#article\",\"isPartOf\":{\"@id\":\"https:\\\/\\\/www.beauville.com\\\/it\\\/blog\\\/collezione-primavera-estate-2026-tovaglie-di-lusso-beauville\\\/\"},\"author\":{\"name\":\"beauville-wp\",\"@id\":\"https:\\\/\\\/www.beauville.com\\\/it\\\/#\\\/schema\\\/person\\\/ad0fa64b93a81bc4df4f8d1fb221a594\"},\"headline\":\"Collezione Primavera-Estate 2026 | Tovaglie di lusso Beauvill\u00e9\",\"datePublished\":\"2026-03-11T09:20:04+00:00\",\"dateModified\":\"2026-03-11T12:49:25+00:00\",\"mainEntityOfPage\":{\"@id\":\"https:\\\/\\\/www.beauville.com\\\/it\\\/blog\\\/collezione-primavera-estate-2026-tovaglie-di-lusso-beauville\\\/\"},\"wordCount\":604,\"publisher\":{\"@id\":\"https:\\\/\\\/www.beauville.com\\\/it\\\/#organization\"},\"image\":{\"@id\":\"https:\\\/\\\/www.beauville.com\\\/it\\\/blog\\\/collezione-primavera-estate-2026-tovaglie-di-lusso-beauville\\\/#primaryimage\"},\"thumbnailUrl\":\"https:\\\/\\\/www.beauville.com\\\/wp-inside\\\/uploads\\\/2026\\\/03\\\/banniere-facebook.jpg\",\"articleSection\":[\"Blog\",\"Notizie\"],\"inLanguage\":\"it-IT\"},{\"@type\":\"WebPage\",\"@id\":\"https:\\\/\\\/www.beauville.com\\\/it\\\/blog\\\/collezione-primavera-estate-2026-tovaglie-di-lusso-beauville\\\/\",\"url\":\"https:\\\/\\\/www.beauville.com\\\/it\\\/blog\\\/collezione-primavera-estate-2026-tovaglie-di-lusso-beauville\\\/\",\"name\":\"Collezione Primavera-Estate 2026 | Tovaglie di lusso Beauvill\u00e9\",\"isPartOf\":{\"@id\":\"https:\\\/\\\/www.beauville.com\\\/it\\\/#website\"},\"primaryImageOfPage\":{\"@id\":\"https:\\\/\\\/www.beauville.com\\\/it\\\/blog\\\/collezione-primavera-estate-2026-tovaglie-di-lusso-beauville\\\/#primaryimage\"},\"image\":{\"@id\":\"https:\\\/\\\/www.beauville.com\\\/it\\\/blog\\\/collezione-primavera-estate-2026-tovaglie-di-lusso-beauville\\\/#primaryimage\"},\"thumbnailUrl\":\"https:\\\/\\\/www.beauville.com\\\/wp-inside\\\/uploads\\\/2026\\\/03\\\/banniere-facebook.jpg\",\"datePublished\":\"2026-03-11T09:20:04+00:00\",\"dateModified\":\"2026-03-11T12:49:25+00:00\",\"description\":\"Scopri la collezione Primavera-Estate 2026 Beauvill\u00e9: tovaglie eleganti, biancheria da tavola di lusso prodotta in Francia e nuovi strofinacci calendario 2027.\",\"breadcrumb\":{\"@id\":\"https:\\\/\\\/www.beauville.com\\\/it\\\/blog\\\/collezione-primavera-estate-2026-tovaglie-di-lusso-beauville\\\/#breadcrumb\"},\"inLanguage\":\"it-IT\",\"potentialAction\":[{\"@type\":\"ReadAction\",\"target\":[\"https:\\\/\\\/www.beauville.com\\\/it\\\/blog\\\/collezione-primavera-estate-2026-tovaglie-di-lusso-beauville\\\/\"]}]},{\"@type\":\"ImageObject\",\"inLanguage\":\"it-IT\",\"@id\":\"https:\\\/\\\/www.beauville.com\\\/it\\\/blog\\\/collezione-primavera-estate-2026-tovaglie-di-lusso-beauville\\\/#primaryimage\",\"url\":\"https:\\\/\\\/www.beauville.com\\\/wp-inside\\\/uploads\\\/2026\\\/03\\\/banniere-facebook.jpg\",\"contentUrl\":\"https:\\\/\\\/www.beauville.com\\\/wp-inside\\\/uploads\\\/2026\\\/03\\\/banniere-facebook.jpg\",\"width\":1640,\"height\":924},{\"@type\":\"BreadcrumbList\",\"@id\":\"https:\\\/\\\/www.beauville.com\\\/it\\\/blog\\\/collezione-primavera-estate-2026-tovaglie-di-lusso-beauville\\\/#breadcrumb\",\"itemListElement\":[{\"@type\":\"ListItem\",\"position\":1,\"name\":\"Home\",\"item\":\"https:\\\/\\\/www.beauville.com\\\/it\\\/\"},{\"@type\":\"ListItem\",\"position\":2,\"name\":\"Blog\",\"item\":\"https:\\\/\\\/www.beauville.com\\\/it\\\/blog\\\/\"},{\"@type\":\"ListItem\",\"position\":3,\"name\":\"Collezione Primavera-Estate 2026 | Tovaglie di lusso Beauvill\u00e9\"}]},{\"@type\":\"WebSite\",\"@id\":\"https:\\\/\\\/www.beauville.com\\\/it\\\/#website\",\"url\":\"https:\\\/\\\/www.beauville.com\\\/it\\\/\",\"name\":\"Beauvill\u00e9\",\"description\":\"Creator by tradition\",\"publisher\":{\"@id\":\"https:\\\/\\\/www.beauville.com\\\/it\\\/#organization\"},\"potentialAction\":[{\"@type\":\"SearchAction\",\"target\":{\"@type\":\"EntryPoint\",\"urlTemplate\":\"https:\\\/\\\/www.beauville.com\\\/it\\\/?s={search_term_string}\"},\"query-input\":{\"@type\":\"PropertyValueSpecification\",\"valueRequired\":true,\"valueName\":\"search_term_string\"}}],\"inLanguage\":\"it-IT\"},{\"@type\":\"Organization\",\"@id\":\"https:\\\/\\\/www.beauville.com\\\/it\\\/#organization\",\"name\":\"Beauvill\u00e9\",\"url\":\"https:\\\/\\\/www.beauville.com\\\/it\\\/\",\"logo\":{\"@type\":\"ImageObject\",\"inLanguage\":\"it-IT\",\"@id\":\"https:\\\/\\\/www.beauville.com\\\/it\\\/#\\\/schema\\\/logo\\\/image\\\/\",\"url\":\"https:\\\/\\\/www.beauville.com\\\/wp-inside\\\/uploads\\\/2018\\\/10\\\/beauville-logo.png\",\"contentUrl\":\"https:\\\/\\\/www.beauville.com\\\/wp-inside\\\/uploads\\\/2018\\\/10\\\/beauville-logo.png\",\"width\":230,\"height\":90,\"caption\":\"Beauvill\u00e9\"},\"image\":{\"@id\":\"https:\\\/\\\/www.beauville.com\\\/it\\\/#\\\/schema\\\/logo\\\/image\\\/\"},\"sameAs\":[\"https:\\\/\\\/www.facebook.com\\\/beauville.createur\",\"https:\\\/\\\/www.instagram.com\\\/beauville.createur\\\/\",\"https:\\\/\\\/www.pinterest.fr\\\/beauvillecreateur\\\/_created\\\/\",\"https:\\\/\\\/www.youtube.com\\\/channel\\\/UCN1DiK6SUHdildYkanOBeeA\"]},{\"@type\":\"Person\",\"@id\":\"https:\\\/\\\/www.beauville.com\\\/it\\\/#\\\/schema\\\/person\\\/ad0fa64b93a81bc4df4f8d1fb221a594\",\"name\":\"beauville-wp\",\"image\":{\"@type\":\"ImageObject\",\"inLanguage\":\"it-IT\",\"@id\":\"https:\\\/\\\/secure.gravatar.com\\\/avatar\\\/ccfc9cd9974f3b2f4684fd5d1c0698785ab3815db27e5b9be74337ccd429086e?s=96&d=mm&r=g\",\"url\":\"https:\\\/\\\/secure.gravatar.com\\\/avatar\\\/ccfc9cd9974f3b2f4684fd5d1c0698785ab3815db27e5b9be74337ccd429086e?s=96&d=mm&r=g\",\"contentUrl\":\"https:\\\/\\\/secure.gravatar.com\\\/avatar\\\/ccfc9cd9974f3b2f4684fd5d1c0698785ab3815db27e5b9be74337ccd429086e?s=96&d=mm&r=g\",\"caption\":\"beauville-wp\"}}]}<\/script>\n<!-- \/ Yoast SEO plugin. -->","yoast_head_json":{"title":"Collezione Primavera-Estate 2026 | Tovaglie di lusso Beauvill\u00e9","description":"Scopri la collezione Primavera-Estate 2026 Beauvill\u00e9: tovaglie eleganti, biancheria da tavola di lusso prodotta in Francia e nuovi strofinacci calendario 2027.","robots":{"index":"index","follow":"follow","max-snippet":"max-snippet:-1","max-image-preview":"max-image-preview:large","max-video-preview":"max-video-preview:-1"},"canonical":"https:\/\/www.beauville.com\/it\/blog\/collezione-primavera-estate-2026-tovaglie-di-lusso-beauville\/","og_locale":"it_IT","og_type":"article","og_title":"Collezione Primavera-Estate 2026 | Tovaglie di lusso Beauvill\u00e9","og_description":"Scopri la collezione Primavera-Estate 2026 Beauvill\u00e9: tovaglie eleganti, biancheria da tavola di lusso prodotta in Francia e nuovi strofinacci calendario 2027.","og_url":"https:\/\/www.beauville.com\/it\/blog\/collezione-primavera-estate-2026-tovaglie-di-lusso-beauville\/","og_site_name":"Beauvill\u00e9","article_publisher":"https:\/\/www.facebook.com\/beauville.createur","article_published_time":"2026-03-11T09:20:04+00:00","article_modified_time":"2026-03-11T12:49:25+00:00","og_image":[{"width":1640,"height":924,"url":"https:\/\/www.beauville.com\/wp-inside\/uploads\/2026\/03\/banniere-facebook.jpg","type":"image\/jpeg"}],"author":"beauville-wp","twitter_card":"summary_large_image","twitter_misc":{"Scritto da":"beauville-wp","Tempo di lettura stimato":"3 minuti"},"schema":{"@context":"https:\/\/schema.org","@graph":[{"@type":"Article","@id":"https:\/\/www.beauville.com\/it\/blog\/collezione-primavera-estate-2026-tovaglie-di-lusso-beauville\/#article","isPartOf":{"@id":"https:\/\/www.beauville.com\/it\/blog\/collezione-primavera-estate-2026-tovaglie-di-lusso-beauville\/"},"author":{"name":"beauville-wp","@id":"https:\/\/www.beauville.com\/it\/#\/schema\/person\/ad0fa64b93a81bc4df4f8d1fb221a594"},"headline":"Collezione Primavera-Estate 2026 | Tovaglie di lusso Beauvill\u00e9","datePublished":"2026-03-11T09:20:04+00:00","dateModified":"2026-03-11T12:49:25+00:00","mainEntityOfPage":{"@id":"https:\/\/www.beauville.com\/it\/blog\/collezione-primavera-estate-2026-tovaglie-di-lusso-beauville\/"},"wordCount":604,"publisher":{"@id":"https:\/\/www.beauville.com\/it\/#organization"},"image":{"@id":"https:\/\/www.beauville.com\/it\/blog\/collezione-primavera-estate-2026-tovaglie-di-lusso-beauville\/#primaryimage"},"thumbnailUrl":"https:\/\/www.beauville.com\/wp-inside\/uploads\/2026\/03\/banniere-facebook.jpg","articleSection":["Blog","Notizie"],"inLanguage":"it-IT"},{"@type":"WebPage","@id":"https:\/\/www.beauville.com\/it\/blog\/collezione-primavera-estate-2026-tovaglie-di-lusso-beauville\/","url":"https:\/\/www.beauville.com\/it\/blog\/collezione-primavera-estate-2026-tovaglie-di-lusso-beauville\/","name":"Collezione Primavera-Estate 2026 | Tovaglie di lusso Beauvill\u00e9","isPartOf":{"@id":"https:\/\/www.beauville.com\/it\/#website"},"primaryImageOfPage":{"@id":"https:\/\/www.beauville.com\/it\/blog\/collezione-primavera-estate-2026-tovaglie-di-lusso-beauville\/#primaryimage"},"image":{"@id":"https:\/\/www.beauville.com\/it\/blog\/collezione-primavera-estate-2026-tovaglie-di-lusso-beauville\/#primaryimage"},"thumbnailUrl":"https:\/\/www.beauville.com\/wp-inside\/uploads\/2026\/03\/banniere-facebook.jpg","datePublished":"2026-03-11T09:20:04+00:00","dateModified":"2026-03-11T12:49:25+00:00","description":"Scopri la collezione Primavera-Estate 2026 Beauvill\u00e9: tovaglie eleganti, biancheria da tavola di lusso prodotta in Francia e nuovi strofinacci calendario 2027.","breadcrumb":{"@id":"https:\/\/www.beauville.com\/it\/blog\/collezione-primavera-estate-2026-tovaglie-di-lusso-beauville\/#breadcrumb"},"inLanguage":"it-IT","potentialAction":[{"@type":"ReadAction","target":["https:\/\/www.beauville.com\/it\/blog\/collezione-primavera-estate-2026-tovaglie-di-lusso-beauville\/"]}]},{"@type":"ImageObject","inLanguage":"it-IT","@id":"https:\/\/www.beauville.com\/it\/blog\/collezione-primavera-estate-2026-tovaglie-di-lusso-beauville\/#primaryimage","url":"https:\/\/www.beauville.com\/wp-inside\/uploads\/2026\/03\/banniere-facebook.jpg","contentUrl":"https:\/\/www.beauville.com\/wp-inside\/uploads\/2026\/03\/banniere-facebook.jpg","width":1640,"height":924},{"@type":"BreadcrumbList","@id":"https:\/\/www.beauville.com\/it\/blog\/collezione-primavera-estate-2026-tovaglie-di-lusso-beauville\/#breadcrumb","itemListElement":[{"@type":"ListItem","position":1,"name":"Home","item":"https:\/\/www.beauville.com\/it\/"},{"@type":"ListItem","position":2,"name":"Blog","item":"https:\/\/www.beauville.com\/it\/blog\/"},{"@type":"ListItem","position":3,"name":"Collezione Primavera-Estate 2026 | Tovaglie di lusso Beauvill\u00e9"}]},{"@type":"WebSite","@id":"https:\/\/www.beauville.com\/it\/#website","url":"https:\/\/www.beauville.com\/it\/","name":"Beauvill\u00e9","description":"Creator by tradition","publisher":{"@id":"https:\/\/www.beauville.com\/it\/#organization"},"potentialAction":[{"@type":"SearchAction","target":{"@type":"EntryPoint","urlTemplate":"https:\/\/www.beauville.com\/it\/?s={search_term_string}"},"query-input":{"@type":"PropertyValueSpecification","valueRequired":true,"valueName":"search_term_string"}}],"inLanguage":"it-IT"},{"@type":"Organization","@id":"https:\/\/www.beauville.com\/it\/#organization","name":"Beauvill\u00e9","url":"https:\/\/www.beauville.com\/it\/","logo":{"@type":"ImageObject","inLanguage":"it-IT","@id":"https:\/\/www.beauville.com\/it\/#\/schema\/logo\/image\/","url":"https:\/\/www.beauville.com\/wp-inside\/uploads\/2018\/10\/beauville-logo.png","contentUrl":"https:\/\/www.beauville.com\/wp-inside\/uploads\/2018\/10\/beauville-logo.png","width":230,"height":90,"caption":"Beauvill\u00e9"},"image":{"@id":"https:\/\/www.beauville.com\/it\/#\/schema\/logo\/image\/"},"sameAs":["https:\/\/www.facebook.com\/beauville.createur","https:\/\/www.instagram.com\/beauville.createur\/","https:\/\/www.pinterest.fr\/beauvillecreateur\/_created\/","https:\/\/www.youtube.com\/channel\/UCN1DiK6SUHdildYkanOBeeA"]},{"@type":"Person","@id":"https:\/\/www.beauville.com\/it\/#\/schema\/person\/ad0fa64b93a81bc4df4f8d1fb221a594","name":"beauville-wp","image":{"@type":"ImageObject","inLanguage":"it-IT","@id":"https:\/\/secure.gravatar.com\/avatar\/ccfc9cd9974f3b2f4684fd5d1c0698785ab3815db27e5b9be74337ccd429086e?s=96&d=mm&r=g","url":"https:\/\/secure.gravatar.com\/avatar\/ccfc9cd9974f3b2f4684fd5d1c0698785ab3815db27e5b9be74337ccd429086e?s=96&d=mm&r=g","contentUrl":"https:\/\/secure.gravatar.com\/avatar\/ccfc9cd9974f3b2f4684fd5d1c0698785ab3815db27e5b9be74337ccd429086e?s=96&d=mm&r=g","caption":"beauville-wp"}}]}},"_links":{"self":[{"href":"https:\/\/www.beauville.com\/it\/wp-json\/wp\/v2\/posts\/43864","targetHints":{"allow":["GET"]}}],"collection":[{"href":"https:\/\/www.beauville.com\/it\/wp-json\/wp\/v2\/posts"}],"about":[{"href":"https:\/\/www.beauville.com\/it\/wp-json\/wp\/v2\/types\/post"}],"author":[{"embeddable":true,"href":"https:\/\/www.beauville.com\/it\/wp-json\/wp\/v2\/users\/2"}],"replies":[{"embeddable":true,"href":"https:\/\/www.beauville.com\/it\/wp-json\/wp\/v2\/comments?post=43864"}],"version-history":[{"count":2,"href":"https:\/\/www.beauville.com\/it\/wp-json\/wp\/v2\/posts\/43864\/revisions"}],"predecessor-version":[{"id":43871,"href":"https:\/\/www.beauville.com\/it\/wp-json\/wp\/v2\/posts\/43864\/revisions\/43871"}],"wp:featuredmedia":[{"embeddable":true,"href":"https:\/\/www.beauville.com\/it\/wp-json\/wp\/v2\/media\/43827"}],"wp:attachment":[{"href":"https:\/\/www.beauville.com\/it\/wp-json\/wp\/v2\/media?parent=43864"}],"wp:term":[{"taxonomy":"category","embeddable":true,"href":"https:\/\/www.beauville.com\/it\/wp-json\/wp\/v2\/categories?post=43864"},{"taxonomy":"post_tag","embeddable":true,"href":"https:\/\/www.beauville.com\/it\/wp-json\/wp\/v2\/tags?post=43864"}],"curies":[{"name":"wp","href":"https:\/\/api.w.org\/{rel}","templated":true}]}}